{"id":100,"date":"2009-03-26T21:41:52","date_gmt":"2009-03-26T21:41:52","guid":{"rendered":"http:\/\/bezprawie.pl\/?p=100"},"modified":"2010-07-26T21:44:40","modified_gmt":"2010-07-26T21:44:40","slug":"naklo-policjanci-pobili-czlowieka-i-poniesli-zasluzona-kare","status":"publish","type":"post","link":"https:\/\/www.bezprawie.pl\/?p=100","title":{"rendered":"Nak\u0142o: Policjanci pobili cz\u0142owieka i ponie\u015bli zas\u0142u\u017con\u0105 kar\u0119"},"content":{"rendered":"<p>Trzej nakielscy policjanci, z kt\u00f3rych jeden pobi\u0142 Krystiana R. w komendzie, a dwaj jego koledzy na s\u0142u\u017cbie pozwolili mu na to, zostali wyrzuceni z pracy.<\/p>\n<p>M\u0142. asp. Maciej S., st. sier\u017c. Krzysztof B. i posterunkowy Robert K. nie s\u0105 ju\u017c policjantami. Najstarszy ma 30 lat i 8 lat s\u0142u\u017cby, najm\u0142odszy 23 lata i niespe\u0142na 2 lata pracy w policji. Oficer dy\u017curny m\u0142. asp. Dariusz L. na razie jest tylko zawieszony w czynno\u015bciach. Poinformowa\u0142a nas wczoraj o tym podkom. Monika Chlebicz, rzecznik prasowy komendanta wojew\u00f3dzkiego. &#8211; Zostali zwolnieni ze s\u0142u\u017cby z uwagi na oczywisto\u015b\u0107 pope\u0142nienia czyn\u00f3w nosz\u0105cych znamiona przest\u0119pstw &#8211; doda\u0142a.<\/p>\n<p>Przypomnijmy, \u017ce Maciej S. w klubie Q10 uderzy\u0142 Krystiana R., a kiedy ten mu odda\u0142, pobi\u0142 go w komendzie, dok\u0105d przywi\u00f3z\u0142 ich wezwany przez obs\u0142ug\u0119 klubu radiow\u00f3z. Mia\u0142 na to przyzwolenie koleg\u00f3w policjant\u00f3w. Decyzja o zwolnieniu 3 str\u00f3\u017c\u00f3w prawa ze s\u0142u\u017cby nie jest prawomocna. Maj\u0105 oni 14 dni na odwo\u0142anie si\u0119 od decyzji komendanta. Wobec oficera dy\u017curnego toczy si\u0119 post\u0119powanie dyscyplinarne.<\/p>\n<p>\u017begna si\u0119 te\u017c z nakielsk\u0105 komend\u0105 inspektor Wojciech Rygiewicz, kt\u00f3ry przez 6 lat by\u0142 tu komendantem powiatowym. Nie ma w ca\u0142ym wojew\u00f3dztwie oficera od niego starszego stopniem. Rygiewicz z\u0142o\u017cy\u0142 raport o zwolnienie, kt\u00f3ry zosta\u0142 przyj\u0119ty.<\/p>\n<p>Gazeta Pomorska<\/p>\n","protected":false},"excerpt":{"rendered":"<p>Trzej nakielscy policjanci, z kt\u00f3rych jeden pobi\u0142 Krystiana R. w komendzie, a dwaj jego koledzy na s\u0142u\u017cbie pozwolili mu na to, zostali wyrzuceni z pracy. M\u0142. asp. Maciej S., st. sier\u017c. Krzysztof B. i posterunkowy Robert K. nie s\u0105 ju\u017c &hellip; <a href=\"https:\/\/www.bezprawie.pl\/?p=100\">Czytaj dalej <span class=\"meta-nav\">&rarr;<\/span><\/a><\/p>\n","protected":false},"author":1,"featured_media":0,"comment_status":"open","ping_status":"open","sticky":false,"template":"","format":"standard","meta":{"footnotes":""},"categories":[44],"tags":[19,16],"class_list":["post-100","post","type-post","status-publish","format-standard","hentry","category-naklo","tag-pobicie","tag-policja"],"_links":{"self":[{"href":"https:\/\/www.bezprawie.pl\/index.php?rest_route=\/wp\/v2\/posts\/100","targetHints":{"allow":["GET"]}}],"collection":[{"href":"https:\/\/www.bezprawie.pl\/index.php?rest_route=\/wp\/v2\/posts"}],"about":[{"href":"https:\/\/www.bezprawie.pl\/index.php?rest_route=\/wp\/v2\/types\/post"}],"author":[{"embeddable":true,"href":"https:\/\/www.bezprawie.pl\/index.php?rest_route=\/wp\/v2\/users\/1"}],"replies":[{"embeddable":true,"href":"https:\/\/www.bezprawie.pl\/index.php?rest_route=%2Fwp%2Fv2%2Fcomments&post=100"}],"version-history":[{"count":1,"href":"https:\/\/www.bezprawie.pl\/index.php?rest_route=\/wp\/v2\/posts\/100\/revisions"}],"predecessor-version":[{"id":101,"href":"https:\/\/www.bezprawie.pl\/index.php?rest_route=\/wp\/v2\/posts\/100\/revisions\/101"}],"wp:attachment":[{"href":"https:\/\/www.bezprawie.pl\/index.php?rest_route=%2Fwp%2Fv2%2Fmedia&parent=100"}],"wp:term":[{"taxonomy":"category","embeddable":true,"href":"https:\/\/www.bezprawie.pl\/index.php?rest_route=%2Fwp%2Fv2%2Fcategories&post=100"},{"taxonomy":"post_tag","embeddable":true,"href":"https:\/\/www.bezprawie.pl\/index.php?rest_route=%2Fwp%2Fv2%2Ftags&post=100"}],"curies":[{"name":"wp","href":"https:\/\/api.w.org\/{rel}","templated":true}]}}