{"id":113,"date":"2010-07-02T11:12:30","date_gmt":"2010-07-02T11:12:30","guid":{"rendered":"http:\/\/bezprawie.pl\/?p=113"},"modified":"2010-08-01T11:15:14","modified_gmt":"2010-08-01T11:15:14","slug":"rzeszow-agenci-euco-trafia-do-aresztu-sledczy-o-tym-mysla","status":"publish","type":"post","link":"https:\/\/www.bezprawie.pl\/?p=113","title":{"rendered":"Rzesz\u00f3w: Agenci EuCO trafi\u0105 do aresztu? \u015aledczy o tym my\u015bl\u0105."},"content":{"rendered":"<p> &#8211; Bo wynika z niej, \u017ce dw\u00f3ch agent\u00f3w pracuje, mimo zakazu prowadzenia dzia\u0142alno\u015bci gospodarczej &#8211; m\u00f3wi nam Damian Mirecki, szef Wydzia\u0142u Przest\u0119pczo\u015bci Zorganizowanej i Korupcji Prokuratury Apelacyjnej w Rzeszowie.<\/p>\n<p>Chodzi o \u0141ukasza W. i Urszul\u0119 S. ze Stalowej Woli. Oboje s\u0105 agentami Europejskiego Centrum Odszkodowa\u0144 z Legnicy. To pot\u0119\u017cna kancelaria, kt\u00f3ra w imieniu ofiar wypadk\u00f3w walczy dla nich o odszkodowania od towarzystw ubezpieczeniowych. Poszkodowani musz\u0105 odda\u0107 kancelarii nawet 40 proc. odszkodowania. Ofiary cz\u0119sto podpisuj\u0105 umowy z EuCO nie\u015bwiadomie, gdy s\u0105 w szpitalu.<\/p>\n<p>Agenci kancelarii s\u0105 podejrzani o pod\u017ceganie policjant\u00f3w do bezprawnego przekazywania im nazwisk poszkodowanych w wypadkach i kolizjach drogowych. Opr\u00f3cz \u0141ukasza W. i Urszuli S. zarzuty w tej sprawie dosta\u0142o dw\u00f3ch innych agent\u00f3w EuCO i pi\u0119ciu policjant\u00f3w. Prokuratura podejrzewa, \u017ce za ka\u017cd\u0105 informacje o ofierze funkcjonariusze dostawali od 50 do 100 z\u0142.<\/p>\n<p>O ca\u0142ej sprawie pisali\u015bmy w poniedzia\u0142kowej &#8222;Gazecie&#8221;. Jak uda\u0142o nam si\u0119 ustali\u0107, \u0141ukasz W. (by\u0142y policjant) i Urszula S. nadal pracuj\u0105 w EuCO, mimo, \u017ce dostali prokuratorski zakaz prowadzenia dzia\u0142alno\u015bci gospodarczej. Centrala kancelarii r\u00f3wnie\u017c nas zapewnia\u0142a, \u017ce wszyscy jej agenci zostali zawieszeni.<\/p>\n<p>Wszyscy agenci maj\u0105 tak\u017ce zakaz opuszczania kraju. Prokuratura zapowiada, \u017ce zastanowi si\u0119 nad zmian\u0105 \u015brodk\u00f3w zapobiegawczych na surowsze wobec \u0141ukasza W. i Urszuli S. On wyszed\u0142 na wolno\u015b\u0107 za por\u0119czeniem maj\u0105tkowym w wysoko\u015bci 15 tys. z\u0142, a ona musia\u0142a wp\u0142aci\u0107 20 tys. z\u0142.<\/p>\n<p>&#8211; Nie wykluczamy, \u017ce wyst\u0105pimy o tymczasowy areszt wobec agent\u00f3w. Zakaz pracy mia\u0142 odci\u0105gn\u0105\u0107 ich od ewentualnych kontakt\u00f3w z osobami, dla kt\u00f3rych wy\u0142udzono odszkodowania. Istnieje obawa, \u017ce mog\u0105 si\u0119 z nimi kontaktowa\u0107 &#8211; twierdzi prokurator Mirecki.<\/p>\n<p>Na razie wszyscy agenci z\u0142o\u017cyli za\u017calenia na dotychczasowe \u015brodki zapobiegawcze. S\u0105d rozpatrzy je w najbli\u017cszy czwartek. &#8211; Na posiedzeniu powo\u0142amy si\u0119 na artyku\u0142 &#8222;Gazety&#8221;, \u017ce zawieszeni agenci, mimo zakazu, pracuj\u0105. Sami r\u00f3wnie\u017c b\u0119dziemy to sprawdza\u0107 &#8211; zapewnia Mirecki.<\/p>\n<p>EuCO pytane przez nas, dlaczego ich agenci nadal pracuj\u0105, odpowiada: &#8211; Wspomniane osoby s\u0105 zawieszone w czynno\u015bciach agent\u00f3w. Maj\u0105 zakaz kontakt\u00f3w z klientami i nie mog\u0105 podpisywa\u0107 um\u00f3w &#8211; zapewnia Damian Kura\u015b, rzecznik EuCO.<\/p>\n<p>I poprosi\u0142 &#8222;Gazet\u0119&#8221; o przekazane nagranej przez nas rozmowy z S. &#8211; Je\u017celi nagranie potwierdzi, \u017ce Urszula S. z\u0142ama\u0142a postanowienia Kodeksu Etycznego, zostan\u0105 wobec niej podj\u0119te odpowiednie kroki. Zarz\u0105d EuCO nakazuje swoim pracownikom bezwzgl\u0119dne przestrzeganie kodeksu pod rygorem usuni\u0119cia z firmy &#8211; napisa\u0142 rzecznik.<\/p>\n<p>Czy bez udost\u0119pnienia nagrania, ECO konsekwencji nie wyci\u0105gnie? Tego kancelaria nam ju\u017c nie wyja\u015bnia.<\/p>\n<p>\u0179r\u00f3d\u0142o: Gazeta Wyborcza Rzesz\u00f3w<\/p>\n","protected":false},"excerpt":{"rendered":"<p>&#8211; Bo wynika z niej, \u017ce dw\u00f3ch agent\u00f3w pracuje, mimo zakazu prowadzenia dzia\u0142alno\u015bci gospodarczej &#8211; m\u00f3wi nam Damian Mirecki, szef Wydzia\u0142u Przest\u0119pczo\u015bci Zorganizowanej i Korupcji Prokuratury Apelacyjnej w Rzeszowie. Chodzi o \u0141ukasza W. i Urszul\u0119 S. ze Stalowej Woli. Oboje &hellip; <a href=\"https:\/\/www.bezprawie.pl\/?p=113\">Czytaj dalej <span class=\"meta-nav\">&rarr;<\/span><\/a><\/p>\n","protected":false},"author":1,"featured_media":0,"comment_status":"open","ping_status":"open","sticky":false,"template":"","format":"standard","meta":{"footnotes":""},"categories":[33,52],"tags":[49,51,28,29,16,50],"class_list":["post-113","post","type-post","status-publish","format-standard","hentry","category-rzeszow","category-stalowawola","tag-euco","tag-gfi","tag-korupcja","tag-lapowka","tag-policja","tag-votum"],"_links":{"self":[{"href":"https:\/\/www.bezprawie.pl\/index.php?rest_route=\/wp\/v2\/posts\/113","targetHints":{"allow":["GET"]}}],"collection":[{"href":"https:\/\/www.bezprawie.pl\/index.php?rest_route=\/wp\/v2\/posts"}],"about":[{"href":"https:\/\/www.bezprawie.pl\/index.php?rest_route=\/wp\/v2\/types\/post"}],"author":[{"embeddable":true,"href":"https:\/\/www.bezprawie.pl\/index.php?rest_route=\/wp\/v2\/users\/1"}],"replies":[{"embeddable":true,"href":"https:\/\/www.bezprawie.pl\/index.php?rest_route=%2Fwp%2Fv2%2Fcomments&post=113"}],"version-history":[{"count":3,"href":"https:\/\/www.bezprawie.pl\/index.php?rest_route=\/wp\/v2\/posts\/113\/revisions"}],"predecessor-version":[{"id":116,"href":"https:\/\/www.bezprawie.pl\/index.php?rest_route=\/wp\/v2\/posts\/113\/revisions\/116"}],"wp:attachment":[{"href":"https:\/\/www.bezprawie.pl\/index.php?rest_route=%2Fwp%2Fv2%2Fmedia&parent=113"}],"wp:term":[{"taxonomy":"category","embeddable":true,"href":"https:\/\/www.bezprawie.pl\/index.php?rest_route=%2Fwp%2Fv2%2Fcategories&post=113"},{"taxonomy":"post_tag","embeddable":true,"href":"https:\/\/www.bezprawie.pl\/index.php?rest_route=%2Fwp%2Fv2%2Ftags&post=113"}],"curies":[{"name":"wp","href":"https:\/\/api.w.org\/{rel}","templated":true}]}}