{"id":123,"date":"2010-08-02T20:48:11","date_gmt":"2010-08-02T20:48:11","guid":{"rendered":"http:\/\/bezprawie.pl\/?p=123"},"modified":"2010-08-02T20:48:11","modified_gmt":"2010-08-02T20:48:11","slug":"opole-as-opolskiej-policji-skazany-za-bicie-podczas-przesluchan","status":"publish","type":"post","link":"https:\/\/www.bezprawie.pl\/?p=123","title":{"rendered":"Opole: As opolskiej policji skazany za bicie podczas przes\u0142ucha\u0144"},"content":{"rendered":"<p>Tomasz J., kiedy\u015b uwa\u017cany za jednego z najlepszych w swoim fachu, zosta\u0142 dzi\u015b skazany nieprawomocnie na dwa lata wi\u0119zienia. Prokuratura zarzuca\u0142a mu m.in. wymuszanie zezna\u0144 biciem, pr\u00f3b\u0119 gwa\u0142tu i przekraczanie uprawnie\u0144. <\/p>\n<p>Proces policjanta toczy\u0142 si\u0119 przed s\u0105dem od 4 lat. 39-letni dzi\u015b J. pracowa\u0142 w policji od 1998 roku, w sekcji kryminalnej od 2003 r. Uwa\u017canemu dot\u0105d za jednego z najlepszych w swoim fachu. Wg prokuratury pierwsze przest\u0119pstwa mia\u0142 pope\u0142ni\u0107 ju\u017c po dw\u00f3ch miesi\u0105cach pracy. Chodzi g\u0142\u00f3wnie o pobicia podczas przes\u0142ucha\u0144 i wymuszanie zezna\u0144 na osobach zatrzymanych.<\/p>\n<p>Prokuratura nie chcia\u0142a ujawni\u0107 szczeg\u00f3\u0142\u00f3w aktu oskar\u017cenia m.in. ze wzgl\u0119du na drastyczno\u015b\u0107 opis\u00f3w. Proces r\u00f3wnie\u017c toczy\u0142 si\u0119 za zamkni\u0119tymi drzwiami.<\/p>\n<p>\u0179r\u00f3d\u0142o: Gazeta Wyborcza Opole<\/p>\n","protected":false},"excerpt":{"rendered":"<p>Tomasz J., kiedy\u015b uwa\u017cany za jednego z najlepszych w swoim fachu, zosta\u0142 dzi\u015b skazany nieprawomocnie na dwa lata wi\u0119zienia. Prokuratura zarzuca\u0142a mu m.in. wymuszanie zezna\u0144 biciem, pr\u00f3b\u0119 gwa\u0142tu i przekraczanie uprawnie\u0144. Proces policjanta toczy\u0142 si\u0119 przed s\u0105dem od 4 lat. &hellip; <a href=\"https:\/\/www.bezprawie.pl\/?p=123\">Czytaj dalej <span class=\"meta-nav\">&rarr;<\/span><\/a><\/p>\n","protected":false},"author":1,"featured_media":0,"comment_status":"open","ping_status":"open","sticky":false,"template":"","format":"standard","meta":{"footnotes":""},"categories":[10],"tags":[19,16],"class_list":["post-123","post","type-post","status-publish","format-standard","hentry","category-opole","tag-pobicie","tag-policja"],"_links":{"self":[{"href":"https:\/\/www.bezprawie.pl\/index.php?rest_route=\/wp\/v2\/posts\/123","targetHints":{"allow":["GET"]}}],"collection":[{"href":"https:\/\/www.bezprawie.pl\/index.php?rest_route=\/wp\/v2\/posts"}],"about":[{"href":"https:\/\/www.bezprawie.pl\/index.php?rest_route=\/wp\/v2\/types\/post"}],"author":[{"embeddable":true,"href":"https:\/\/www.bezprawie.pl\/index.php?rest_route=\/wp\/v2\/users\/1"}],"replies":[{"embeddable":true,"href":"https:\/\/www.bezprawie.pl\/index.php?rest_route=%2Fwp%2Fv2%2Fcomments&post=123"}],"version-history":[{"count":1,"href":"https:\/\/www.bezprawie.pl\/index.php?rest_route=\/wp\/v2\/posts\/123\/revisions"}],"predecessor-version":[{"id":124,"href":"https:\/\/www.bezprawie.pl\/index.php?rest_route=\/wp\/v2\/posts\/123\/revisions\/124"}],"wp:attachment":[{"href":"https:\/\/www.bezprawie.pl\/index.php?rest_route=%2Fwp%2Fv2%2Fmedia&parent=123"}],"wp:term":[{"taxonomy":"category","embeddable":true,"href":"https:\/\/www.bezprawie.pl\/index.php?rest_route=%2Fwp%2Fv2%2Fcategories&post=123"},{"taxonomy":"post_tag","embeddable":true,"href":"https:\/\/www.bezprawie.pl\/index.php?rest_route=%2Fwp%2Fv2%2Ftags&post=123"}],"curies":[{"name":"wp","href":"https:\/\/api.w.org\/{rel}","templated":true}]}}