{"id":128,"date":"2010-08-07T11:46:15","date_gmt":"2010-08-07T11:46:15","guid":{"rendered":"http:\/\/bezprawie.pl\/?p=128"},"modified":"2010-08-07T11:46:15","modified_gmt":"2010-08-07T11:46:15","slug":"bedzin-biznesmen-zlapany-na-radar-kloci-sie-o-zapalniczke","status":"publish","type":"post","link":"https:\/\/www.bezprawie.pl\/?p=128","title":{"rendered":"B\u0119dzin: Biznesmen z\u0142apany na radar k\u0142\u00f3ci si\u0119 o&#8230; zapalniczk\u0119"},"content":{"rendered":"<p>Biznesmen oskar\u017cony o wy\u0142udzenie ponad 300 mln z\u0142 nie chce zap\u0142aci\u0107 300 z\u0142 mandatu za przekroczenie pr\u0119dko\u015bci. S\u0105dy zajmuj\u0105 si\u0119 spraw\u0105 od siedmiu miesi\u0119cy, a posz\u0142o o&#8230; zapalniczk\u0119.<\/p>\n<p>Policjanci z B\u0119dzina w grudniu zesz\u0142ego roku zatrzymali na drodze luksusowego mercedesa. Radar pokaza\u0142, \u017ce kierowca przekroczy\u0142 pr\u0119dko\u015b\u0107 o 41 km\/godz. Za to wykroczenie grozi mandat w wysoko\u015bci 300 z\u0142 oraz osiem punkt\u00f3w karnych.<\/p>\n<p>Kierowca poprosi\u0142 jednak policjant\u00f3w o pokazanie legalizacji radaru. Kiedy j\u0105 otrzyma\u0142, zacz\u0105\u0142 si\u0119 domaga\u0107 legalizacji zapalniczki, do kt\u00f3rej radar by\u0142 podpi\u0119ty. Zdumieni policjanci stwierdzili, \u017ce nie maj\u0105 takiego dokumentu, bo nie ma obowi\u0105zku legalizacji takich urz\u0105dze\u0144. W tej sytuacji kierowca oznajmi\u0142, \u017ce mandatu nie zap\u0142aci. Stwierdzi\u0142, \u017ce ma w aucie CB, du\u017co wcze\u015bniej zosta\u0142 ostrze\u017cony o obecno\u015bci patrolu i na pewno jecha\u0142 przepisowo.<\/p>\n<p>Nie by\u0142oby w tej historii nic dziwnego, gdyby nie kierowca. To J\u00f3zef J., by\u0142y szef Colloseum, oskar\u017cony o wy\u0142udzenie ponad 300 mln z\u0142 z pa\u0144stwowych firm elektroenergetycznych. W 2002 r. wyjecha\u0142 z kraju i zacz\u0105\u0142 si\u0119 ukrywa\u0107. \u015acigany przez CB\u015a, ABW oraz Interpol zosta\u0142 zatrzymany w Izraelu. Po deportacji trafi\u0142 do aresztu w Katowicach. Opu\u015bci\u0142 go w grudniu 2007 r. po wp\u0142aceniu rekordowej kaucji w wysoko\u015bci 3 mln z\u0142. Pieni\u0105dze przes\u0142a\u0142a 80-letnia Amerykanka. J\u00f3zef J. odpowiada teraz przed s\u0105dem z wolnej stopy.<\/p>\n<p>Na drodze w B\u0119dzinie J\u00f3zef J. przedstawi\u0142 si\u0119 policjantom jako prezes Luksemburskiej Fundacji Praw Cz\u0142owieka [sam j\u0105 za\u0142o\u017cy\u0142, organizacja ma sta\u0107 na stra\u017cy praworz\u0105dno\u015bci &#8211; przyp. red.].<\/p>\n<p>Podczas pierwszego posiedzenia, kt\u00f3re odby\u0142o si\u0119 w trybie nakazowym, bez obecno\u015bci obwinionego, wy\u0142\u0105cznie na podstawie materia\u0142\u00f3w policji, s\u0105d skaza\u0142 J\u00f3zefa J. na 400 z\u0142 grzywny. Biznesmen odwo\u0142a\u0142 si\u0119 od tego wyroku. S\u0105d ponownie rozpozna\u0142 spraw\u0119 i ponownie go skaza\u0142, tym razem na 300 z\u0142 grzywny oraz 130 z\u0142 koszt\u00f3w procesu. Biznesmen zn\u00f3w si\u0119 odwo\u0142a\u0142. W apelacji zarzuci\u0142 s\u0105dowi b\u0142\u0105d w ustaleniach faktycznych. Jego zdaniem pomiar pr\u0119dko\u015bci by\u0142 przeprowadzony w spos\u00f3b wadliwy, poniewa\u017c &#8222;warunkiem prawid\u0142owego dzia\u0142ania radaru jest pod\u0142\u0105czenie go do zasilania spe\u0142niaj\u0105cego wymogi przewidziane przez producenta&#8221;. Skoro wi\u0119c policja nie mia\u0142a legalizacji zapalniczki, J\u00f3zef J. domaga si\u0119 uniewinnienia.<\/p>\n<p>&#8211; S\u0105d po raz kolejny zajmie si\u0119 t\u0105 spraw\u0105 8 wrze\u015bnia &#8211; m\u00f3wi s\u0119dzia Jacek Krawczyk z S\u0105du Okr\u0119gowego w Katowicach.<\/p>\n<p>Wed\u0142ug nadkomisarza W\u0142odzimierza Mogi\u0142y z wydzia\u0142u ruchu drogowego komendy wojew\u00f3dzkiej w Katowicach to tylko strata czasu i pieni\u0119dzy podatnik\u00f3w. Przepisy m\u00f3wi\u0105 wyra\u017anie, \u017ce legalizacj\u0119 Urz\u0119du Miar i Jako\u015bci musi mie\u0107 tylko radar, a \u017ar\u00f3d\u0142o zasilania nie ma \u017cadnego wp\u0142ywu na wynik dokonywanego pomiaru. &#8211; R\u00f3wnie dobrze mo\u017cna by domaga\u0107 si\u0119 legalizacji akumulatora, z kt\u00f3rego czerpane jest zasilanie, czy alternatora, kt\u00f3ry wytwarza pr\u0105d w aucie &#8211; m\u00f3wi Mogi\u0142a.<\/p>\n<p>J\u00f3zef J. twierdzi, \u017ce anga\u017cuje w spraw\u0119 mandatu wymiar sprawiedliwo\u015bci, bo nie czuje si\u0119 winny. &#8211; Jak jad\u0119 za szybko, to p\u0142ac\u0119 mandaty. Jednak w tym przypadku nie mam pewno\u015bci, \u017ce wynik pomiaru, kt\u00f3ry mi pokazano, zrobiono na moim samochodzie &#8211; m\u00f3wi by\u0142y szef Colloseum. Zapewnia jednak, \u017ce je\u015bli przegra proces, zap\u0142aci mandat.<\/p>\n<p>\u0179r\u00f3d\u0142o: Gazeta Wyborcza Katowice<\/p>\n","protected":false},"excerpt":{"rendered":"<p>Biznesmen oskar\u017cony o wy\u0142udzenie ponad 300 mln z\u0142 nie chce zap\u0142aci\u0107 300 z\u0142 mandatu za przekroczenie pr\u0119dko\u015bci. S\u0105dy zajmuj\u0105 si\u0119 spraw\u0105 od siedmiu miesi\u0119cy, a posz\u0142o o&#8230; zapalniczk\u0119. Policjanci z B\u0119dzina w grudniu zesz\u0142ego roku zatrzymali na drodze luksusowego mercedesa. &hellip; <a href=\"https:\/\/www.bezprawie.pl\/?p=128\">Czytaj dalej <span class=\"meta-nav\">&rarr;<\/span><\/a><\/p>\n","protected":false},"author":1,"featured_media":0,"comment_status":"open","ping_status":"open","sticky":false,"template":"","format":"standard","meta":{"footnotes":""},"categories":[58,57],"tags":[59,16],"class_list":["post-128","post","type-post","status-publish","format-standard","hentry","category-bedzin","category-katowice","tag-mandat","tag-policja"],"_links":{"self":[{"href":"https:\/\/www.bezprawie.pl\/index.php?rest_route=\/wp\/v2\/posts\/128","targetHints":{"allow":["GET"]}}],"collection":[{"href":"https:\/\/www.bezprawie.pl\/index.php?rest_route=\/wp\/v2\/posts"}],"about":[{"href":"https:\/\/www.bezprawie.pl\/index.php?rest_route=\/wp\/v2\/types\/post"}],"author":[{"embeddable":true,"href":"https:\/\/www.bezprawie.pl\/index.php?rest_route=\/wp\/v2\/users\/1"}],"replies":[{"embeddable":true,"href":"https:\/\/www.bezprawie.pl\/index.php?rest_route=%2Fwp%2Fv2%2Fcomments&post=128"}],"version-history":[{"count":1,"href":"https:\/\/www.bezprawie.pl\/index.php?rest_route=\/wp\/v2\/posts\/128\/revisions"}],"predecessor-version":[{"id":129,"href":"https:\/\/www.bezprawie.pl\/index.php?rest_route=\/wp\/v2\/posts\/128\/revisions\/129"}],"wp:attachment":[{"href":"https:\/\/www.bezprawie.pl\/index.php?rest_route=%2Fwp%2Fv2%2Fmedia&parent=128"}],"wp:term":[{"taxonomy":"category","embeddable":true,"href":"https:\/\/www.bezprawie.pl\/index.php?rest_route=%2Fwp%2Fv2%2Fcategories&post=128"},{"taxonomy":"post_tag","embeddable":true,"href":"https:\/\/www.bezprawie.pl\/index.php?rest_route=%2Fwp%2Fv2%2Ftags&post=128"}],"curies":[{"name":"wp","href":"https:\/\/api.w.org\/{rel}","templated":true}]}}