{"id":130,"date":"2010-06-17T11:54:43","date_gmt":"2010-06-17T11:54:43","guid":{"rendered":"http:\/\/bezprawie.pl\/?p=130"},"modified":"2010-08-07T12:51:11","modified_gmt":"2010-08-07T12:51:11","slug":"konin-obiektyw-policjant-klopoty","status":"publish","type":"post","link":"https:\/\/www.bezprawie.pl\/?p=130","title":{"rendered":"Konin: Obiektyw + policjant = k\u0142opoty"},"content":{"rendered":"<p>Zatrzymanie przez policj\u0119, wizyta na komisariacie i mn\u00f3stwo nerw\u00f3w &#8211; taki koszmar prze\u017cy\u0142 Tomasz Godlewski z Konina. Jak opowiada, chcia\u0142 tylko zrobi\u0107 zdj\u0119cie w\u0142asnego samochodu &#8211; ale policjanci uznali, \u017ce fotografuje ich akcj\u0119. Wtedy zacz\u0119\u0142y si\u0119 problemy. Jak opowiada Tomasz Godlewski, chcia\u0142 tylko zrobi\u0107 zdj\u0119cie reklamy na swoim samochodzie. Pech chcia\u0142 jednak, \u017ce znalaz\u0142 si\u0119 w pobli\u017cu przeprowadzaj\u0105cych akcj\u0119 policjant\u00f3w.<\/p>\n<p>Zdj\u0119cia nie zrobi\u0142, bo odleg\u0142o\u015b\u0107 by\u0142a za du\u017ca. Ale funkcjonariusze uznali, \u017ce m\u0119\u017cczyzna fotografuje w\u0142a\u015bnie ich. I zareagowali. &#8211; Policjant krzycza\u0142, \u017ce mam mu da\u0107 telefon. Podszed\u0142, z\u0142apa\u0142 mnie za ramiona i chcia\u0142 zabra\u0107 mi telefon. Nie pozwoli\u0142em. Zosta\u0142em zatrzymany, wykr\u0119cono mi r\u0119k\u0119 i poprowadzono do radiowozu &#8211; relacjonuje m\u0119\u017cczyzna.<\/p>\n<p>Rozmow\u0119, a raczej pysk\u00f3wk\u0119 z policjantami w radiowozie Godlewski nagra\u0142 telefonem kom\u00f3rkowym.<\/p>\n<p>Na filmie s\u0142ycha\u0107 rozmow\u0119 funkcjonariuszy z zatrzymanym. Wzburzony Godlewski pyta, na jakiej podstawie zosta\u0142 zatrzymany. W odpowiedzi s\u0142yszy tylko pytania: &#8222;Prosz\u0119 pana, a komu pan robi\u0142 zdj\u0119cia?!&#8221;<\/p>\n<p>Kiedy odpowiada, \u017ce fotografowa\u0142 sw\u00f3j samoch\u00f3d, funkcjonariusze chc\u0105 zobaczy\u0107 ostatnie zdj\u0119cie z jego telefonu. Godlewski odmawia. Policjant straszy, \u017ce je\u015bli oka\u017ce si\u0119, \u017ce na zdj\u0119ciu jest radiow\u00f3z to &#8222;za\u0142o\u017cy mu inn\u0105 spraw\u0119&#8221;. Ale nie potrafi poda\u0107 podstawy zatrzymania m\u0119\u017cczyzny.<br \/>\nMec. \u0141ukasz Chojniak<\/p>\n<p>W ko\u0144cu pow\u00f3d si\u0119 znajduje: &#8222;utrudnianie czynno\u015bci s\u0142u\u017cbowych&#8221;. Znajduje si\u0119 te\u017c pow\u00f3d sprawdzenia telefonu &#8211; &#8222;podejrzenie, \u017ce telefon jest kradziony&#8221;.<\/p>\n<p><strong>Zamiast przeprosin &#8211; mandat<\/strong><\/p>\n<p>Godlewski przyznaje, \u017ce do dzisiaj czuje si\u0119 bardzo niekomfortowo. Gdy policjanci go zatrzymali, nie mia\u0142 nawet czasu zamkn\u0105\u0107 swojej firmy. Wszystko zostawi\u0142 otwarte.<\/p>\n<p>&#8211; W ko\u0144cu stwierdzono, \u017ce telefon jest m\u00f3j i \u017cadnych zdj\u0119\u0107 na nim nie ma. Zapyta\u0142em, kto mnie teraz przeprosi, co z moim honorem? &#8211; oburza si\u0119 Godlewski. W odpowiedzi zaproponowano mu&#8230; mandat w wysoko\u015bci 500 z\u0142.<\/p>\n<p>Mandatu oczywi\u015bcie nie przyj\u0105\u0142. Sprawa ma trafi\u0107 do s\u0105du grodzkiego. Na zako\u0144czenie przygody policjanci mieli dla pana Tomasza jeszcze par\u0119 dobrych rad: \u017ceby na przysz\u0142o\u015b\u0107 nie reagowa\u0142 tak nerwowo, bo to znaczy, \u017ce ma co\u015b na sumieniu.<\/p>\n<p>Godlewski z\u0142o\u017cy\u0142 skarg\u0119 na zachowanie do komendanta policji w Koninie. Teraz prowadzone jest post\u0119powanie wyja\u015bniaj\u0105ce.<\/p>\n<p><strong>Prawnicy: zachowanie policjant\u00f3w bezprawne<\/strong><\/p>\n<p>Przedstawiony w sprawie materia\u0142 wskazuje, \u017ce funkcjonariusze mogli przekroczy\u0107 uprawnienia, co jednoznacznie uprawnia do wszcz\u0119cia wobec nich post\u0119powania dyscyplinarnego i to jest oczywiste minimum. Ale r\u00f3wnie\u017c trzeba si\u0119 zastanowi\u0107 nad tym, czy nie dosz\u0142o tutaj do pope\u0142nienia przest\u0119pstwa przekroczenia uprawnie\u0144<br \/>\nMec. \u0141ukasz Chojniak, adwokat<\/p>\n<p>Prawnicy nie maj\u0105 w tej sprawie w\u0105tpliwo\u015bci. &#8211; Ten materia\u0142 jest druzgoc\u0105cy &#8211; ocenia adwokat \u0141ukasz Chojniak. Wed\u0142ug niego, zatrzymanie Godlewskiego by\u0142o nies\u0142uszne, a m\u0119\u017cczyzna powinien domaga\u0107 si\u0119 zado\u015b\u0107uczynienia i odszkodowania. &#8211; Policjanci nie potrafili nawet wyja\u015bni\u0107 podstawy zatrzymania &#8211; komentuje Chojniak. &#8211; Jak wida\u0107, od 89 roku nic si\u0119 nie zmieni\u0142o &#8211; dodaje.<\/p>\n<p>Jak wyja\u015bnia, przypadkowe nagranie policjanta podczas wykonywania czynno\u015bci s\u0142u\u017cbowych nie jest naruszeniem prawa. &#8211; To po stronie policji le\u017cy zabezpieczenie poufno\u015bci, je\u015bli funkcjonariusze nie chc\u0105, by kto\u015b by\u0142 \u015bwiadkiem. Ale je\u015bli spotykam policjanta b\u0119d\u0105cego w terenie i robi\u0119 mu zdj\u0119cie, to nie naruszam \u017cadnego przepisu &#8211; dodaje.<\/p>\n<p>&#8211; Przedstawiony w sprawie materia\u0142 wskazuje, \u017ce funkcjonariusze mogli przekroczy\u0107 uprawnienia, co jednoznacznie uprawnia do wszcz\u0119cia wobec nich post\u0119powania dyscyplinarnego i to jest oczywiste minimum. Ale r\u00f3wnie\u017c trzeba si\u0119 zastanowi\u0107 nad tym, czy nie dosz\u0142o tutaj do pope\u0142nienia przest\u0119pstwa przekroczenia uprawnie\u0144 &#8211; twierdzi adwokat.<\/p>\n<p><object width=\"425\" height=\"264\"><param name=\"movie\" value=\"http:\/\/www.youtube.com\/v\/tWGcUbY8CJ0&amp;hl=pl_PL&amp;fs=1\"><\/param><param name=\"allowFullScreen\" value=\"true\"><\/param><param name=\"allowscriptaccess\" value=\"always\"><\/param><embed src=\"http:\/\/www.youtube.com\/v\/tWGcUbY8CJ0&amp;hl=pl_PL&amp;fs=1\" type=\"application\/x-shockwave-flash\" allowscriptaccess=\"always\" allowfullscreen=\"true\" width=\"425\" height=\"264\"><\/embed><\/object><\/p>\n<p>jk\/sk<br \/>\nPublikacja: 18:30 16.06.2010 \/ TVN24 <\/p>\n","protected":false},"excerpt":{"rendered":"<p>Zatrzymanie przez policj\u0119, wizyta na komisariacie i mn\u00f3stwo nerw\u00f3w &#8211; taki koszmar prze\u017cy\u0142 Tomasz Godlewski z Konina. Jak opowiada, chcia\u0142 tylko zrobi\u0107 zdj\u0119cie w\u0142asnego samochodu &#8211; ale policjanci uznali, \u017ce fotografuje ich akcj\u0119. Wtedy zacz\u0119\u0142y si\u0119 problemy. Jak opowiada Tomasz &hellip; <a href=\"https:\/\/www.bezprawie.pl\/?p=130\">Czytaj dalej <span class=\"meta-nav\">&rarr;<\/span><\/a><\/p>\n","protected":false},"author":1,"featured_media":0,"comment_status":"open","ping_status":"open","sticky":false,"template":"","format":"standard","meta":{"footnotes":""},"categories":[1,60],"tags":[16,62],"class_list":["post-130","post","type-post","status-publish","format-standard","hentry","category-bez-kategorii","category-konin","tag-policja","tag-zatrzymanie"],"_links":{"self":[{"href":"https:\/\/www.bezprawie.pl\/index.php?rest_route=\/wp\/v2\/posts\/130","targetHints":{"allow":["GET"]}}],"collection":[{"href":"https:\/\/www.bezprawie.pl\/index.php?rest_route=\/wp\/v2\/posts"}],"about":[{"href":"https:\/\/www.bezprawie.pl\/index.php?rest_route=\/wp\/v2\/types\/post"}],"author":[{"embeddable":true,"href":"https:\/\/www.bezprawie.pl\/index.php?rest_route=\/wp\/v2\/users\/1"}],"replies":[{"embeddable":true,"href":"https:\/\/www.bezprawie.pl\/index.php?rest_route=%2Fwp%2Fv2%2Fcomments&post=130"}],"version-history":[{"count":5,"href":"https:\/\/www.bezprawie.pl\/index.php?rest_route=\/wp\/v2\/posts\/130\/revisions"}],"predecessor-version":[{"id":135,"href":"https:\/\/www.bezprawie.pl\/index.php?rest_route=\/wp\/v2\/posts\/130\/revisions\/135"}],"wp:attachment":[{"href":"https:\/\/www.bezprawie.pl\/index.php?rest_route=%2Fwp%2Fv2%2Fmedia&parent=130"}],"wp:term":[{"taxonomy":"category","embeddable":true,"href":"https:\/\/www.bezprawie.pl\/index.php?rest_route=%2Fwp%2Fv2%2Fcategories&post=130"},{"taxonomy":"post_tag","embeddable":true,"href":"https:\/\/www.bezprawie.pl\/index.php?rest_route=%2Fwp%2Fv2%2Ftags&post=130"}],"curies":[{"name":"wp","href":"https:\/\/api.w.org\/{rel}","templated":true}]}}