{"id":136,"date":"2010-08-10T20:50:47","date_gmt":"2010-08-10T20:50:47","guid":{"rendered":"http:\/\/bezprawie.pl\/?p=136"},"modified":"2010-08-10T20:52:51","modified_gmt":"2010-08-10T20:52:51","slug":"sosnowiec-policjant-niewinny-ale-do-sluzby-po-latach-nie-wroci","status":"publish","type":"post","link":"https:\/\/www.bezprawie.pl\/?p=136","title":{"rendered":"Sosnowiec: Policjant niewinny, ale do s\u0142u\u017cby po latach nie wr\u00f3ci"},"content":{"rendered":"<p>Najpierw policjanta aresztowano, oskar\u017cono o wsp\u00f3\u0142udzia\u0142 w kradzie\u017cy samochodu i dyscyplinarnie zwolniono ze s\u0142u\u017cby. Po siedmiu latach s\u0105d go uniewinni\u0142, ale prze\u0142o\u017ceni odm\u00f3wili mu powrotu do s\u0142u\u017cby, bo&#8230; proces by\u0142 za d\u0142ugi. <\/p>\n<p> &#8211; Walcz\u0119 o powr\u00f3t do policji, bo chc\u0119 pokaza\u0107 kolegom, \u017ce nie mo\u017cna cz\u0142owieka zwolni\u0107 za co\u015b, czego nie zrobi\u0142, a potem udawa\u0107, \u017ce nic si\u0119 nie sta\u0142o &#8211; m\u00f3wi starszy sier\u017cant Krzysztof Z., by\u0142y policjant z Sosnowca.<\/p>\n<p>Jego problemy zacz\u0119\u0142y si\u0119 13 czerwca 2001 r. Pilnowa\u0142 rusztowania roz\u0142o\u017conego wok\u00f3\u0142 budynk\u00f3w komendy oraz s\u0105siaduj\u0105cej z nim prokuratury. Dla wygody siedzia\u0142 we w\u0142asnym renault clio, kt\u00f3rym co jaki\u015b czas obje\u017cd\u017ca\u0142 teren. Podczas jednej z rund zauwa\u017cy\u0142 p\u0119dz\u0105ce w jego stron\u0119 dwa samochody. Chwil\u0119 p\u00f3\u017aniej na drodze pojawi\u0142 si\u0119 goni\u0105cy je radiow\u00f3z. Sier\u017cant Krzysztof Z. przez kr\u00f3tkofal\u00f3wk\u0119 us\u0142ysza\u0142, \u017ce koledzy \u015bcigaj\u0105 skradzionego fiata uno oraz pilotuj\u0105cego go renault clio. &#8211; Ja te\u017c jad\u0119 clio &#8211; zameldowa\u0142 przez radio dy\u017curnemu.<\/p>\n<p>Porzuconego fiata znaleziono kilka kilometr\u00f3w od komendy, po clio i z\u0142odziejach nie by\u0142o \u015bladu. Policjanci z patrolu uznali wi\u0119c, \u017ce szukali auta nale\u017c\u0105cego do sier\u017canta Z. Nie pomog\u0142o t\u0142umaczenie, \u017ce z\u0142odziei pilotowa\u0142o clio I, co wynika\u0142o z policyjnej notatki, a on ma clio II. Krzysztof Z. poprosi\u0142 o nagrania z monitoringu komendy, kt\u00f3re potwierdzi\u0142yby, \u017ce je\u017adzi\u0142 tylko dooko\u0142a budynku. Okaza\u0142o si\u0119 jednak, \u017ce obraz z kamer nie by\u0142 nagrywany. Sier\u017canta zatrzyma\u0142o Biuro Spraw Wewn\u0119trznych (policja w policji), a jego mieszkanie przeszukano. Cho\u0107 nie znaleziono dowod\u00f3w na wsp\u00f3\u0142prac\u0119 z przest\u0119pcami, trafi\u0142 do aresztu. &#8211; Za kratami przesiedzia\u0142em trzy miesi\u0105ce, sze\u015b\u0107 dni i dziesi\u0119\u0107 godzin &#8211; wspomina.<\/p>\n<p>W pa\u017adzierniku 2001 r. sier\u017cant Z. zosta\u0142 zwolniony ze s\u0142u\u017cby. Stwierdzono, \u017ce zarzucany mu czyn nie budzi w\u0105tpliwo\u015bci. Krzysztof Z. ma \u017cal do prze\u0142o\u017conych, \u017ce nie poczekali na zako\u0144czenie sprawy karnej.<\/p>\n<p>O sprawiedliwo\u015b\u0107 walczy\u0142 siedem lat. Prokuratura kwestionowa\u0142a ka\u017cdy niekorzystny dla siebie wyrok, jednak w ko\u0144cu podoficer zosta\u0142 prawomocnie uniewinniony. Z wyrokiem poszed\u0142 do komendy i poprosi\u0142 o ponowne przyj\u0119cie do s\u0142u\u017cby. Dowiedzia\u0142 si\u0119 jednak, \u017ce to niemo\u017cliwe, bo proces trwa\u0142 siedem lat, a dla policji to za d\u0142ugo. &#8222;Przepisy zezwalaj\u0105 na zmian\u0119 decyzji dyscyplinarnej wy\u0142\u0105cznie w ci\u0105gu pi\u0119ciu lat od daty jej uprawomocnienia. Po tym okresie jest to niemo\u017cliwe&#8221; &#8211; napisali prawnicy komendy.<\/p>\n<p>Krzysztof Z. odwo\u0142a\u0142 si\u0119 do Wojew\u00f3dzkiego S\u0105du Administracyjnego, ale s\u0105d uzna\u0142, \u017ce nie mo\u017ce uchyli\u0107 decyzji o zwolnieniu ze s\u0142u\u017cby, bo zosta\u0142a ona podj\u0119ta po legalnie przeprowadzonym post\u0119powaniu dyscyplinarnym i nie ma znaczenia, \u017ce jego wynik jest sprzeczny z prawomocnym wyrokiem s\u0105du.<\/p>\n<p>Zwolniony sier\u017cant z\u0142o\u017cy\u0142 wczoraj skarg\u0119 kasacyjn\u0105 do Naczelnego S\u0105du Administracyjnego. Jego spraw\u0105 zainteresowa\u0142a si\u0119 te\u017c Helsi\u0144ska Fundacja Praw Cz\u0142owieka. &#8211; Ta historia pokazuje, \u017ce ustawa o policji nie nad\u0105\u017ca za rzeczywisto\u015bci\u0105. Przecie\u017c to nie wina sier\u017canta Z., \u017ce s\u0105dy potrzebowa\u0142y a\u017c siedmiu lat, aby go oczy\u015bci\u0107 z podejrze\u0144 &#8211; m\u00f3wi Piotr Kubaszewski z fundacji. Je\u015bli NSA odrzuci kasacj\u0119, fundacja z\u0142o\u017cy skarg\u0119 do Trybuna\u0142u Konstytucyjnego na policyjne przepisy.<\/p>\n<p>&#8211; Ch\u0142opakowi zniszczono karier\u0119, pozbawiono go praw emerytalnych, wsadzono za kratki jak zwyk\u0142ego bandyt\u0119, a kiedy udowodni\u0142, \u017ce to wszystko by\u0142o bezprawne, zamyka mu si\u0119 drzwi przed nosem. Tak si\u0119 nie robi &#8211; m\u00f3wi Wies\u0142aw Budak, wiceprzewodnicz\u0105cy zarz\u0105du wojew\u00f3dzkiego NSZZ Policjant\u00f3w.<\/p>\n<p>Krzysztof Z. prowadzi teraz w\u0142asn\u0105 dzia\u0142alno\u015b\u0107 gospodarcz\u0105.<\/p>\n<p>PS Inicja\u0142y podoficera zosta\u0142y zmienione.<\/p>\n<p>\u0179r\u00f3d\u0142o: Gazeta Wyborcza Katowice<\/p>\n","protected":false},"excerpt":{"rendered":"<p>Najpierw policjanta aresztowano, oskar\u017cono o wsp\u00f3\u0142udzia\u0142 w kradzie\u017cy samochodu i dyscyplinarnie zwolniono ze s\u0142u\u017cby. Po siedmiu latach s\u0105d go uniewinni\u0142, ale prze\u0142o\u017ceni odm\u00f3wili mu powrotu do s\u0142u\u017cby, bo&#8230; proces by\u0142 za d\u0142ugi. &#8211; Walcz\u0119 o powr\u00f3t do policji, bo chc\u0119 &hellip; <a href=\"https:\/\/www.bezprawie.pl\/?p=136\">Czytaj dalej <span class=\"meta-nav\">&rarr;<\/span><\/a><\/p>\n","protected":false},"author":1,"featured_media":0,"comment_status":"open","ping_status":"open","sticky":false,"template":"","format":"standard","meta":{"footnotes":""},"categories":[1,63],"tags":[16],"class_list":["post-136","post","type-post","status-publish","format-standard","hentry","category-bez-kategorii","category-sosnowiec","tag-policja"],"_links":{"self":[{"href":"https:\/\/www.bezprawie.pl\/index.php?rest_route=\/wp\/v2\/posts\/136","targetHints":{"allow":["GET"]}}],"collection":[{"href":"https:\/\/www.bezprawie.pl\/index.php?rest_route=\/wp\/v2\/posts"}],"about":[{"href":"https:\/\/www.bezprawie.pl\/index.php?rest_route=\/wp\/v2\/types\/post"}],"author":[{"embeddable":true,"href":"https:\/\/www.bezprawie.pl\/index.php?rest_route=\/wp\/v2\/users\/1"}],"replies":[{"embeddable":true,"href":"https:\/\/www.bezprawie.pl\/index.php?rest_route=%2Fwp%2Fv2%2Fcomments&post=136"}],"version-history":[{"count":2,"href":"https:\/\/www.bezprawie.pl\/index.php?rest_route=\/wp\/v2\/posts\/136\/revisions"}],"predecessor-version":[{"id":138,"href":"https:\/\/www.bezprawie.pl\/index.php?rest_route=\/wp\/v2\/posts\/136\/revisions\/138"}],"wp:attachment":[{"href":"https:\/\/www.bezprawie.pl\/index.php?rest_route=%2Fwp%2Fv2%2Fmedia&parent=136"}],"wp:term":[{"taxonomy":"category","embeddable":true,"href":"https:\/\/www.bezprawie.pl\/index.php?rest_route=%2Fwp%2Fv2%2Fcategories&post=136"},{"taxonomy":"post_tag","embeddable":true,"href":"https:\/\/www.bezprawie.pl\/index.php?rest_route=%2Fwp%2Fv2%2Ftags&post=136"}],"curies":[{"name":"wp","href":"https:\/\/api.w.org\/{rel}","templated":true}]}}