{"id":14,"date":"2010-07-25T19:36:06","date_gmt":"2010-07-25T19:36:06","guid":{"rendered":"http:\/\/bezprawie.pl\/?p=14"},"modified":"2010-07-29T20:52:31","modified_gmt":"2010-07-29T20:52:31","slug":"dzierzoniow-akt-oskarzenia-przeciwko-radnemu","status":"publish","type":"post","link":"https:\/\/www.bezprawie.pl\/?p=14","title":{"rendered":"Dzier\u017coni\u00f3w: Akt oskar\u017cenia przeciwko radnemu"},"content":{"rendered":"<p>Jak poinformowa\u0142a nas Prokuratura Rejonowa w Dzier\u017coniowie, przeciwko radnemu RM w Dzier\u017coniowie <strong>Romanowi K. (PiS)<\/strong> wniesiony zosta\u0142 dnia 30 czerwca br. akt oskar\u017cenia do S\u0105du Rejonowego w Dzier\u017coniowie. Przypomnijmy, i\u017c radny <strong>Roman K.<\/strong> pobi\u0142 pod wp\u0142ywem alkoholu interweniuj\u0105cych policjant\u00f3w. Sprawa wydawa\u0142a si\u0119 prosta i \u0142atwa, w\u0142a\u015bciwie wydawa\u0142o si\u0119 jasne i pewne, i\u017c radny b\u0119dzie musia\u0142 spotka\u0107 si\u0119 ze sprawiedliwo\u015bci\u0105 w s\u0105dzie. Tak jednak si\u0119 nie sta\u0142o, co by\u0142o ogromnym zaskoczeniem i szokiem dla policjant\u00f3w. Okaza\u0142o si\u0119 \u017ce skompromitowana dzier\u017coniowska prokuratura, umorzy\u0142a post\u0119powanie ze wzgl\u0119du na &#8222;<em>znikom\u0105 spo\u0142eczn\u0105 szkodliwo\u015b\u0107 czynu<\/em>&#8222;. Kole\u017ce\u0144ski uk\u0142ad jaki zadzia\u0142a\u0142 w sprawie ujawnij, jak przegni\u0142\u0105 do szpiku ko\u015bci instytucj\u0105 jest Prokuratura Rejonowa w Dzier\u017coniowie. Na szcz\u0119\u015bcie nacisk opinii spo\u0142ecznej i medi\u00f3w, spowodowa\u0142 zainteresowanie spraw\u0105 Prokuratury Okr\u0119gowej i Apelacyjnej. Sprawa znalaz\u0142a sw\u00f3j fina\u0142 a\u017c w Warszawie, gdzie Prokurator Generalny uniewa\u017cni\u0142 skandaliczne postanowienie Prokuratury Rejonowej w Dzier\u017coniowie.<\/p>\n<p>Fina\u0142 sprawy jest taki, i\u017c radny za swoje zachowanie trafi przed s\u0105d. Jak zachowa si\u0119 s\u0105d w Dzier\u017coniowie, tego nie jeste\u015bmy pewni. Niezawis\u0142o\u015b\u0107, niezawis\u0142o\u015bci\u0105, a uk\u0142ady kole\u017ce\u0144skie wygrywaj\u0105. Jest oczywiste, \u017ce urz\u0119dnicy i funkcjonariusze w\u0142adzy s\u0105 przez s\u0105dy traktowani bardzo pob\u0142a\u017cliwie, co pokazuje ten przyk\u0142ad.<\/p>\n<p>Pytaniem otwartym pozostaje jakie konsekwencje spotkaj\u0105 skompromitowan\u0105 Pani prokurator <strong>Uszpulewicz<\/strong>. Nie liczymy na to, \u017ce Pani prokurator spali si\u0119 ze wstydu, wi\u0119cej s\u0105dzimy, i\u017c takie zachowanie polegaj\u0105ce na ochronie jakiego\u015b znajomego znajomych zostanie jest zapami\u0119tane i przyj\u0119te z aplauzem. Pani prokurator, czas takich dyspozycyjnych funkcjonariuszy mia\u0142 si\u0119 sko\u0144czy\u0107 20 lat temu, je\u015bli Pani tego nie rozumie, prosz\u0119 uda\u0107 si\u0119 na emerytur\u0119, kapcie, TV i k\u00f3\u0142ko emeryt\u00f3w &#8211; im Pani miejmy nadziej\u0119 krzywdy nie zrobi.<\/p>\n<p><a href=\"http:\/\/bezprawie.pl\/wp-content\/uploads\/100723ra.jpg\"><img loading=\"lazy\" decoding=\"async\" src=\"http:\/\/bezprawie.pl\/wp-content\/uploads\/100723ra-234x300.jpg\" alt=\"Informacja o akcie oskar\u017cenia\" title=\"Informacja o akcie oskar\u017cenia\" width=\"234\" height=\"300\" class=\"aligncenter size-medium wp-image-16\" srcset=\"https:\/\/www.bezprawie.pl\/wp-content\/uploads\/100723ra-234x300.jpg 234w, https:\/\/www.bezprawie.pl\/wp-content\/uploads\/100723ra-801x1024.jpg 801w, https:\/\/www.bezprawie.pl\/wp-content\/uploads\/100723ra.jpg 1158w\" sizes=\"auto, (max-width: 234px) 100vw, 234px\" \/><\/a> <\/p>\n<p>Czytaj tak\u017ce: <a href=\"http:\/\/bezprawie.pl\/?p=8\">http:\/\/bezprawie.pl\/?p=8<\/a> <\/p>\n<p><object width=\"425\" height=\"344\"><param name=\"movie\" value=\"http:\/\/www.youtube.com\/v\/U8e11dOABcQ&amp;hl=pl_PL&amp;fs=1\"><\/param><param name=\"allowFullScreen\" value=\"true\"><\/param><param name=\"allowscriptaccess\" value=\"always\"><\/param><embed src=\"http:\/\/www.youtube.com\/v\/U8e11dOABcQ&amp;hl=pl_PL&amp;fs=1\" type=\"application\/x-shockwave-flash\" allowscriptaccess=\"always\" allowfullscreen=\"true\" width=\"425\" height=\"344\"><\/embed><\/object> <\/p>\n","protected":false},"excerpt":{"rendered":"<p>Jak poinformowa\u0142a nas Prokuratura Rejonowa w Dzier\u017coniowie, przeciwko radnemu RM w Dzier\u017coniowie Romanowi K. (PiS) wniesiony zosta\u0142 dnia 30 czerwca br. akt oskar\u017cenia do S\u0105du Rejonowego w Dzier\u017coniowie. Przypomnijmy, i\u017c radny Roman K. pobi\u0142 pod wp\u0142ywem alkoholu interweniuj\u0105cych policjant\u00f3w. Sprawa &hellip; <a href=\"https:\/\/www.bezprawie.pl\/?p=14\">Czytaj dalej <span class=\"meta-nav\">&rarr;<\/span><\/a><\/p>\n","protected":false},"author":1,"featured_media":0,"comment_status":"open","ping_status":"open","sticky":false,"template":"","format":"standard","meta":{"footnotes":""},"categories":[7],"tags":[19,16,17,20,18],"class_list":["post-14","post","type-post","status-publish","format-standard","hentry","category-dzierzoniow","tag-pobicie","tag-policja","tag-prokuratura","tag-radny","tag-sad"],"_links":{"self":[{"href":"https:\/\/www.bezprawie.pl\/index.php?rest_route=\/wp\/v2\/posts\/14","targetHints":{"allow":["GET"]}}],"collection":[{"href":"https:\/\/www.bezprawie.pl\/index.php?rest_route=\/wp\/v2\/posts"}],"about":[{"href":"https:\/\/www.bezprawie.pl\/index.php?rest_route=\/wp\/v2\/types\/post"}],"author":[{"embeddable":true,"href":"https:\/\/www.bezprawie.pl\/index.php?rest_route=\/wp\/v2\/users\/1"}],"replies":[{"embeddable":true,"href":"https:\/\/www.bezprawie.pl\/index.php?rest_route=%2Fwp%2Fv2%2Fcomments&post=14"}],"version-history":[{"count":6,"href":"https:\/\/www.bezprawie.pl\/index.php?rest_route=\/wp\/v2\/posts\/14\/revisions"}],"predecessor-version":[{"id":106,"href":"https:\/\/www.bezprawie.pl\/index.php?rest_route=\/wp\/v2\/posts\/14\/revisions\/106"}],"wp:attachment":[{"href":"https:\/\/www.bezprawie.pl\/index.php?rest_route=%2Fwp%2Fv2%2Fmedia&parent=14"}],"wp:term":[{"taxonomy":"category","embeddable":true,"href":"https:\/\/www.bezprawie.pl\/index.php?rest_route=%2Fwp%2Fv2%2Fcategories&post=14"},{"taxonomy":"post_tag","embeddable":true,"href":"https:\/\/www.bezprawie.pl\/index.php?rest_route=%2Fwp%2Fv2%2Ftags&post=14"}],"curies":[{"name":"wp","href":"https:\/\/api.w.org\/{rel}","templated":true}]}}