{"id":140,"date":"2010-08-12T12:12:31","date_gmt":"2010-08-12T12:12:31","guid":{"rendered":"http:\/\/bezprawie.pl\/?p=140"},"modified":"2010-08-12T12:12:31","modified_gmt":"2010-08-12T12:12:31","slug":"warszawa-ipn-ujawnil-dane-o-chorobie","status":"publish","type":"post","link":"https:\/\/www.bezprawie.pl\/?p=140","title":{"rendered":"Warszawa: IPN ujawni\u0142 dane o chorobie"},"content":{"rendered":"<p>Absurdy lustracji: na stronie internetowej IPN znalaz\u0142y si\u0119 dane na temat choroby psychicznej osoby podlegaj\u0105cej lustracji. Po interwencji &#8222;Gazety&#8221; zosta\u0142y usuni\u0119te.<\/p>\n<p>Komunikat Biura Lustracyjnego IPN ukaza\u0142 si\u0119 3 sierpnia i wisia\u0142 tam do wtorkowego popo\u0142udnia. Dotyczy\u0142 umorzenia sprawy o k\u0142amstwo lustracyjne wobec kobiety (w komunikacie podano jej dane, funkcj\u0119 i miejsce zamieszkania), kt\u00f3ra pracowa\u0142a bez etatu w Samorz\u0105dowym Kolegium Odwo\u0142awczym. Na stronie IPN mo\u017cna by\u0142o przeczyta\u0107, \u017ce spraw\u0119 umorzono &#8222;wobec opinii bieg\u0142ych psychiatr\u00f3w, \u017ce [lustrowana] w chwili sk\u0142adania o\u015bwiadczenia lustracyjnego z powodu stwierdzonej choroby pozbawiona by\u0142a zdolno\u015bci do rozpoznawania znaczenia tej czynno\u015bci, a biegli orzekli, \u017ce nie jest zdolna do udzia\u0142u w czynno\u015bciach procesowych&#8221;.<\/p>\n<p>Czy podanie informacji o chorobie psychicznej jest naruszeniem d\u00f3br osoby, kt\u00f3rej te dane dotycz\u0105? Dla prokuratora Daniela Za\u0142uski, pe\u0142ni\u0105cego obowi\u0105zki szefa Biura Lustracyjnego w Lublinie, kt\u00f3re wyda\u0142o komunikat, sprawa nie jest jednoznaczna.<\/p>\n<p>&#8211; Nie jest tu wprost powiedziane, \u017ce chodzi o chorob\u0119 psychiczn\u0105 &#8211; t\u0142umaczy.<\/p>\n<p>Ale o takiej w\u0142a\u015bnie chorobie m\u00f3wi wymieniony w komunikacie art. 31 par. 1 kodeksu karnego, na podstawie kt\u00f3rego s\u0105d zarz\u0105dzi\u0142 umorzenie. &#8211; My tylko wysy\u0142amy komunikaty do biura rzecznika IPN. Nie jeste\u015bmy odpowiedzialni za ich publikacj\u0119 &#8211; ust\u0119puje prok. Za\u0142uski.<\/p>\n<p>Rzecznik IPN Andrzej Arseniuk reaguje od razu: &#8211; Ten komunikat powinien by\u0107 inaczej sformu\u0142owany, sta\u0142a si\u0119 rzecz niefortunna &#8211; powiedzia\u0142 nam we wtorek, deklaruj\u0105c zmian\u0119 tre\u015bci informacji. Rzeczywi\u015bcie przed godzin\u0105 15 komunikat zosta\u0142 zmieniony.<\/p>\n<p>&#8211; To dobrze, \u017ce IPN szybko zareagowa\u0142 na uwag\u0119, ale takich przypadk\u00f3w mo\u017ce by\u0107 wi\u0119cej. Ten akurat zosta\u0142 wy\u0142apany &#8211; m\u00f3wi mec. Miko\u0142aj Pietrzak specjalizuj\u0105cy si\u0119 sprawach o ochron\u0119 d\u00f3br osobistych. &#8211; IPN ma prawo informowa\u0107, ale powinno to by\u0107 wykonywane z poszanowaniem danych wra\u017cliwych. Ta sytuacja pokazuje, \u017ce instytucja, kt\u00f3ra to opublikowa\u0142a, dzia\u0142a w spos\u00f3b \u015blepy i nieczu\u0142y. Kto\u015b najwyra\u017aniej dokona\u0142 z\u0142ej oceny. Wed\u0142ug mnie na tej podstawie mo\u017cna skonstruowa\u0107 pozew o ochron\u0119 d\u00f3br osobistych &#8211; dodaje mec. Pietrzak.<\/p>\n<p>Podanie w internecie wiadomo\u015bci o czyjej\u015b chorobie psychicznej narusza te\u017c ustaw\u0119 o ochronie danych osobowych, kt\u00f3ra zabrania podawania informacji o stanie zdrowia bez zgody osoby zainteresowanej. Za z\u0142amanie tego przepisu grozi kara nawet do trzech lat wi\u0119zienia.<\/p>\n<p>Sprawa ujawniania informacji o zdrowiu lustrowanej to kolejny absurd z dzia\u0142alno\u015bci biura lustracyjnego opisywanej przez &#8222;Gazet\u0119&#8221;. Rok temu pisali\u015bmy o sprawie ob\u0142o\u017cnie chorego emerytowanego prokuratora, kt\u00f3ry od lat jest pozbawiony mo\u017cliwo\u015bci podejmowania samodzielnych decyzji. IPN nie chce zgodzi\u0107 si\u0119 na umorzenie jego procesu, bo &#8222;tylko \u015bmier\u0107 mo\u017ce przerwa\u0107 lustracj\u0119&#8221;. Informowali\u015bmy te\u017c o tym, \u017ce w katalogach IPN, gdzie publikowane s\u0105 nazwiska funkcjonariuszy komunistycznej bezpieki, znajduj\u0105 si\u0119 r\u00f3wnie\u017c dane setek os\u00f3b, kt\u00f3re w instytucjach peerelowskiego MSW pracowa\u0142y na stanowiskach salowych, piel\u0119gniarek, kucharzy, szewc\u00f3w, a nawet wychowawc\u00f3w na koloniach letnich dla dzieci esbek\u00f3w.<\/p>\n<p>\u0179r\u00f3d\u0142o: Gazeta Wyborcza<\/p>\n","protected":false},"excerpt":{"rendered":"<p>Absurdy lustracji: na stronie internetowej IPN znalaz\u0142y si\u0119 dane na temat choroby psychicznej osoby podlegaj\u0105cej lustracji. Po interwencji &#8222;Gazety&#8221; zosta\u0142y usuni\u0119te. Komunikat Biura Lustracyjnego IPN ukaza\u0142 si\u0119 3 sierpnia i wisia\u0142 tam do wtorkowego popo\u0142udnia. Dotyczy\u0142 umorzenia sprawy o k\u0142amstwo &hellip; <a href=\"https:\/\/www.bezprawie.pl\/?p=140\">Czytaj dalej <span class=\"meta-nav\">&rarr;<\/span><\/a><\/p>\n","protected":false},"author":1,"featured_media":0,"comment_status":"open","ping_status":"open","sticky":false,"template":"","format":"standard","meta":{"footnotes":""},"categories":[23],"tags":[66],"class_list":["post-140","post","type-post","status-publish","format-standard","hentry","category-warszawa","tag-ipn"],"_links":{"self":[{"href":"https:\/\/www.bezprawie.pl\/index.php?rest_route=\/wp\/v2\/posts\/140","targetHints":{"allow":["GET"]}}],"collection":[{"href":"https:\/\/www.bezprawie.pl\/index.php?rest_route=\/wp\/v2\/posts"}],"about":[{"href":"https:\/\/www.bezprawie.pl\/index.php?rest_route=\/wp\/v2\/types\/post"}],"author":[{"embeddable":true,"href":"https:\/\/www.bezprawie.pl\/index.php?rest_route=\/wp\/v2\/users\/1"}],"replies":[{"embeddable":true,"href":"https:\/\/www.bezprawie.pl\/index.php?rest_route=%2Fwp%2Fv2%2Fcomments&post=140"}],"version-history":[{"count":1,"href":"https:\/\/www.bezprawie.pl\/index.php?rest_route=\/wp\/v2\/posts\/140\/revisions"}],"predecessor-version":[{"id":141,"href":"https:\/\/www.bezprawie.pl\/index.php?rest_route=\/wp\/v2\/posts\/140\/revisions\/141"}],"wp:attachment":[{"href":"https:\/\/www.bezprawie.pl\/index.php?rest_route=%2Fwp%2Fv2%2Fmedia&parent=140"}],"wp:term":[{"taxonomy":"category","embeddable":true,"href":"https:\/\/www.bezprawie.pl\/index.php?rest_route=%2Fwp%2Fv2%2Fcategories&post=140"},{"taxonomy":"post_tag","embeddable":true,"href":"https:\/\/www.bezprawie.pl\/index.php?rest_route=%2Fwp%2Fv2%2Ftags&post=140"}],"curies":[{"name":"wp","href":"https:\/\/api.w.org\/{rel}","templated":true}]}}