{"id":144,"date":"2010-08-12T20:08:34","date_gmt":"2010-08-12T20:08:34","guid":{"rendered":"http:\/\/bezprawie.pl\/?p=144"},"modified":"2010-08-12T20:11:45","modified_gmt":"2010-08-12T20:11:45","slug":"dzierzoniow-posluszny-komendant-policji-melduje-przewodniczacemu-rady-miasta","status":"publish","type":"post","link":"https:\/\/www.bezprawie.pl\/?p=144","title":{"rendered":"Dzier\u017coni\u00f3w: Pos\u0142uszny komendant policji melduje przewodnicz\u0105cemu rady miasta"},"content":{"rendered":"<p>Jak wie ka\u017cdy pocz\u0105tkuj\u0105cy student prawa, danych z post\u0119powa\u0144 prowadzonych przez policj\u0119 i prokuratur\u0119 nie ujawnia si\u0119 publicznie. Nie ujawnia si\u0119 nazwisk, zarzut\u00f3w i innych okoliczno\u015bci. Wyj\u0105tkowo mo\u017ce si\u0119 na to zgodzi\u0107 prokurator i s\u0105d. Ale w Dzier\u017coniowie jest inaczej, pos\u0142uszna i spolegliwa policja, melduje przewodnicz\u0105cemu rady miejskiej jak trzeba. A przewodnicz\u0105cy chroniony przez dzier\u017coniowsk\u0105 prokuratur\u0119 (w ko\u0144cu \u017cona to prokurator i m\u0119\u017cowi krzywdy nie pozwoli zrobi\u0107 podobnie jak burmistrzowi). Aby nie by\u0142o go\u0142os\u0142ownie i og\u00f3lnikowo przejdziemy do szczeg\u00f3\u0142\u00f3w. Pan komisarz magister <strong>Przemys\u0142aw Marut<\/strong> pismem z dnia 3 lutego 2010 znak <strong>1-0151-17\/2010<\/strong>; zameldowa\u0142 do przewodnicz\u0105cego Rady Miejskiej w Dzier\u017coniowi, \u017ce niejakim <strong>Barbarze i Korze W.<\/strong> (pobite przez policj\u0119 w czasie interwencji \u2013 w pi\u015bmie pe\u0142ne dane osobowe) postawiono zarzuty z art. 266 par. 1 oraz 224 par 2 KK; do tego Pan komisarz podaje \u017ce post\u0119powanie jest zawieszone bo nie jest znane miejsce pobytu podejrzanej, oraz \u017ce wydany zosta\u0142 przez Prokuratur\u0119 Rejonow\u0105 z Z\u0105bkowic \u015al. nakaz doprowadzenia podejrzanych. Niestety Pan komisarz Marut nie poda\u0142 \u017cadnej podstawy prawnej na jakiej zameldowa\u0142 Panu przewodnicz\u0105cemu <strong>Henrykowi Smolnemu <\/strong>o przebiegu post\u0119powania przygotowawczego. Co wi\u0119cej, tak naprawd\u0119 Pan komisarz <strong>Przemys\u0142aw Marut<\/strong> nie mia\u0142 prawa tego uczyni\u0107, pytanie tylko jak cz\u0119sto melduje przewodnicz\u0105cemu Smolnemu relacje z prowadzonych post\u0119powa\u0144 przygotowawczych.<\/p>\n<p>Ale \u017ceby by\u0142o tego ma\u0142o Pan przewodnicz\u0105cy <strong>Henryk Smolny<\/strong> (<em>\u017cona prokurator dobrze wie jak chroni\u0107 m\u0119\u017ca i burmistrza<\/em>) ca\u0142\u0105 spraw\u0119 i informacje zawarte w pi\u015bmie poda\u0142 do publicznej informacji. Po prostu skierowa\u0142 pismo do komisji spraw obywatelski, a jak zapewne Panu przewodnicz\u0105cemu <strong>Henrykowi Smolnemu<\/strong> jest wiadomo posiedzenia komisji s\u0105 otwarte dla publiczno\u015bci. Tym samym dzi\u0119ki meldunkowi komisarza Maruta i upublicznieniu sprawy przez <strong>Henia Smolnego<\/strong> \u2013 informacje o prowadzonym post\u0119powaniu przygotowawczym sta\u0142y si\u0119 dost\u0119pne publicznie.<\/p>\n<p>Oczywi\u015bcie obaj Panowie powinni zosta\u0107 poci\u0105gni\u0119ci do odpowiedzialno\u015bci za przekroczenie uprawnie\u0144 jako funkcjonariusze publicznie. Oczywi\u015bcie tak by\u0142o by w Pa\u0144stwie prawa, ale my nie \u017cyjemy w Pa\u0144stwie prawa wi\u0119c \u017cadnej odpowiedzialno\u015bci nie b\u0119dzie. Odpowiada\u0107 b\u0119d\u0105 za to <strong>Barbara i Kora W.<\/strong>, pewno tylko dlatego \u017ce nie s\u0105 radnymi. Bo jak wiemy radni w Dzier\u017coniowie mog\u0105 la\u0107 policjant\u00f3w prawie bezkarnie, a najlepiej wie o tym radny PiS Roman K.<br \/>\n<a href=\"http:\/\/bezprawie.pl\/wp-content\/uploads\/100222od.jpg\"><img loading=\"lazy\" decoding=\"async\" src=\"http:\/\/bezprawie.pl\/wp-content\/uploads\/100222od-233x300.jpg\" alt=\"Komendant melduje przewodnicz\u0105cemu rady miasta\" title=\"Komendant melduje przewodnicz\u0105cemu rady miasta\" width=\"233\" height=\"300\" class=\"aligncenter size-medium wp-image-147\" srcset=\"https:\/\/www.bezprawie.pl\/wp-content\/uploads\/100222od-233x300.jpg 233w, https:\/\/www.bezprawie.pl\/wp-content\/uploads\/100222od-796x1024.jpg 796w, https:\/\/www.bezprawie.pl\/wp-content\/uploads\/100222od.jpg 800w\" sizes=\"auto, (max-width: 233px) 100vw, 233px\" \/><\/a><\/p>\n","protected":false},"excerpt":{"rendered":"<p>Jak wie ka\u017cdy pocz\u0105tkuj\u0105cy student prawa, danych z post\u0119powa\u0144 prowadzonych przez policj\u0119 i prokuratur\u0119 nie ujawnia si\u0119 publicznie. Nie ujawnia si\u0119 nazwisk, zarzut\u00f3w i innych okoliczno\u015bci. Wyj\u0105tkowo mo\u017ce si\u0119 na to zgodzi\u0107 prokurator i s\u0105d. Ale w Dzier\u017coniowie jest inaczej, &hellip; <a href=\"https:\/\/www.bezprawie.pl\/?p=144\">Czytaj dalej <span class=\"meta-nav\">&rarr;<\/span><\/a><\/p>\n","protected":false},"author":1,"featured_media":0,"comment_status":"open","ping_status":"open","sticky":false,"template":"","format":"standard","meta":{"footnotes":""},"categories":[7],"tags":[19,16,69],"class_list":["post-144","post","type-post","status-publish","format-standard","hentry","category-dzierzoniow","tag-pobicie","tag-policja","tag-przekroczenie-uprawnien"],"_links":{"self":[{"href":"https:\/\/www.bezprawie.pl\/index.php?rest_route=\/wp\/v2\/posts\/144","targetHints":{"allow":["GET"]}}],"collection":[{"href":"https:\/\/www.bezprawie.pl\/index.php?rest_route=\/wp\/v2\/posts"}],"about":[{"href":"https:\/\/www.bezprawie.pl\/index.php?rest_route=\/wp\/v2\/types\/post"}],"author":[{"embeddable":true,"href":"https:\/\/www.bezprawie.pl\/index.php?rest_route=\/wp\/v2\/users\/1"}],"replies":[{"embeddable":true,"href":"https:\/\/www.bezprawie.pl\/index.php?rest_route=%2Fwp%2Fv2%2Fcomments&post=144"}],"version-history":[{"count":3,"href":"https:\/\/www.bezprawie.pl\/index.php?rest_route=\/wp\/v2\/posts\/144\/revisions"}],"predecessor-version":[{"id":148,"href":"https:\/\/www.bezprawie.pl\/index.php?rest_route=\/wp\/v2\/posts\/144\/revisions\/148"}],"wp:attachment":[{"href":"https:\/\/www.bezprawie.pl\/index.php?rest_route=%2Fwp%2Fv2%2Fmedia&parent=144"}],"wp:term":[{"taxonomy":"category","embeddable":true,"href":"https:\/\/www.bezprawie.pl\/index.php?rest_route=%2Fwp%2Fv2%2Fcategories&post=144"},{"taxonomy":"post_tag","embeddable":true,"href":"https:\/\/www.bezprawie.pl\/index.php?rest_route=%2Fwp%2Fv2%2Ftags&post=144"}],"curies":[{"name":"wp","href":"https:\/\/api.w.org\/{rel}","templated":true}]}}