{"id":151,"date":"2010-08-12T08:13:33","date_gmt":"2010-08-12T08:13:33","guid":{"rendered":"http:\/\/bezprawie.pl\/?p=151"},"modified":"2010-08-14T08:17:02","modified_gmt":"2010-08-14T08:17:02","slug":"pszczyna-prywaciarz-robi-zdjecia-kierowcom-od-jednego-ma-80-zl","status":"publish","type":"post","link":"https:\/\/www.bezprawie.pl\/?p=151","title":{"rendered":"Pszczyna: Prywaciarz robi zdj\u0119cia kierowcom. Od jednego ma 80 z\u0142"},"content":{"rendered":"<p>W\u0142adze Pszczyny wynaj\u0119\u0142y prywatn\u0105 firm\u0119, kt\u00f3ra ustawia swoje fotoradary i \u0142apie kierowc\u00f3w \u0142ami\u0105cych przepisy. Od marca zarejestrowa\u0142a 15 tysi\u0119cy wykrocze\u0144. &#8211; To maszynka do robienia pieni\u0119dzy. I to naszym kosztem &#8211; denerwuj\u0105 si\u0119 mieszka\u0144cy, kt\u00f3rzy za\u0142o\u017cyli Spo\u0142eczny Komitet Obrony Kierowc\u00f3w <\/p>\n<p>Na pomys\u0142 wynaj\u0119cia prywatnej firmy z fotoradarami wpad\u0142 Tomasz Dr\u0105szkowski, wiceburmistrz Pszczyny. Mia\u0142 do\u015b\u0107 pirat\u00f3w p\u0119dz\u0105cych po ulicach miasta. &#8211; Na zakup w\u0142asnego fotoradaru oraz programu do jego obs\u0142ugi nas nie sta\u0107, nieop\u0142acalna by\u0142a te\u017c dzier\u017cawa. Zdecydowali\u015bmy, \u017ce poszukamy firmy, kt\u00f3ra zajmie si\u0119 wszystkim od pocz\u0105tku do ko\u0144ca &#8211; m\u00f3wi wiceburmistrz.<\/p>\n<p>Wyb\u00f3r pad\u0142 na firm\u0119 Radarsystem z Gda\u0144ska. Od marca w wybrane dni pracownicy Radarsystemu przyje\u017cd\u017caj\u0105 nieoznakowanymi samochodami do Pszczyny i robi\u0105 zdj\u0119cia kierowcom przekraczaj\u0105cym pr\u0119dko\u015b\u0107. Zdarza si\u0119, \u017ce nawet nie wyci\u0105gaj\u0105 sprz\u0119tu, tylko fotografuj\u0105 z zaparkowanego na poboczu auta.<\/p>\n<p>Urz\u0105dzenia s\u0105 ustawione w taki spos\u00f3b, \u017ce rejestruj\u0105 auta, kt\u00f3re przekrocz\u0105 dozwolon\u0105 pr\u0119dko\u015b\u0107 o 21 km\/h. Potem graficy Radarsystemu wywo\u0142uj\u0105 zdj\u0119cia oraz przygotowuj\u0105 wnioski o ukaranie kierowcy mandatem. Tak opracowana dokumentacja trafia do stra\u017cy miejskiej, kt\u00f3ra po numerach rejestracyjnych ustala w\u0142a\u015bciciela auta i wzywa go do zap\u0142acenia mandatu. Jego wysoko\u015b\u0107 waha si\u0119 od 200 do 500 z\u0142. Radarsystem od ka\u017cdego zap\u0142aconego mandatu dostaje 80 z\u0142. Zgodnie z podpisan\u0105 z w\u0142adzami miasta umow\u0105 w ci\u0105gu trzech lat (na tyle zosta\u0142a zawarta) firma nie mo\u017ce jednak zarobi\u0107 wi\u0119cej ni\u017c 740 tys. z\u0142.<\/p>\n<p>Od marca dwa pracuj\u0105ce w Pszczynie prywatne fotoradary zrobi\u0142y zdj\u0119cia 15 tysi\u0105com kierowc\u00f3w, kt\u00f3rzy z\u0142amali przepisy ruchu drogowego. W\u015br\u00f3d nich jest wielu urz\u0119dnik\u00f3w, policjant\u00f3w i lokalnych VIP-\u00f3w. Do wczoraj stra\u017cnikom miejskim uda\u0142o si\u0119 wystawi\u0107 1,4 tys. mandat\u00f3w na ponad 220 tys. z\u0142. &#8211; Pieni\u0105dze z fotoradar\u00f3w b\u0119dziemy inwestowali wy\u0142\u0105cznie w budow\u0119 nowych dr\u00f3g, prog\u00f3w zwalniaj\u0105cych, parking\u00f3w, malowanie pas\u00f3w czy wymian\u0119 o\u015bwietlenia &#8211; m\u00f3wi wiceburmistrz Dr\u0105szkowski. Nie spodziewa\u0142 si\u0119, \u017ce a\u017c tak wielu kierowc\u00f3w zostanie sfotografowanych przez fotoradary. Nie wyklucza wi\u0119c, \u017ce od wrze\u015bnia zdj\u0119cia b\u0119d\u0105 robione tylko tym, kt\u00f3rzy przekrocz\u0105 pr\u0119dko\u015b\u0107 o 30 lub 40 km\/h. &#8211; Jednak pierwszy efekt osi\u0105gn\u0119li\u015bmy, bo ludzie zacz\u0119li wolniej je\u017adzi\u0107 po mie\u015bcie &#8211; m\u00f3wi wiceburmistrz.<\/p>\n<p>Mieszka\u0144com nie spodoba\u0142 si\u0119 jednak pomys\u0142 w\u0142adz miasta. Uwa\u017caj\u0105, \u017ce fotoradary to maszynka do robienia pieni\u0119dzy. Pisz\u0105 skargi do burmistrza, na policj\u0119 i zapowiadaj\u0105, \u017ce przed wyborami b\u0119d\u0105 prowadzili kampani\u0119 przeciwko obecnym w\u0142adzom miasta. Ci, kt\u00f3rzy zostali ukarani mandatami, za\u0142o\u017cyli nawet Spo\u0142eczny Komitet Obrony Kierowc\u00f3w. Zarzucaj\u0105 w\u0142adzom gminy, \u017ce prywatne radary dzia\u0142aj\u0105 nielegalnie. &#8222;Sprzeciwiamy si\u0119, aby prywatna firma czerpa\u0142a korzy\u015bci finansowe z naszych mandat\u00f3w. Chcemy zgrupowa\u0107 jak najwi\u0119cej poszkodowanych kierowc\u00f3w i przygotowa\u0107 grupowy pozew s\u0105dowy&#8221; &#8211; czytamy na stronie internetowej komitetu, kt\u00f3ry wczoraj mia\u0142 ju\u017c 80 cz\u0142onk\u00f3w.<\/p>\n<p>Wiceburmistrz Dr\u0105szkowski zapewnia, \u017ce umowa z Radarsystemem zosta\u0142a zawarta zgodnie z prawem, a fotoradary maj\u0105 wszelkie potrzebne homologacje.<\/p>\n<p>&#8211; Gminy mog\u0105 zawiera\u0107 umowy na u\u017cyczenie lub dzier\u017cawienie fotoradar\u00f3w &#8211; potwierdza Ma\u0142gorzata Wo\u017aniak, rzeczniczka Ministerstwa Spraw Wewn\u0119trznych. Jednak z pojawienia si\u0119 w mie\u015bcie prywatnych fotoradar\u00f3w nie jest zadowolona pszczy\u0144ska policja, kt\u00f3ra co miesi\u0105c musi wydawa\u0107 zgod\u0119 na ich ustawienie. &#8211; Najcz\u0119\u015bciej robi\u0105 zdj\u0119cia w rejonie DK1, gdzie z\u0142apanie jad\u0105cego za szybko kierowcy nie jest \u017cadn\u0105 sztuk\u0105 &#8211; m\u00f3wi aspirant Marek Cader z komendy miejskiej w Pszczynie. Jego zdaniem stra\u017c miejska powinna si\u0119 zaj\u0105\u0107 patrolowaniem miasta, a nie \u0142apaniem pirat\u00f3w drogowych. &#8211; To s\u0105 nasze kompetencje &#8211; podkre\u015bla Cader.<\/p>\n<p>Dr\u0105szkowski nie spodziewa\u0142 si\u0119 takiej niech\u0119ci mieszka\u0144c\u00f3w do fotoradar\u00f3w. Nie ma jednak zamiaru wycofywa\u0107 si\u0119 z umowy z Radarsystemem. &#8211; Nikt nie lubi p\u0142aci\u0107 mandat\u00f3w, ale przepisy s\u0105 po to, aby ich przestrzega\u0107 &#8211; wyja\u015bnia. Szefowie Radarsystemu nie odpowiedzieli wczoraj na nasze pytania.<\/p>\n<p>\u0179r\u00f3d\u0142o: Gazeta Wyborcza Katowice<\/p>\n","protected":false},"excerpt":{"rendered":"<p>W\u0142adze Pszczyny wynaj\u0119\u0142y prywatn\u0105 firm\u0119, kt\u00f3ra ustawia swoje fotoradary i \u0142apie kierowc\u00f3w \u0142ami\u0105cych przepisy. Od marca zarejestrowa\u0142a 15 tysi\u0119cy wykrocze\u0144. &#8211; To maszynka do robienia pieni\u0119dzy. I to naszym kosztem &#8211; denerwuj\u0105 si\u0119 mieszka\u0144cy, kt\u00f3rzy za\u0142o\u017cyli Spo\u0142eczny Komitet Obrony Kierowc\u00f3w &hellip; <a href=\"https:\/\/www.bezprawie.pl\/?p=151\">Czytaj dalej <span class=\"meta-nav\">&rarr;<\/span><\/a><\/p>\n","protected":false},"author":1,"featured_media":0,"comment_status":"open","ping_status":"open","sticky":false,"template":"","format":"standard","meta":{"footnotes":""},"categories":[1,72],"tags":[71,70],"class_list":["post-151","post","type-post","status-publish","format-standard","hentry","category-bez-kategorii","category-pszczyna","tag-fotoradar","tag-radar"],"_links":{"self":[{"href":"https:\/\/www.bezprawie.pl\/index.php?rest_route=\/wp\/v2\/posts\/151","targetHints":{"allow":["GET"]}}],"collection":[{"href":"https:\/\/www.bezprawie.pl\/index.php?rest_route=\/wp\/v2\/posts"}],"about":[{"href":"https:\/\/www.bezprawie.pl\/index.php?rest_route=\/wp\/v2\/types\/post"}],"author":[{"embeddable":true,"href":"https:\/\/www.bezprawie.pl\/index.php?rest_route=\/wp\/v2\/users\/1"}],"replies":[{"embeddable":true,"href":"https:\/\/www.bezprawie.pl\/index.php?rest_route=%2Fwp%2Fv2%2Fcomments&post=151"}],"version-history":[{"count":2,"href":"https:\/\/www.bezprawie.pl\/index.php?rest_route=\/wp\/v2\/posts\/151\/revisions"}],"predecessor-version":[{"id":153,"href":"https:\/\/www.bezprawie.pl\/index.php?rest_route=\/wp\/v2\/posts\/151\/revisions\/153"}],"wp:attachment":[{"href":"https:\/\/www.bezprawie.pl\/index.php?rest_route=%2Fwp%2Fv2%2Fmedia&parent=151"}],"wp:term":[{"taxonomy":"category","embeddable":true,"href":"https:\/\/www.bezprawie.pl\/index.php?rest_route=%2Fwp%2Fv2%2Fcategories&post=151"},{"taxonomy":"post_tag","embeddable":true,"href":"https:\/\/www.bezprawie.pl\/index.php?rest_route=%2Fwp%2Fv2%2Ftags&post=151"}],"curies":[{"name":"wp","href":"https:\/\/api.w.org\/{rel}","templated":true}]}}