{"id":191,"date":"2010-09-19T17:36:36","date_gmt":"2010-09-19T17:36:36","guid":{"rendered":"http:\/\/www.bezprawie.pl\/?p=191"},"modified":"2010-09-19T17:36:36","modified_gmt":"2010-09-19T17:36:36","slug":"warszawa-minister-ds-rownouprawnienia-szkola-katolicka-moze-odmowic-zatrudnienia-lesbijce","status":"publish","type":"post","link":"https:\/\/www.bezprawie.pl\/?p=191","title":{"rendered":"Warszawa: Minister ds. r\u00f3wnouprawnienia &#8211; szko\u0142a katolicka mo\u017ce odm\u00f3wi\u0107 zatrudnienia lesbijce"},"content":{"rendered":"<p>Szko\u0142a katolicka mo\u017ce odm\u00f3wi\u0107 zatrudnienia lesbijce. Tak twierdzi minister ds. r\u00f3wnouprawnienia El\u017cbiety Radziszewskiej. Jej wypowied\u017a wzbudzi\u0142a protest organizacji broni\u0105cych praw mniejszo\u015bci seksualnych &#8211; podaje portal tvp.info. &#8211; Minister z\u0142ama\u0142a zasad\u0119 niedyskryminacji &#8211; m\u00f3wi El\u017cbieta Czy\u017c z Helsi\u0144skiej Fundacji Praw Cz\u0142owieka.<\/p>\n<p>Dziennikarka &#8221;Go\u015bcia Niedzielnego&#8221;  zapyta\u0142a minister Radziszewsk\u0105, czy szko\u0142a katolicka, kt\u00f3ra odm\u00f3wi zatrudnienia zadeklarowanej lesbijce, mo\u017ce zosta\u0107 pozwana do s\u0105du. &#8211; Oczywi\u015bcie nie! I w\u0142a\u015bnie nowa ustawa precyzuje takie sytuacje (wcze\u015bniej nie by\u0142o to uregulowane). Szko\u0142y katolickie czy wyznaniowe mog\u0105 si\u0119 kierowa\u0107 w\u0142asnymi warto\u015bciami i zasadami &#8211; odpowiedzia\u0142a El\u017cbieta Radziszewska.<\/p>\n<p>&#8211; To boli, \u017ce minister odpowiedzialna za tolerancj\u0119 promuje nietolerancj\u0119. W dodatku w og\u00f3le nie orientuje si\u0119 w przepisach. Polski kodeks pracy i przepisy unijne zabraniaj\u0105 dyskryminacji ze wzgl\u0119du na orientacj\u0119 seksualn\u0105. Na terenie Unii Europejskiej s\u0105dy niejednokrotnie bra\u0142y stron\u0119 os\u00f3b zwalnianych z pracy z powodu orientacji &#8211; powiedzia\u0142 portalowi tvp.info Robert Biedro\u0144 z Kampanii Przeciw Homofobii.<\/p>\n<p>Co o sprawie m\u00f3wi minister El\u017cbieta Radziszewska? W rozmowie z portalem tvp.info m\u00f3wi, \u017ce nie \u017ca\u0142uje swojej wypowiedzi dla &#8222;Go\u015bcia Niedzielnego&#8221;. Jej zdaniem, prawo szk\u00f3\u0142 katolickich do niezatrudniania gej\u00f3w wynika wprost z przepis\u00f3w unijnych. &#8211; Je\u015bli kto\u015b si\u0119 z tym nie zgadza, niech pisze protest do Komisji Europejskiej. Rzecz\u0105 nieprzyzwoit\u0105 jest pos\u0105dzanie mnie o homofobi\u0119 &#8211; protestuje.<\/p>\n","protected":false},"excerpt":{"rendered":"<p>Szko\u0142a katolicka mo\u017ce odm\u00f3wi\u0107 zatrudnienia lesbijce. Tak twierdzi minister ds. r\u00f3wnouprawnienia El\u017cbiety Radziszewskiej. Jej wypowied\u017a wzbudzi\u0142a protest organizacji broni\u0105cych praw mniejszo\u015bci seksualnych &#8211; podaje portal tvp.info. &#8211; Minister z\u0142ama\u0142a zasad\u0119 niedyskryminacji &#8211; m\u00f3wi El\u017cbieta Czy\u017c z Helsi\u0144skiej Fundacji Praw Cz\u0142owieka. &hellip; <a href=\"https:\/\/www.bezprawie.pl\/?p=191\">Czytaj dalej <span class=\"meta-nav\">&rarr;<\/span><\/a><\/p>\n","protected":false},"author":1,"featured_media":0,"comment_status":"open","ping_status":"open","sticky":false,"template":"","format":"standard","meta":{"footnotes":""},"categories":[23],"tags":[85],"class_list":["post-191","post","type-post","status-publish","format-standard","hentry","category-warszawa","tag-rownouprawnienie"],"_links":{"self":[{"href":"https:\/\/www.bezprawie.pl\/index.php?rest_route=\/wp\/v2\/posts\/191","targetHints":{"allow":["GET"]}}],"collection":[{"href":"https:\/\/www.bezprawie.pl\/index.php?rest_route=\/wp\/v2\/posts"}],"about":[{"href":"https:\/\/www.bezprawie.pl\/index.php?rest_route=\/wp\/v2\/types\/post"}],"author":[{"embeddable":true,"href":"https:\/\/www.bezprawie.pl\/index.php?rest_route=\/wp\/v2\/users\/1"}],"replies":[{"embeddable":true,"href":"https:\/\/www.bezprawie.pl\/index.php?rest_route=%2Fwp%2Fv2%2Fcomments&post=191"}],"version-history":[{"count":1,"href":"https:\/\/www.bezprawie.pl\/index.php?rest_route=\/wp\/v2\/posts\/191\/revisions"}],"predecessor-version":[{"id":192,"href":"https:\/\/www.bezprawie.pl\/index.php?rest_route=\/wp\/v2\/posts\/191\/revisions\/192"}],"wp:attachment":[{"href":"https:\/\/www.bezprawie.pl\/index.php?rest_route=%2Fwp%2Fv2%2Fmedia&parent=191"}],"wp:term":[{"taxonomy":"category","embeddable":true,"href":"https:\/\/www.bezprawie.pl\/index.php?rest_route=%2Fwp%2Fv2%2Fcategories&post=191"},{"taxonomy":"post_tag","embeddable":true,"href":"https:\/\/www.bezprawie.pl\/index.php?rest_route=%2Fwp%2Fv2%2Ftags&post=191"}],"curies":[{"name":"wp","href":"https:\/\/api.w.org\/{rel}","templated":true}]}}