{"id":198,"date":"2010-10-24T10:09:01","date_gmt":"2010-10-24T10:09:01","guid":{"rendered":"http:\/\/www.bezprawie.pl\/?p=198"},"modified":"2010-10-24T10:09:01","modified_gmt":"2010-10-24T10:09:01","slug":"herszt-mafii-w-bazylice","status":"publish","type":"post","link":"https:\/\/www.bezprawie.pl\/?p=198","title":{"rendered":"Herszt mafii w bazylice"},"content":{"rendered":"<p>&#8211; Dlaczego herszt rzymskich morderc\u00f3w Enrico De Pedis spoczywa w sarkofagu w bazylice \u015bw. Apolinarego? Niech Ko\u015bci\u00f3\u0142, kt\u00f3ry tyle m\u00f3wi o walce z mafi\u0105, wreszcie go stamt\u0105d usunie! &#8211; apeluje by\u0142y burmistrz Rzymu Walter Veltroni. <\/p>\n<p>Wok\u00f3\u0142 grobowca Renatina, bo tak ca\u0142y Rzym nazywa\u0142 Enrica De Pedisa do jego zab\u00f3jstwa w przest\u0119pczych porachunkach w 1990 r., do dzi\u015b kr\u0119c\u0105 si\u0119 prokuratorzy i dziennikarze badaj\u0105cy najg\u0142o\u015bniejsze afery W\u0142och. Cho\u0107 poch\u00f3wek \u015bwieckiego katolika na terenie ko\u015bcio\u0142a jest zasadniczo zakazany przez obecne prawo kanoniczne, to szcz\u0105tki Renatina trafi\u0142y do jednej z najbardziej presti\u017cowych rzymskich bazylik za zgod\u0105 kard. Uga Polettiego. By\u0142 on w\u00f3wczas wikariuszem Rzymu, czyli zast\u0119pc\u0105 Jana Paw\u0142a II w obowi\u0105zkach biskupa diecezji rzymskiej.<\/p>\n<p>&#8222;Zostawcie Renatina w spokoju!&#8221; &#8211; takie pogr\u00f3\u017cki dostali dziennikarze telewizji RAI 3, kiedy w 1997 r. ujawnili skrywany wcze\u015bniej gr\u00f3b De Pedisa, kt\u00f3ry by\u0142 szefem Bandy z Magliany powi\u0105zanej z sycylijsk\u0105 Cosa Nostra, neapolita\u0144sk\u0105 camorr\u0105 oraz boj\u00f3wkami skrajnej prawicy. Banda della Magliana kontrolowa\u0142a p\u00f3\u0142\u015bwiatek Rzymu od ko\u0144ca lat 70. do pocz\u0105tku lat 90., a zdaniem wielu dziennikarzy \u015bledczych jej macki si\u0119ga\u0142y te\u017c wa\u017cnych polityk\u00f3w i hierarch\u00f3w.<\/p>\n<p>Kardyna\u0142 Poletti? &#8211; Bardzo ufa\u0142 mojemu Renatinowi. Byli w za\u017cy\u0142ej przyja\u017ani. Uwielbiali d\u0142ugie, serdeczne pogaw\u0119dki &#8211; wspomina wieloletnia kochanka herszta Sabrina Minardi w wywiadzie rzece &#8222;Segreto Criminale&#8221;.<\/p>\n<p>Kto nie daje wiary jej wyznaniom, staje &#8211; jak podkre\u015bla publicysta &#8222;L&#8217;Espresso&#8221; Gianluca Di Feo &#8211; przed trudn\u0105 do rozwik\u0142ania kwesti\u0105, z jakich innych powod\u00f3w nie\u017cyj\u0105cy ju\u017c kard. Poletti m\u00f3g\u0142by uhonorowa\u0107 Renatina poch\u00f3wkiem w bazylice, zw\u0142aszcza \u017ce ju\u017c w 1990 r. wys\u0142annik\u00f3w Bandy z Magliany oskar\u017cano o zg\u0142adzenie dziennikarza Carmine Picorelliego, handel narkotykami i kontrol\u0119 nad rzymskimi burdelami.<\/p>\n<p>Ko\u015bci\u00f3\u0142 \u017cyje do dzi\u015b nierzadko w symbiozie z mafi\u0105, zw\u0142aszcza na w\u0142oskim Po\u0142udniu, ale coraz wi\u0119cej biskup\u00f3w pr\u00f3buje zburzy\u0107 t\u0119 koegzystencj\u0119 proboszcz\u00f3w i mafios\u00f3w. Przeciw mafii ostro wyst\u0119powali i Jan Pawe\u0142 II, i Benedykt XVI.<\/p>\n<p>&#8211; Batalia prowadzona przez Ko\u015bci\u00f3\u0142 i Benedykta XVI mog\u0142aby zyska\u0107, gdyby wzbogaci\u0142a si\u0119 o konkretne i jednocze\u015bnie symboliczne gesty. Usu\u0144cie gr\u00f3b De Pedisa z bazyliki! &#8211; apeluje by\u0142y przyw\u00f3dca centrolewicy Walter Veltroni. Watykan odpowiada, \u017ce zrobi to, kiedy o ekshumacj\u0119 poprosz\u0105 w\u0142adze \u015bwieckie.<\/p>\n<p>Kochanka Renatina wspomina, jak zanosi\u0142a do abp. Paula Marcinkusa (\u00f3wczesnego szefa banku Watykanu) torby z pieni\u0119dzmi mafii i Bandy z Magliany, kt\u00f3re lokowano na tajnym koncie De Pedisa w Watykanie. &#8211; G\u0142upia by\u0142am. Nie uszczkn\u0119\u0142am nic z tych milion\u00f3w. Zatrzymywa\u0142am tylko opr\u00f3\u017cnione torby firmy Luis Vuitton &#8211; wspomina Sabrina Minardi.<\/p>\n<p>Jednak pe\u0142na tajno\u015b\u0107 banku Watykanu w latach 80. umo\u017cliwia\u0142a nie tylko gigantyczne finansowe przekr\u0119ty z udzia\u0142em mafii, skorumpowanych polityk\u00f3w oraz hierarch\u00f3w, lecz tak\u017ce &#8211; co w\u0142oskie media zgodnie powtarzaj\u0105 od lat &#8211; pozwala\u0142a na poufn\u0105 pomoc finansow\u0105 m.in. na rzecz antykomunistycznych contras w Nikaragui czy te\u017c polskiej opozycji. O ile pieni\u0105dze dla contras mia\u0142y pochodzi\u0107 g\u0142\u00f3wnie z USA, to op\u00f3r wobec komunistycznych re\u017cim\u00f3w w Europie mia\u0142 by\u0107 wspomagany przez papieski Fundusz Charytatywny.<\/p>\n<p>Ludzie Bandy z Magliany s\u0105 w\u015br\u00f3d podejrzanych o zamordowanie Roberta Calviego w 1982 r. Mia\u0142 on grozi\u0107 zdemaskowaniem operacji banku watyka\u0144skiego i wsp\u00f3\u0142pracuj\u0105cego z nim Banco Ambrosiano, w kt\u00f3rym Watykan by\u0142 wi\u0119kszo\u015bciowym udzia\u0142owcem w latach 70. Wprawdzie s\u0105d uniewinni\u0142 w tym roku by\u0142ego cz\u0142onka Bandy Ernesta Diotalleviego (proces rozpocz\u0105\u0142 si\u0119 dopiero w 2007 r., wcze\u015bniej obowi\u0105zywa\u0142a teza o samob\u00f3jstwie Calviego), ale prokuratura zapowiada kolejny proces.<\/p>\n<p>O ile sprawa Calviego jest wi\u0105zana z mafijnymi operacjami z udzia\u0142em banku abp. Marcinkusa, to porwanie 15-letniej obywatelki Watykanu Emanueli Orlandi w 1983 r. mog\u0142o by\u0107 zwi\u0105zane b\u0105d\u017a z mafi\u0105, b\u0105d\u017a z &#8222;przelewami politycznymi&#8221;. \u015aledczy sprawdzaj\u0105 od 2005 r. zeznania by\u0142ych cz\u0142onk\u00f3w Bandy z Magliany, \u017ce to w\u0142a\u015bnie wys\u0142annicy De Pedisa uprowadzili Orlandi.<\/p>\n<p>Dlaczego? Jedna z wersji m\u00f3wi, \u017ce chodzi\u0142o o zastraszenie tych urz\u0119dnik\u00f3w Watykanu, kt\u00f3rzy chc\u0105 zrobi\u0107 porz\u0105dek z tajnymi kontami mafii i polityk\u00f3w. Natomiast dziennikarz \u015bledczy Pino Nicotri twierdzi, \u017ce to s\u0142u\u017cby wschodnioeuropejskie chcia\u0142y zastraszy\u0107 Watykan, by przerwa\u0142 pomoc dla antykomunistycznej opozycji. W ka\u017cdej z wersji Banda mog\u0142a by\u0107 \u017ar\u00f3d\u0142em morderc\u00f3w do wynaj\u0119cia.<\/p>\n<p>Orlandi nigdy si\u0119 nie odnalaz\u0142a, a prokuratura niedawno zacz\u0119\u0142a traktowa\u0107 na serio doniesienia, \u017ce jej szcz\u0105tki mog\u0105 by\u0107 ukryte przez Band\u0119 w sarkofagu, gdzie potem z\u0142o\u017cono De Pedisa.<\/p>\n<p>Renatino staje si\u0119 teraz we W\u0142oszech po\u015bmiertnym celebryt\u0105 &#8211; jego losy zosta\u0142y pokazane w fabularyzowanym filmie &#8222;Dandi&#8221;, a zesp\u00f3\u0142 AmorFou nagra\u0142 o nim piosenk\u0119. \u015apiewano j\u0105 we wrze\u015bniu na niewielkim koncercie niedaleko bazyliki \u015bw. Apolinarego.<\/p>\n<p>\u0179r\u00f3d\u0142o: Gazeta Wyborcza<\/p>\n","protected":false},"excerpt":{"rendered":"<p>&#8211; Dlaczego herszt rzymskich morderc\u00f3w Enrico De Pedis spoczywa w sarkofagu w bazylice \u015bw. Apolinarego? Niech Ko\u015bci\u00f3\u0142, kt\u00f3ry tyle m\u00f3wi o walce z mafi\u0105, wreszcie go stamt\u0105d usunie! &#8211; apeluje by\u0142y burmistrz Rzymu Walter Veltroni. Wok\u00f3\u0142 grobowca Renatina, bo tak &hellip; <a href=\"https:\/\/www.bezprawie.pl\/?p=198\">Czytaj dalej <span class=\"meta-nav\">&rarr;<\/span><\/a><\/p>\n","protected":false},"author":1,"featured_media":0,"comment_status":"open","ping_status":"open","sticky":false,"template":"","format":"standard","meta":{"footnotes":""},"categories":[1],"tags":[],"class_list":["post-198","post","type-post","status-publish","format-standard","hentry","category-bez-kategorii"],"_links":{"self":[{"href":"https:\/\/www.bezprawie.pl\/index.php?rest_route=\/wp\/v2\/posts\/198","targetHints":{"allow":["GET"]}}],"collection":[{"href":"https:\/\/www.bezprawie.pl\/index.php?rest_route=\/wp\/v2\/posts"}],"about":[{"href":"https:\/\/www.bezprawie.pl\/index.php?rest_route=\/wp\/v2\/types\/post"}],"author":[{"embeddable":true,"href":"https:\/\/www.bezprawie.pl\/index.php?rest_route=\/wp\/v2\/users\/1"}],"replies":[{"embeddable":true,"href":"https:\/\/www.bezprawie.pl\/index.php?rest_route=%2Fwp%2Fv2%2Fcomments&post=198"}],"version-history":[{"count":1,"href":"https:\/\/www.bezprawie.pl\/index.php?rest_route=\/wp\/v2\/posts\/198\/revisions"}],"predecessor-version":[{"id":199,"href":"https:\/\/www.bezprawie.pl\/index.php?rest_route=\/wp\/v2\/posts\/198\/revisions\/199"}],"wp:attachment":[{"href":"https:\/\/www.bezprawie.pl\/index.php?rest_route=%2Fwp%2Fv2%2Fmedia&parent=198"}],"wp:term":[{"taxonomy":"category","embeddable":true,"href":"https:\/\/www.bezprawie.pl\/index.php?rest_route=%2Fwp%2Fv2%2Fcategories&post=198"},{"taxonomy":"post_tag","embeddable":true,"href":"https:\/\/www.bezprawie.pl\/index.php?rest_route=%2Fwp%2Fv2%2Ftags&post=198"}],"curies":[{"name":"wp","href":"https:\/\/api.w.org\/{rel}","templated":true}]}}