{"id":206,"date":"2010-10-28T07:44:18","date_gmt":"2010-10-28T07:44:18","guid":{"rendered":"http:\/\/www.bezprawie.pl\/?p=206"},"modified":"2010-10-28T07:44:18","modified_gmt":"2010-10-28T07:44:18","slug":"prezesi-stoczni-chca-milionow-za-areszt","status":"publish","type":"post","link":"https:\/\/www.bezprawie.pl\/?p=206","title":{"rendered":"Prezesi stoczni chc\u0105 milion\u00f3w za areszt"},"content":{"rendered":"<p>Uniewinnieni prezesi stoczniowego holdingu b\u0119d\u0105 domaga\u0107 si\u0119 przed s\u0105dem wysokich odszkodowa\u0144 i zado\u015b\u0107uczynienia za ich aresztowanie w 2002 r. &#8211; Zrujnowano nam kariery &#8211; m\u00f3wi Krzysztof Piotrowski, , by\u0142y prezes stoczni, kt\u00f3ry osiem lat czeka\u0142 na sprawiedliwo\u015b\u0107<br \/>\nS\u0105d prawdopodobnie ju\u017c w listopadzie zajmie si\u0119 spraw\u0105 odszkodowa\u0144 i zado\u015b\u0107uczynienia dla siedmiu by\u0142ych szef\u00f3w dawnej Stoczni Szczeci\u0144skiej Porta Holding SA.<\/p>\n<p>&#8211; Czekamy tylko na akta sprawy, kt\u00f3re by\u0142y ostatnio w S\u0105dzie Najwy\u017cszym &#8211; m\u00f3wi Piotrowski.<\/p>\n<p>SN zajmowa\u0142 si\u0119 wnioskiem prokuratury o kasacj\u0119 wyroku uniewinniaj\u0105cego prezes\u00f3w holdingu stoczniowego. 5 pa\u017adziernika wniosek zosta\u0142 oddalony. Tym samym ostatecznie sko\u0144czy\u0142a si\u0119 sprawa, w kt\u00f3rej oskar\u017conymi byli dawni prezesi stoczni. Prokuratura zarzuci\u0142a im najpierw malwersacj\u0119, a potem nadu\u017cycie uprawnie\u0144, brak dba\u0142o\u015bci i &#8222;wyrz\u0105dzenie w mieniu sp\u00f3\u0142ki szkody maj\u0105tkowej w wielkich rozmiarach w \u0142\u0105cznej kwocie ok. 68 mln z\u0142&#8221;.<\/p>\n<p>&#8211; Zrujnowano nam kariery, dwumiesi\u0119czny areszt odbi\u0142 si\u0119 na moim zdrowiu &#8211; m\u00f3wi Piotrowski. &#8211; Moja \u017cona musia\u0142a zrezygnowa\u0107 z kariery naukowej. Nigdy ju\u017c nie wr\u00f3ci\u0142em do takiej aktywno\u015bci zawodowej, jak kiedy\u015b. Przez osiem lat musia\u0142em t\u0142umaczy\u0107 si\u0119 z tego, czego nie zrobi\u0142em. Mimo wyroku uniewinniaj\u0105cego, zawodowo mi si\u0119 nie pouk\u0142ada\u0142o. Pracuj\u0119 na Politechnice Pozna\u0144skiej. Wyk\u0142adam tematy niezwi\u0105zane z bran\u017c\u0105 okr\u0119tow\u0105. Nie czuj\u0119 si\u0119 usatysfakcjonowany.<\/p>\n<p>Areszt za\u0142ama\u0142 te\u017c karier\u0119 67-letniego dzi\u015b Marka Ta\u0142asiewicza, kt\u00f3ry dopiero teraz, startuj\u0105c z listy PO do sejmiku, w pe\u0142ni wraca do \u017cycia publicznego.<\/p>\n<p>&#8211; W 2002 roku mog\u0142em jeszcze wiele zrobi\u0107, by\u0142em m\u0142odszy, by\u0142em zdrowy &#8211; m\u00f3wi Ta\u0142asiewicz. &#8211; Sprawa zosta\u0142a zamkni\u0119ta dopiero po o\u015bmiu latach. I jest to skandal.<\/p>\n<p>Przypadek Ta\u0142asiewicza jest zreszt\u0105 najbardziej kuriozalny. Jako oskar\u017cony o niezachowanie ostro\u017cno\u015bci przy podpisaniu przez zarz\u0105d trzech uchwa\u0142, nigdy nie us\u0142ysza\u0142 od prokuratora, na czym konkretnie polega\u0142o jego przest\u0119pstwo.<\/p>\n<p>&#8211; Z tego, co wiem, pozostali prezesi przeszli na emerytur\u0119, tylko Arkadiusz Goj jeszcze pracuje, w Szwajcarii &#8211; m\u00f3wi Piotrowski.<\/p>\n<p>Wniosek o odszkodowanie i zado\u015b\u0107uczynienie ka\u017cdy z uniewinnionych z\u0142o\u017cy\u0142 osobno. Sprawy maj\u0105 by\u0107 jednak w s\u0105dzie rozpatrywane razem. Jakich pieni\u0119dzy domagaj\u0105 si\u0119? Piotrowski nie chce tego ujawni\u0107. Na pewno ka\u017cdy przypadek jest inny. Nieoficjalnie wiemy, \u017ce w gr\u0119 wchodz\u0105 kwoty oko\u0142o miliona z\u0142otych (za wyj\u0105tkiem Marka Ta\u0142asiewicza, kt\u00f3ry domaga si\u0119 mniejszego odszkodowania).<\/p>\n<p>&#8211; Kiedy zosta\u0142em aresztowany, by\u0142em ju\u017c w okresie wypowiedzenia &#8211; t\u0142umaczy Ta\u0142asiewicz. &#8211; Mia\u0142em zacz\u0105\u0107 prac\u0119 na uczelni. Mia\u0142em deklaracj\u0119 na pi\u015bmie. Areszt i to, co si\u0119 dzia\u0142o p\u00f3\u017aniej, ten plan zniszczy\u0142y.<\/p>\n<p>Wed\u0142ug Piotrowskiego pieni\u0105dze b\u0119d\u0105 potrzebne przede wszystkim na op\u0142acenie adwokat\u00f3w, kt\u00f3rzy ich bronili. Prezesi wzi\u0119li tych z g\u00f3rnej p\u00f3\u0142ki: Marka Miko\u0142ajczyka, Bart\u0142omieja Socha\u0144skiego, Micha\u0142a Domaga\u0142\u0119, Wojciecha W\u0105sowicza.<\/p>\n<p>&#8211; W moim przypadku panowie Socha\u0144ski i W\u0105sowicz czekaj\u0105 na pieni\u0105dze &#8211; przyznaje Piotrowski.<\/p>\n<p>W 2002 r. na skutek za\u0142amania si\u0119 rynku okr\u0119towego szczeci\u0144ska stocznia straci\u0142a p\u0142ynno\u015b\u0107 finansow\u0105. Szefowie sp\u00f3\u0142ki przygotowywali si\u0119 do kryzysu od kilku lat, inwestuj\u0105c w handel paliwami. Krzysztof Piotrowski twierdzi, \u017ce stocznia potrzebowa\u0142a od rz\u0105du Leszka Millera (SLD) jedynie gwarancji kredytowych. Us\u0142yszeli, \u017ce &#8222;prywatnym pa\u0144stwo nie pomaga&#8221;. Byli prezesi s\u0105 przekonani, \u017ce lewicowy rz\u0105d z premedytacj\u0105 doprowadzi\u0142 do zatopienia stoczni.<\/p>\n<p>&#8211; Chodzi\u0142o o przej\u0119cie bazy paliwowej w \u015awinouj\u015bciu, kt\u00f3ra nale\u017ca\u0142a do holdingu &#8211; twierdzi Piotrowski. &#8211; Po naszym aresztowaniu Port\u0119 Petrol kupi\u0142a sp\u00f3\u0142ka Prolim nale\u017c\u0105ca do Jerzego J\u0119drykiewicza, w\u00f3wczas cz\u0142onka w\u0142adz krajowych SLD i szefa tej partii na Pomorzu.<\/p>\n<p>S\u0105d og\u0142osi\u0142 upad\u0142o\u015b\u0107 stoczni w lipcu 2002 r. Prezesi holdingu zostali 20 dni wcze\u015bniej. Zreszt\u0105 zapowiedzia\u0142 to publicznie \u00f3wczesny szef MSWiA Krzysztof Janik. Wszystko odby\u0142o si\u0119 w atmosferze burzliwych demonstracji stoczniowc\u00f3w na ulicach Szczecina domagaj\u0105cych si\u0119 szybkiego ukarania winnych katastrofy stoczni.<\/p>\n<p>Proces ci\u0105gn\u0105\u0142 si\u0119 trzy i p\u00f3\u0142 roku i by\u0142 najwi\u0119kszym gospodarczym procesem w dziejach szczeci\u0144skiego s\u0105du okr\u0119gowego. Na \u0142awie oskar\u017conych zasiad\u0142 by\u0142y prezes Stoczni Szczeci\u0144skiej Porta Holding SA Krzysztof Piotrowski oraz wiceprezesi i cz\u0142onkowie zarz\u0105du Ryszard Kwidzy\u0144ski, Grzegorz Huszcz, Zbigniew G\u0105sior, Andrzej \u017barnoch, Arkadiusz Goj i Marek Ta\u0142asiewicz. Z ka\u017cd\u0105 rozpraw\u0105 okazywa\u0142o si\u0119, \u017ce akt oskar\u017cenia rozpada si\u0119 w py\u0142, a na jaw wychodz\u0105 zaskakuj\u0105ce okoliczno\u015bci jego powstania (zignorowany zosta\u0142 m.in. dokument Urz\u0119du Ochrony Konkurencji i Konsument\u00f3w, kt\u00f3ry by\u0142 korzystny dla prezes\u00f3w). W trakcie procesu run\u0105\u0142 filar aktu oskar\u017cenia: opinie bieg\u0142ych prokuratury, kt\u00f3rzy &#8211; zeznaj\u0105c &#8211; przyznali w ko\u0144cu racj\u0119 oskar\u017conym.<\/p>\n<p>gazeta.pl<\/p>\n","protected":false},"excerpt":{"rendered":"<p>Uniewinnieni prezesi stoczniowego holdingu b\u0119d\u0105 domaga\u0107 si\u0119 przed s\u0105dem wysokich odszkodowa\u0144 i zado\u015b\u0107uczynienia za ich aresztowanie w 2002 r. &#8211; Zrujnowano nam kariery &#8211; m\u00f3wi Krzysztof Piotrowski, , by\u0142y prezes stoczni, kt\u00f3ry osiem lat czeka\u0142 na sprawiedliwo\u015b\u0107 S\u0105d prawdopodobnie ju\u017c &hellip; <a href=\"https:\/\/www.bezprawie.pl\/?p=206\">Czytaj dalej <span class=\"meta-nav\">&rarr;<\/span><\/a><\/p>\n","protected":false},"author":1,"featured_media":0,"comment_status":"open","ping_status":"open","sticky":false,"template":"","format":"standard","meta":{"footnotes":""},"categories":[37],"tags":[],"class_list":["post-206","post","type-post","status-publish","format-standard","hentry","category-szczecin"],"_links":{"self":[{"href":"https:\/\/www.bezprawie.pl\/index.php?rest_route=\/wp\/v2\/posts\/206","targetHints":{"allow":["GET"]}}],"collection":[{"href":"https:\/\/www.bezprawie.pl\/index.php?rest_route=\/wp\/v2\/posts"}],"about":[{"href":"https:\/\/www.bezprawie.pl\/index.php?rest_route=\/wp\/v2\/types\/post"}],"author":[{"embeddable":true,"href":"https:\/\/www.bezprawie.pl\/index.php?rest_route=\/wp\/v2\/users\/1"}],"replies":[{"embeddable":true,"href":"https:\/\/www.bezprawie.pl\/index.php?rest_route=%2Fwp%2Fv2%2Fcomments&post=206"}],"version-history":[{"count":1,"href":"https:\/\/www.bezprawie.pl\/index.php?rest_route=\/wp\/v2\/posts\/206\/revisions"}],"predecessor-version":[{"id":207,"href":"https:\/\/www.bezprawie.pl\/index.php?rest_route=\/wp\/v2\/posts\/206\/revisions\/207"}],"wp:attachment":[{"href":"https:\/\/www.bezprawie.pl\/index.php?rest_route=%2Fwp%2Fv2%2Fmedia&parent=206"}],"wp:term":[{"taxonomy":"category","embeddable":true,"href":"https:\/\/www.bezprawie.pl\/index.php?rest_route=%2Fwp%2Fv2%2Fcategories&post=206"},{"taxonomy":"post_tag","embeddable":true,"href":"https:\/\/www.bezprawie.pl\/index.php?rest_route=%2Fwp%2Fv2%2Ftags&post=206"}],"curies":[{"name":"wp","href":"https:\/\/api.w.org\/{rel}","templated":true}]}}