{"id":240,"date":"2011-02-18T10:51:18","date_gmt":"2011-02-18T10:51:18","guid":{"rendered":"http:\/\/www.bezprawie.pl\/?p=240"},"modified":"2011-02-18T10:51:18","modified_gmt":"2011-02-18T10:51:18","slug":"niepelnosprawny-przegral-w-sadzie-jest-zbyt-silny-psychicznie","status":"publish","type":"post","link":"https:\/\/www.bezprawie.pl\/?p=240","title":{"rendered":"Niepe\u0142nosprawny przegra\u0142 w s\u0105dzie. Jest&#8230; zbyt silny psychicznie"},"content":{"rendered":"<p>Niepe\u0142nosprawny nie m\u00f3g\u0142 skorzysta\u0107 ze swoich praw, ale zdaniem s\u0105du nic si\u0119 nie sta\u0142o, bo m\u0119\u017cczyzna i tak dobrze sobie w \u017cyciu radzi. Oto historia niepe\u0142nosprawnego Dominika, kt\u00f3rego obs\u0142uga bezprawnie wyprosi\u0142a z restauracji. M\u0119\u017cczyzna postanowi\u0142 dochodzi\u0107 sprawiedliwo\u015bci w s\u0105dzie. Przegra\u0142. <\/p>\n<p>Dominik przyszed\u0142 do jednej z warszawskich restauracji. Zaprosi\u0142 na kolacj\u0119 narzeczon\u0105, wsp\u00f3lnie \u015bwi\u0119towali rocznic\u0119 zar\u0119czyn. Do lokalu chcieli wprowadzi\u0107 psa, asystenta osoby niepe\u0142nosprawnej. Zgodnie z prawem nie wolno mu tego zabroni\u0107. Od 2006 roku w stolicy obowi\u0105zuje uchwa\u0142a Rady Miasta zgodnie, z kt\u00f3r\u0105 odpowiednio przygotowane psy mog\u0105 wchodzi\u0107 do urz\u0119d\u00f3w czy punkt\u00f3w gastronomicznych.<\/p>\n<p>Personel restauracji nie chcia\u0142 s\u0142ucha\u0107 takiego t\u0142umaczenia &#8211; Poprosi\u0142em o rozmow\u0119 z menad\u017cerem, ale nie doszli\u015bmy do porozumienia. M\u00f3wi\u0142, \u017ce przepisy sanepidu nie pozwalaj\u0105 mi wej\u015b\u0107 z psem i \u017cadne t\u0142umaczenia nie pomog\u0142y &#8211; m\u00f3wi radiu TOK FM Dominik, kt\u00f3ry wyja\u015bnia, jak wa\u017cn\u0105 rol\u0119 w jego \u017cyciu odgrywa pies Kankan.<\/p>\n<p>Skarb, nie pies<\/p>\n<p>&#8211; W restauracji zaproponowali, \u017cebym zostawi\u0142 psa przed budynkiem &#8211; relacjonuje Dominik i opowiada, \u017ce Kankan sp\u0119dza z nim 24 godziny na dob\u0119, bo tak zosta\u0142 wyszkolony &#8211; Mam sparali\u017cowane nie tylko nogi, ale i r\u0119ce. Je\u017celi co\u015b mi upadnie, pies to podnosi: monety, karty p\u0142atnicze czy portfel. Przyci\u0105ga mi te\u017c w\u00f3zek, je\u015bli nie dosi\u0119gn\u0119 &#8211; m\u00f3wi Dominik i pokazuje, jak pies mu s\u0142u\u017cy i jak wykonuje te wszystkie czynno\u015bci. &#8211; Takiego psa si\u0119 nie zostawia przed restauracj\u0105. Jego wyszkolenie kosztuje kilkadziesi\u0105t tysi\u0119cy z\u0142otych. To tak, jakby kto\u015b zostawi\u0142 otwarty samoch\u00f3d &#8211; m\u00f3wi Dominik i dodaje, \u017ce w restauracji byli innego zdania &#8211; Personel m\u00f3wi\u0142, \u017ce sobie dobrze radz\u0119 i pies nie jest mi do niczego potrzebny.<\/p>\n<p>Po sprawiedliwo\u015b\u0107<\/p>\n<p>M\u0119\u017cczyzna nie m\u00f3g\u0142 wej\u015b\u0107 do restauracji, ale postanowi\u0142, \u017ce tak sprawy nie zostawi i skierowa\u0142 j\u0105 do s\u0105du. &#8211; Chcia\u0142em przeprosin i odszkodowania na rzecz fundacji, kt\u00f3ra wyszkoli\u0142a i przekaza\u0142a mi psa &#8211; m\u00f3wi Dominik. Sprawa o naruszenie d\u00f3br osobistych trafi\u0142a do warszawskiego S\u0105du Okr\u0119gowego, ale Dominik przegra\u0142.<\/p>\n<p>Nie tylko nie by\u0142o przeprosin i odszkodowania, ale s\u0105d kaza\u0142 mu zwr\u00f3ci\u0107 te\u017c koszty post\u0119powania. &#8211; Jak us\u0142ysza\u0142em uzasadnienie wyroku by\u0142em zszokowany &#8211; m\u00f3wi m\u0119\u017cczyzna.<\/p>\n<p>Zbyt sprawny, by si\u0119 skar\u017cy\u0107<\/p>\n<p>W uzasadnieniu wyroku czytamy, \u017ce Dominik jest aktywny spo\u0142ecznie i uprawia sport, a to jest dla niego forma terapii. Dlatego te\u017c jest odporny psychicznie i mo\u017ce czu\u0107 si\u0119 bardziej pewny siebie. Doktor Monika Zima z Polskiego Towarzystwa Prawa Antydyskryminacyjnego pocz\u0105tkowo nie wierzy\u0142a, \u017ce s\u0105d m\u00f3g\u0142 wyda\u0107 takie orzeczenie. &#8211; To jest kuriozalna decyzja &#8211; m\u00f3wi i dodaje, \u017ce Dominik mo\u017ce czu\u0107 si\u0119 pokrzywdzony. &#8211; S\u0105d nie dostrzeg\u0142 tego, \u017ce podw\u00f3jnie krzywdzi pana Dominika. On nie tylko by\u0142 dyskryminowany, gdy go wyproszono z restauracji, ale jednocze\u015bnie s\u0105d jako w\u0142adza publiczna nie pozwala mu czu\u0107 si\u0119 \u017ale z tego powodu, \u017ce go z tej restauracji wyrzucono &#8211; m\u00f3wi Monika Zima<\/p>\n<p>S\u0105d ma jeszcze apelacj\u0119<\/p>\n<p>Pr\u00f3bowali\u015bmy si\u0119 skontaktowa\u0107 z s\u0119dzi\u0105, kt\u00f3ra wyda\u0142a wyrok w tej sprawie, ale us\u0142yszeli\u015bmy, \u017ce zgodnie z panuj\u0105cymi w tym s\u0105dzie regu\u0142ami nikt, kto orzeka\u0142, nie komentuje swoich wyrok\u00f3w. Rzecznika S\u0105du Okr\u0119gowego w Warszawie pytali\u015bmy wi\u0119c, jak mo\u017cna t\u0142umaczy\u0107 takie uzasadnienie &#8211; Rzeczywi\u015bcie takie rozwa\u017cania w uzasadnieniu si\u0119 znalaz\u0142y, ale podkre\u015blam, \u017ce to jest nieprawomocny wyrok. S\u0105d odwo\u0142awczy zajmie si\u0119 s\u0142uszno\u015bci\u0105 takiego rozumowania &#8211; m\u00f3wi Wojciech Ma\u0142ek i dodaje, \u017ce to by\u0142 zaledwie jeden z fragment\u00f3w uzasadnienia.<\/p>\n<p>A prawo jest po to, by go nie stosowa\u0107<\/p>\n<p>Opr\u00f3cz fragment\u00f3w uzasadnienia dotycz\u0105cych kondycji psychicznej Dominika s\u0105d odni\u00f3s\u0142 si\u0119 te\u017c do \u0142amania prawa przez personel restauracji. &#8211; To jest specyficzna sytuacja, bo s\u0105d tworzy tak\u0105 mo\u017cliwo\u015b\u0107 dla swoich obywateli, \u017ce nie musz\u0105 stosowa\u0107 prawa i \u017ce nieznajomo\u015b\u0107 prawa nie szkodzi &#8211; komentuje uzasadnienie wyroku doktor Monika Zima.<\/p>\n<p>S\u0105d t\u0142umacz\u0105c swoj\u0105 decyzj\u0119 przywo\u0142uje uchwa\u0142\u0119, kt\u00f3ra pozwala psom asystentom wchodzi\u0107 do restauracji, ale zaraz potem dodaje, \u017ce personel niekoniecznie musia\u0142 je zna\u0107. &#8211; S\u0105d w tym post\u0119powaniu sprawdza\u0142, czy zosta\u0142y naruszone dobra osobiste powoda i tego dotyczy\u0142a jego decyzja &#8211; broni argumentacji swojej kole\u017canki s\u0119dzia Ma\u0142ek.<\/p>\n<p>Wstawi\u0105 si\u0119 za Dominikiem<\/p>\n<p>Pe\u0142nomocnik Dominika z\u0142o\u017cy\u0142 ju\u017c apelacj\u0119 w tej sprawie. W procesie chc\u0105 uczestniczy\u0107 te\u017c prawnicy z Polskiego Towarzystwa Prawa Antydyskryminacyjnego, kt\u00f3rzy uwa\u017caj\u0105, \u017ce dobra osobiste Dominika zosta\u0142y naruszone, a s\u0105d nie przy\u0142o\u017cy\u0142 si\u0119 do wydania tego wyroku.<\/p>\n<p>gazeta.pl<\/p>\n","protected":false},"excerpt":{"rendered":"<p>Niepe\u0142nosprawny nie m\u00f3g\u0142 skorzysta\u0107 ze swoich praw, ale zdaniem s\u0105du nic si\u0119 nie sta\u0142o, bo m\u0119\u017cczyzna i tak dobrze sobie w \u017cyciu radzi. Oto historia niepe\u0142nosprawnego Dominika, kt\u00f3rego obs\u0142uga bezprawnie wyprosi\u0142a z restauracji. M\u0119\u017cczyzna postanowi\u0142 dochodzi\u0107 sprawiedliwo\u015bci w s\u0105dzie. Przegra\u0142. &hellip; <a href=\"https:\/\/www.bezprawie.pl\/?p=240\">Czytaj dalej <span class=\"meta-nav\">&rarr;<\/span><\/a><\/p>\n","protected":false},"author":1,"featured_media":0,"comment_status":"open","ping_status":"open","sticky":false,"template":"","format":"standard","meta":{"footnotes":""},"categories":[23],"tags":[18],"class_list":["post-240","post","type-post","status-publish","format-standard","hentry","category-warszawa","tag-sad"],"_links":{"self":[{"href":"https:\/\/www.bezprawie.pl\/index.php?rest_route=\/wp\/v2\/posts\/240","targetHints":{"allow":["GET"]}}],"collection":[{"href":"https:\/\/www.bezprawie.pl\/index.php?rest_route=\/wp\/v2\/posts"}],"about":[{"href":"https:\/\/www.bezprawie.pl\/index.php?rest_route=\/wp\/v2\/types\/post"}],"author":[{"embeddable":true,"href":"https:\/\/www.bezprawie.pl\/index.php?rest_route=\/wp\/v2\/users\/1"}],"replies":[{"embeddable":true,"href":"https:\/\/www.bezprawie.pl\/index.php?rest_route=%2Fwp%2Fv2%2Fcomments&post=240"}],"version-history":[{"count":1,"href":"https:\/\/www.bezprawie.pl\/index.php?rest_route=\/wp\/v2\/posts\/240\/revisions"}],"predecessor-version":[{"id":241,"href":"https:\/\/www.bezprawie.pl\/index.php?rest_route=\/wp\/v2\/posts\/240\/revisions\/241"}],"wp:attachment":[{"href":"https:\/\/www.bezprawie.pl\/index.php?rest_route=%2Fwp%2Fv2%2Fmedia&parent=240"}],"wp:term":[{"taxonomy":"category","embeddable":true,"href":"https:\/\/www.bezprawie.pl\/index.php?rest_route=%2Fwp%2Fv2%2Fcategories&post=240"},{"taxonomy":"post_tag","embeddable":true,"href":"https:\/\/www.bezprawie.pl\/index.php?rest_route=%2Fwp%2Fv2%2Ftags&post=240"}],"curies":[{"name":"wp","href":"https:\/\/api.w.org\/{rel}","templated":true}]}}