{"id":250,"date":"2011-04-05T20:03:16","date_gmt":"2011-04-05T20:03:16","guid":{"rendered":"http:\/\/www.bezprawie.pl\/?p=250"},"modified":"2011-04-05T20:03:16","modified_gmt":"2011-04-05T20:03:16","slug":"torturuja-lamia-prawa-czlowieka-i-maja-szkolic-polskich-prokuratorow","status":"publish","type":"post","link":"https:\/\/www.bezprawie.pl\/?p=250","title":{"rendered":"Torturuj\u0105, \u0142ami\u0105 prawa cz\u0142owieka i maj\u0105 szkoli\u0107 polskich prokurator\u00f3w"},"content":{"rendered":"<p>Nagminnie \u0142ami\u0105 prawa cz\u0142owieka, stosuj\u0105 tortury i zamykaj\u0105 niewinnych w wi\u0119zieniach, a teraz maj\u0105 szkoli\u0107 polskich prokurator\u00f3w. Jak dowiedzia\u0142o si\u0119 TOK FM Krajowa Szko\u0142a S\u0105downictwa i Prokuratury RP podpisa\u0142a memorandum o wsp\u00f3\u0142pracy i wzajemnym szkoleniu kadr z wymiarem sprawiedliwo\u015bci z Uzbekistanu. Praktyki w\u0142adz tego kraju krytykuj\u0105 Unia Europejska i ONZ.<br \/>\nPolscy i uzbeccy prokuratorzy spotkali si\u0119 w marcu w Krakowie i postanowili wsp\u00f3\u0142pracowa\u0107. Memorandum, kt\u00f3re podpisali ma stworzy\u0107 ramy prawne dla organizacji szkole\u0144 i konferencji dotycz\u0105cych systemu s\u0105downictwa i systemu ochrony praw cz\u0142owieka. Dokument zak\u0142ada wsp\u00f3\u0142prac\u0119 w obszarze szkolenia kadr mi\u0119dzy Krajow\u0105 Szkol\u0105 S\u0105downictwa i Prokuratury Rzeczypospolitej Polskiej a Wy\u017csz\u0105 Szko\u0142\u0105 Prokuratury Generalnej Republiki Uzbekistanu.<\/p>\n<p>&#8211; Inicjatywa wysz\u0142a ze strony naszych go\u015bci. To oni chcieli si\u0119 spotka\u0107 i to nie tylko z przedstawicielami Polski, ale tak\u017ce z innych kraj\u00f3w Unii Europejskiej &#8211; m\u00f3wi Rafa\u0142 Dzyr z Krajowej Szko\u0142y S\u0105downictwa i Prokuratury w Krakowie. Nie kryje, \u017ce wie jak wygl\u0105da dzia\u0142anie wymiaru sprawiedliwo\u015bci w Uzbekistanie. &#8211; Nie mo\u017cemy od razu powiedzie\u0107, \u017ce nie podejmiemy takiej wsp\u00f3\u0142pracy, w latach 80. Zach\u00f3d te\u017c si\u0119 od nas nie odwraca\u0142. Podczas spotkania Uzbecy sami wyszli do nas z pytaniami jak chroni\u0107 prawa cz\u0142owieka, a takiej odpowiedzi bezwzgl\u0119dnie musimy udzieli\u0107 &#8211; m\u00f3wi Dzyr i dodaje, \u017ce ka\u017cdy kontakt z inn\u0105 kultur\u0105 czego\u015b uczy. &#8211; Nawet je\u017celi oka\u017ce si\u0119, \u017ce nasze wra\u017cenia s\u0105 negatywne, to tym bardziej polscy s\u0119dziowie i prokuratorzy b\u0119d\u0105 docenia\u0107 polski system.<\/p>\n<p>Ugotowali wi\u0119\u017ani\u00f3w \u017cywcem<\/p>\n<p>Niemal wszystkie organizacje mi\u0119dzynarodowe zajmuj\u0105ce si\u0119 problematyk\u0105 praw cz\u0142owieka zwracaj\u0105 uwag\u0119 na fataln\u0105 sytuacj\u0119 w Uzbekistanie. Z danych Amnesty International i Human Rights Watch, wynika, \u017ce tylko w 2010 roku w uzbeckich wi\u0119zieniach z powodu tortur zmar\u0142o 39 os\u00f3b, wyroki ci\u0105gle odbywa wiele os\u00f3b skazanych w sfingowanych procesach.<\/p>\n<p>Kilka lat temu Uzbekistan znalaz\u0142 si\u0119 w\u015br\u00f3d najbardziej represyjnych spo\u0142ecze\u0144stw. &#8211; Amnesty International ka\u017cdego roku wskazuje na bardzo ci\u0119\u017ck\u0105 sytuacj\u0119 wi\u0119\u017ani\u00f3w, kt\u00f3rzy s\u0105 torturowani, maltretowani i przetrzymywani w bardzo ci\u0119\u017ckich warunkach &#8211; m\u00f3wi Aleksandra Mi\u0144kiewicz z Amnesty. Jak dodaje, sytuacja w tym kraju nie poprawia si\u0119. &#8211; Kolejne raporty potwierdzaj\u0105, \u017ce w\u0142adze Uzbekistanu \u0142ami\u0105 prawa cz\u0142owieka. Najci\u0119\u017csze represje stosowane s\u0105 wobec obro\u0144c\u00f3w praw cz\u0142owieka i dziennikarzy &#8211; m\u00f3wi Mi\u0144kiewicz.<\/p>\n<p>Z raportu sporz\u0105dzonego przez brytyjsk\u0105 ambasad\u0119 wynika, \u017ce w trakcie przes\u0142ucha\u0144 dw\u00f3ch wi\u0119\u017ani\u00f3w ugotowano \u017cywcem.<\/p>\n<p>S\u0119dziowie: trzeba to przemy\u015ble\u0107<\/p>\n<p>Na informacje o podpisaniu memorandum zareagowa\u0142o \u015brodowisko s\u0119dziowskie. &#8211; Wsp\u00f3\u0142praca na r\u00f3wnoprawnych zasadach wydaje si\u0119 nie na miejscu &#8211; m\u00f3wi Rafa\u0142 Piebiak ze stowarzyszenia s\u0119dzi\u00f3w polskich Iustitia<\/p>\n<p>Jak podkre\u015bla, podpisywanie tego typu porozumie\u0144 trzeb zawsze dobrze przemy\u015ble\u0107. &#8211; Nie mo\u017cna od razu odrzuca\u0107 kontakt\u00f3w z takim krajem, ale trzeba si\u0119 zastanowi\u0107 czy to co\u015b zmieni &#8211; m\u00f3wi Piebiak. Przypomina, \u017ce Polscy s\u0119dziowie nie zgodzili si\u0119 na wymian\u0119 do\u015bwiadcze\u0144 z s\u0119dziami z Bia\u0142orusi. &#8211; Memorandum jest tylko dokumentem i jak ka\u017cda tego typu umowa mo\u017ce by\u0107 podpisana, ale jej ustalenia nie musz\u0105 by\u0107 realizowane &#8211; twierdzi cz\u0142onek zarz\u0105du Iustitii.<\/p>\n","protected":false},"excerpt":{"rendered":"<p>Nagminnie \u0142ami\u0105 prawa cz\u0142owieka, stosuj\u0105 tortury i zamykaj\u0105 niewinnych w wi\u0119zieniach, a teraz maj\u0105 szkoli\u0107 polskich prokurator\u00f3w. Jak dowiedzia\u0142o si\u0119 TOK FM Krajowa Szko\u0142a S\u0105downictwa i Prokuratury RP podpisa\u0142a memorandum o wsp\u00f3\u0142pracy i wzajemnym szkoleniu kadr z wymiarem sprawiedliwo\u015bci z &hellip; <a href=\"https:\/\/www.bezprawie.pl\/?p=250\">Czytaj dalej <span class=\"meta-nav\">&rarr;<\/span><\/a><\/p>\n","protected":false},"author":1,"featured_media":0,"comment_status":"open","ping_status":"open","sticky":false,"template":"","format":"standard","meta":{"footnotes":""},"categories":[3],"tags":[17,82],"class_list":["post-250","post","type-post","status-publish","format-standard","hentry","category-polska","tag-prokuratura","tag-tortury"],"_links":{"self":[{"href":"https:\/\/www.bezprawie.pl\/index.php?rest_route=\/wp\/v2\/posts\/250","targetHints":{"allow":["GET"]}}],"collection":[{"href":"https:\/\/www.bezprawie.pl\/index.php?rest_route=\/wp\/v2\/posts"}],"about":[{"href":"https:\/\/www.bezprawie.pl\/index.php?rest_route=\/wp\/v2\/types\/post"}],"author":[{"embeddable":true,"href":"https:\/\/www.bezprawie.pl\/index.php?rest_route=\/wp\/v2\/users\/1"}],"replies":[{"embeddable":true,"href":"https:\/\/www.bezprawie.pl\/index.php?rest_route=%2Fwp%2Fv2%2Fcomments&post=250"}],"version-history":[{"count":1,"href":"https:\/\/www.bezprawie.pl\/index.php?rest_route=\/wp\/v2\/posts\/250\/revisions"}],"predecessor-version":[{"id":251,"href":"https:\/\/www.bezprawie.pl\/index.php?rest_route=\/wp\/v2\/posts\/250\/revisions\/251"}],"wp:attachment":[{"href":"https:\/\/www.bezprawie.pl\/index.php?rest_route=%2Fwp%2Fv2%2Fmedia&parent=250"}],"wp:term":[{"taxonomy":"category","embeddable":true,"href":"https:\/\/www.bezprawie.pl\/index.php?rest_route=%2Fwp%2Fv2%2Fcategories&post=250"},{"taxonomy":"post_tag","embeddable":true,"href":"https:\/\/www.bezprawie.pl\/index.php?rest_route=%2Fwp%2Fv2%2Ftags&post=250"}],"curies":[{"name":"wp","href":"https:\/\/api.w.org\/{rel}","templated":true}]}}