{"id":252,"date":"2011-04-06T09:19:02","date_gmt":"2011-04-06T09:19:02","guid":{"rendered":"http:\/\/www.bezprawie.pl\/?p=252"},"modified":"2011-04-06T09:19:02","modified_gmt":"2011-04-06T09:19:02","slug":"czy-sad-ustawial-przetarg-na-organizacje-konferencji","status":"publish","type":"post","link":"https:\/\/www.bezprawie.pl\/?p=252","title":{"rendered":"Czy s\u0105d ustawia\u0142 przetarg na organizacj\u0119 konferencji?"},"content":{"rendered":"<p>Wroc\u0142awski s\u0105d apelacyjny tak organizowa\u0142 przetarg na og\u00f3lnopolsk\u0105 konferencj\u0119 s\u0119dzi\u00f3w, \u017ceby zawsze mu wychodzi\u0142o zwyci\u0119stwo Pa\u0142acu w Wojanowie<br \/>\nKonferencja s\u0119dzi\u00f3w apelacyjnych organizowana przez wroc\u0142awski s\u0105d odb\u0119dzie si\u0119 16-19 maja. W lutym na stronach internetowych s\u0105du pojawi\u0142a si\u0119 informacja o przetargu na kompleksow\u0105 obs\u0142ug\u0119 organizowanych przez niego konferencji i szkole\u0144. W tym pakiecie by\u0142a te\u017c ta majowa konferencja. W przetargowej specyfikacji znalaz\u0142 si\u0119 jednoznaczny zapis, \u017ce musi si\u0119 ona odby\u0107 w Wojanowie. Ale mimo tego jasnego ograniczenia zg\u0142osi\u0142y si\u0119 trzy firmy: z Lubina, Kudowy-Zdroju i Warszawy.<\/p>\n<p>&#8211; Pr\u00f3bowali\u015bmy walczy\u0107 o to zlecenie &#8211; opowiada jeden z uczestnik\u00f3w przetargu. &#8211; Chcieli\u015bmy nawet wynaj\u0105\u0107 pa\u0142ac w Wojanowie, \u017ceby zrobi\u0107 w nim t\u0119 konferencj\u0119. Ale Wojan\u00f3w oczywi\u015bcie nie mia\u0142 \u017cadnego interesu, \u017ceby nam odst\u0105pi\u0107 to, co mia\u0142 pewne, wi\u0119c postawi\u0142 nam cen\u0119 zaporow\u0105.<\/p>\n<p>Jedynym kryterium wyboru zwyci\u0119zcy &#8211; opr\u00f3cz wskazania, \u017ce to ma by\u0107 Wojan\u00f3w &#8211; by\u0142a cena. Najta\u0144sz\u0105 us\u0142ug\u0119 zaproponowa\u0142a firma Platon z Kudowy-Zdroju. Przetarg uniewa\u017cniono, bo okaza\u0142o si\u0119, \u017ce suma ta znacznie przekracza zaplanowany na ten cel przez s\u0105d bud\u017cet.<\/p>\n<p>Kolejny przetarg, tym razem na organizacj\u0119 tej konkretnej konferencji s\u0119dzi\u00f3w, og\u0142oszony zosta\u0142 w marcu. Specyfikacj\u0119 przetargu znacznie uszczeg\u00f3\u0142owiono. Znalaz\u0142 si\u0119 w niej m.in. zapis, \u017ce konferencja musi odby\u0107 si\u0119 w obiekcie o standardzie czterogwiazdkowym, koniecznie usytuowanym w Kotlinie Jeleniog\u00f3rskiej i w odleg\u0142o\u015bci nie wi\u0119kszej ni\u017c 110 km &#8211; w linii prostej &#8211; od Wroc\u0142awia. Z tego przetargu znikn\u0105\u0142 zapis, \u017ce to ma by\u0107 Pa\u0142ac Wojan\u00f3w. Obiekt ten le\u017cy w odleg\u0142o\u015bci 85 km od Wroc\u0142awia i ma cztery gwiazdki.<\/p>\n<p>&#8211; Wprowadzenie warunku odleg\u0142o\u015bci by\u0142o jak najbardziej zasadne, bo nie nara\u017ca\u0142o nas na koszty zwi\u0105zane z przejazdem, a w konferencji ma bra\u0107 udzia\u0142 150 os\u00f3b &#8211; t\u0142umaczy ten zapis rzeczniczka S\u0105du Apelacyjnego we Wroc\u0142awiu Ma\u0142gorzata Lamparska.<\/p>\n<p>Na to og\u0142oszenie odpowiedzia\u0142y dwie firmy: Platon z Kudowy, kt\u00f3ra na miejsce konferencji zaproponowa\u0142a o\u015brodek Sandra SPA w Karpaczu (97 km od Wroc\u0142awia), i Pa\u0142ac Wojan\u00f3w sp. z o.o. Oferta Platona by\u0142a o blisko 20 tys. ta\u0144sza ni\u017c konkurenta.<\/p>\n<p>Jednak 1 kwietnia i ten przetarg uniewa\u017cniono.<\/p>\n<p>Lamparska: &#8211; Oferta z najni\u017csz\u0105 cen\u0105 z firmy Platon Kudowa-Zdr\u00f3j wynosi\u0142a 188 400 z\u0142 brutto. A my przeznaczyli\u015bmy na ten cel 145 800 z\u0142.<\/p>\n<p>S\u0105d og\u0142osi\u0142 wi\u0119c kolejny przetarg. Ale zn\u00f3w zmieni\u0142 jego specyfikacj\u0119. Konferencja nadal mia\u0142a odby\u0107 si\u0119 w obiekcie o standardzie czterogwiazdkowym usytuowanym w Kotlinie Jeleniog\u00f3rskiej. Jego odleg\u0142o\u015b\u0107 od Wroc\u0142awia &#8211; zn\u00f3w w linii prostej! &#8211; nie mo\u017ce jednak teraz wynie\u015b\u0107 wi\u0119cej ni\u017c 90 km. Powo\u0142uj\u0105c si\u0119 na specyfik\u0119 przedmiotu zam\u00f3wienia wprowadzi\u0142 r\u00f3wnie\u017c zapis o zakazie zatrudniania podwykonawc\u00f3w. W praktyce oznacza to, \u017ce uczestnikiem post\u0119powania mo\u017ce by\u0107 wy\u0142\u0105cznie firma posiadaj\u0105ca opisany w specyfikacji obiekt. A taka w odleg\u0142o\u015bci 90 km w linii prostej od Wroc\u0142awia jest tylko jedna &#8211; Pa\u0142ac Wojan\u00f3w.<\/p>\n<p>W poniedzia\u0142ek zapytali\u015bmy w s\u0105dzie apelacyjnym, dlaczego zn\u00f3w zmieni\u0142 zapisy przetargu. Po tej rozmowie w ofercie na stronie internetowej s\u0105du pojawi\u0142a si\u0119 adnotacja, \u017ce zamawiaj\u0105cy odst\u0119puje od wymogu, by obiekt po\u0142o\u017cony by\u0142 w odleg\u0142o\u015bci 90 km od Wroc\u0142awia. Odleg\u0142o\u015b\u0107 zn\u00f3w mo\u017ce wynosi\u0107 110 km. Zakaz zatrudniania podwykonawc\u00f3w pozosta\u0142.<\/p>\n<p>Ten wym\u00f3g Lamparska t\u0142umaczy ograniczaniem koszt\u00f3w: &#8211; Ka\u017cda us\u0142uga udzielona za po\u015brednictwem b\u0119dzie zawsze w swej cenie zawiera\u0107 narzut stanowi\u0105cy zysk dla firmy po\u015brednicz\u0105cej.<\/p>\n<p>Pytanie o ograniczanie konkurencji do tylko jednego podmiotu zbywa twierdzeniem, \u017ce zamawiaj\u0105cy ma prawo tak opisa\u0107 przedmiot zam\u00f3wienia, jak mu pasuje. A to, \u017ce zam\u00f3wienie mo\u017ce by\u0107 trudne lub niemo\u017cliwe do wykonania przez cz\u0119\u015b\u0107 wykonawc\u00f3w, nie mo\u017ce zamawiaj\u0105cego ogranicza\u0107.<\/p>\n<p>Rozstrzygni\u0119cie przetargu nast\u0105pi w czwartek 7 maja o godz. 10.30.<\/p>\n<p>Wczoraj przed po\u0142udniem zadzwonili\u015bmy do Pa\u0142acu Wojan\u00f3w. Podaj\u0105c si\u0119 za pracownika firmy informatycznej, chcieli\u015bmy wynaj\u0105\u0107 kilka pokoi na wyjazd integracyjny kilkunastoosobowej grupy. Interesowa\u0142 nas termin od 17 do 19 maja.<\/p>\n<p>&#8211; Niestety, w dniach 16-19 maja ca\u0142y obiekt jest ju\u017c zarezerwowany &#8211; poinformowa\u0142a nas Marta Tabaka z dzia\u0142u marketingu Pa\u0142acu Wojan\u00f3w.<\/p>\n<p>S\u0105d przed os\u0105dem publicznym &#8211; komentuje Jacek Har\u0142ukowicz, Gazeta Wyborcza<\/p>\n<p>Ta sytuacja demonstruje podr\u0119cznikowy przepis, jak obej\u015b\u0107 prawo. To przyk\u0142ad autorstwa nauczyciela, od kt\u00f3rego zgo\u0142a innej lekcji oczekujemy, bo na temat jak szanowa\u0107 prawo, a nie jak je nagina\u0107. W s\u0105dzie apelacyjnym zasiada elita wymiaru sprawiedliwo\u015bci: najbardziej do\u015bwiadczeni s\u0119dziowie, z najwi\u0119kszym autorytetem i mandatem do poprawiania orzecze\u0144 koleg\u00f3w z s\u0105d\u00f3w okr\u0119gowych. Tym bardziej wi\u0119c kompromituj\u0105cy jest ten przetarg. Wroc\u0142awski s\u0105d apelacyjny, kugluj\u0105c z nim, sam postawi\u0142 si\u0119 przed os\u0105dem opinii publicznej. Je\u015bli nie p\u00f3jdzie drog\u0105, jak\u0105 ju\u017c kroczy jego rzecznik, ma jeszcze szans\u0119, \u017ceby wyj\u015b\u0107 z tego z twarz\u0105.<\/p>\n<p>gazeta.pl<\/p>\n","protected":false},"excerpt":{"rendered":"<p>Wroc\u0142awski s\u0105d apelacyjny tak organizowa\u0142 przetarg na og\u00f3lnopolsk\u0105 konferencj\u0119 s\u0119dzi\u00f3w, \u017ceby zawsze mu wychodzi\u0142o zwyci\u0119stwo Pa\u0142acu w Wojanowie Konferencja s\u0119dzi\u00f3w apelacyjnych organizowana przez wroc\u0142awski s\u0105d odb\u0119dzie si\u0119 16-19 maja. W lutym na stronach internetowych s\u0105du pojawi\u0142a si\u0119 informacja o przetargu &hellip; <a href=\"https:\/\/www.bezprawie.pl\/?p=252\">Czytaj dalej <span class=\"meta-nav\">&rarr;<\/span><\/a><\/p>\n","protected":false},"author":1,"featured_media":0,"comment_status":"open","ping_status":"open","sticky":false,"template":"","format":"standard","meta":{"footnotes":""},"categories":[11],"tags":[28,18],"class_list":["post-252","post","type-post","status-publish","format-standard","hentry","category-wroclaw","tag-korupcja","tag-sad"],"_links":{"self":[{"href":"https:\/\/www.bezprawie.pl\/index.php?rest_route=\/wp\/v2\/posts\/252","targetHints":{"allow":["GET"]}}],"collection":[{"href":"https:\/\/www.bezprawie.pl\/index.php?rest_route=\/wp\/v2\/posts"}],"about":[{"href":"https:\/\/www.bezprawie.pl\/index.php?rest_route=\/wp\/v2\/types\/post"}],"author":[{"embeddable":true,"href":"https:\/\/www.bezprawie.pl\/index.php?rest_route=\/wp\/v2\/users\/1"}],"replies":[{"embeddable":true,"href":"https:\/\/www.bezprawie.pl\/index.php?rest_route=%2Fwp%2Fv2%2Fcomments&post=252"}],"version-history":[{"count":1,"href":"https:\/\/www.bezprawie.pl\/index.php?rest_route=\/wp\/v2\/posts\/252\/revisions"}],"predecessor-version":[{"id":253,"href":"https:\/\/www.bezprawie.pl\/index.php?rest_route=\/wp\/v2\/posts\/252\/revisions\/253"}],"wp:attachment":[{"href":"https:\/\/www.bezprawie.pl\/index.php?rest_route=%2Fwp%2Fv2%2Fmedia&parent=252"}],"wp:term":[{"taxonomy":"category","embeddable":true,"href":"https:\/\/www.bezprawie.pl\/index.php?rest_route=%2Fwp%2Fv2%2Fcategories&post=252"},{"taxonomy":"post_tag","embeddable":true,"href":"https:\/\/www.bezprawie.pl\/index.php?rest_route=%2Fwp%2Fv2%2Ftags&post=252"}],"curies":[{"name":"wp","href":"https:\/\/api.w.org\/{rel}","templated":true}]}}