{"id":274,"date":"2011-05-30T10:29:17","date_gmt":"2011-05-30T10:29:17","guid":{"rendered":"http:\/\/www.bezprawie.pl\/?p=274"},"modified":"2011-05-30T10:29:17","modified_gmt":"2011-05-30T10:29:17","slug":"cia-mialo-wiezienie-w-polsce-polska-to-kraj-bezprawia","status":"publish","type":"post","link":"https:\/\/www.bezprawie.pl\/?p=274","title":{"rendered":"CIA mia\u0142o wi\u0119zienie w Polsce &#8211; Polska to kraj bezprawia!"},"content":{"rendered":"<p>Z\u0142amanie konstytucji, bezprawne pozbawienie wolno\u015bci i udzia\u0142 w zbrodni przeciwko ludzko\u015bci &#8211; takie zarzuty chcia\u0142 postawi\u0107 urz\u0119dnikom pa\u0144stwowym rz\u0105du SLD prokurator Jerzy Mierzewski w sprawie &#8222;tajnych wi\u0119zie\u0144 CIA&#8221; w Polsce. \u015aledztwo mu odebrano.<\/p>\n<p>\u015aledztwo trwa od 2008 r. Jest \u015bci\u015ble tajne i nie mo\u017cna nawet uzyska\u0107 informacji, kto zosta\u0142 przes\u0142uchany. &#8222;Gazeta&#8221; ujawnia pytania, kt\u00f3re prokuratorzy zadali zespo\u0142owi ekspert\u00f3w. Mieli oceni\u0107 zgodno\u015b\u0107 z prawem mi\u0119dzynarodowym kwestii przetrzymywania w Polsce wi\u0119\u017ani\u00f3w, kt\u00f3rych CIA zidentyfikowa\u0142o jako cz\u0142onk\u00f3w Al-Kaidy.<\/p>\n<p>&#8211; W pytaniach s\u0105 ustalenia, kt\u00f3re wynikaj\u0105 ze \u015bledztwa &#8211; wyja\u015bnia osoba, kt\u00f3ra przekaza\u0142a nam materia\u0142. Pyta\u0144 jest dziesi\u0119\u0107. Prokuratorzy Robert Majewski (zast\u0119pca prokuratora apelacyjnego w Warszawie) i Jerzy Mierzewski (prowadz\u0105cy \u015bledztwo) chcieli wiedzie\u0107 m.in.: * Czy prawo mi\u0119dzynarodowe reguluje funkcjonowanie o\u015brodk\u00f3w przetrzymywania os\u00f3b podejrzewanych o dzia\u0142alno\u015b\u0107 terrorystyczn\u0105? * Czy pozwala na wy\u0142\u0105czenie takiego o\u015brodka spod jurysdykcji pa\u0144stwa, w kt\u00f3rym on dzia\u0142a? * Jaki wp\u0142yw na status prawny osoby zatrzymanej i podejrzewanej o dzia\u0142alno\u015b\u0107 terrorystyczn\u0105 ma fakt uznania, \u017ce nale\u017cy do Al-Kaidy? * Jakie znaczenie dla statusu prawnego tej osoby ma zatrzymanie jej poza obszarem okupowanym lub stref\u0105 dzia\u0142a\u0144 zbrojnych?<\/p>\n<p>Pytania prokuratorzy wys\u0142ali w lutym. Odpowied\u017a dostali w maju. Eksperci na 50 stronach odpowiedzieli, \u017ce: * nie ma przepis\u00f3w pozwalaj\u0105cych utworzy\u0107 w Polsce o\u015brodek obcego wywiadu wyj\u0119ty spod kontroli naszych w\u0142adz; * funkcjonowanie takiego o\u015brodka i przetrzymywanie w nim podejrzewanych to z\u0142amanie konstytucji i konwencji mi\u0119dzynarodowych; * wi\u0119zionych tam mo\u017cna kwalifikowa\u0107 jako pokrzywdzonych z artyku\u0142u o zbrodniach wojennych i przeciwko ludzko\u015bci; * \u017cadne przepisy nie odnosz\u0105 si\u0119 bezpo\u015brednio do cz\u0142onk\u00f3w Al&#8211;Kaidy; * regulacje przyj\u0119te przez USA (m.in. zgoda na tzw. podtapianie) nie s\u0105 zgodne z prawem mi\u0119dzynarodowym.<\/p>\n<p>Wed\u0142ug naszych informacji odpowiedzi ekspert\u00f3w zamyka\u0142y etap \u015bledztwa, po kt\u00f3rym prok. Mierzewski planowa\u0142 postawi\u0107 zarzuty urz\u0119dnikom pa\u0144stwowym rz\u0105du SLD. Wydali oni zgod\u0119 na utworzenie w Polsce tajnego wi\u0119zienia CIA (w rejonie Szyman w woj. warmi\u0144sko-mazurskim).<\/p>\n<p>Ale dwa tygodnie temu &#8211; jak ujawni\u0142a &#8222;Gazeta&#8221; &#8211; Mierzewski zosta\u0142 od \u015bledztwa odsuni\u0119ty. Wcze\u015bniej stanowisko zast\u0119pcy prokuratora apelacyjnego straci\u0142 Majewski. Ich prze\u0142o\u017cony, warszawski prokurator apelacyjny Dariusz Korneluk, odm\u00f3wi\u0142 podania przyczyn.<\/p>\n<p>Mierzewski odm\u00f3wi\u0142 rozmowy z &#8222;Gazet\u0105&#8221;, powo\u0142uj\u0105c si\u0119 na tajemnic\u0119 \u015bledztwa. Ustalili\u015bmy, \u017ce spraw\u0119 odebrano mu przez telefon, akurat gdy rozmawia\u0142 z prawnikiem reprezentuj\u0105cym jednego z dw\u00f3ch wi\u0119zionych w Polsce Saudyjczyk\u00f3w uznanych przez Amerykan\u00f3w za terroryst\u00f3w z Al-Kaidy. Abd al-Rahim Hussein Muhammed Abdu Al-Nashiri i Zayn al-Abidin Muhammad Husayn do dzi\u015b siedz\u0105 w Guantanamo, g\u0142\u00f3wnym ameryka\u0144skim o\u015brodku odosobnienia terroryst\u00f3w.<\/p>\n<p>Niedawno ich pe\u0142nomocnicy og\u0142osili, \u017ce polska prokuratura przyzna\u0142a im status pokrzywdzonych. Z tego, co wiemy, w materia\u0142ach dotycz\u0105cych tego statusu wskazano (w\u015br\u00f3d wielu) art. 189 k.k. m\u00f3wi\u0105cy o &#8222;pozbawieniu wolno\u015bci ze szczeg\u00f3lnym udr\u0119czeniem&#8221;.<\/p>\n<p>&#8211; Fakt, \u017ce przyj\u0119to t\u0119 kwalifikacj\u0119, pozwala wyci\u0105gn\u0105\u0107 wniosek, \u017ce do takiego pozbawienia wolno\u015bci z du\u017cym prawdopodobie\u0144stwem dosz\u0142o, co oczywi\u015bcie nie przes\u0105dza ostatecznego rozstrzygni\u0119cia &#8211; ocenia prof. Zbigniew \u0106wi\u0105kalski. W 2008 r. jako minister sprawiedliwo\u015bci rz\u0105du PO-PSL poleci\u0142 wszcz\u0105\u0107 \u015bledztwo ws. wi\u0119zie\u0144 CIA. Czy jest zaskoczony ustaleniem, \u017ce w Polsce istnia\u0142 &#8222;o\u015brodek przetrzymywania wyj\u0119ty spod naszej jurysdykcji&#8221;? \u0106wi\u0105kalski: &#8211; Nic wi\u0119cej nie mog\u0119 powiedzie\u0107.<\/p>\n<p>Z naszych informacji wynika, \u017ce Agencja Wywiadu (to ona z polskiej strony wykonywa\u0142a umow\u0119 o prowadzeniu o\u015brodka odosobnienia) utajni\u0142a przed prokuratur\u0105 wiele materia\u0142\u00f3w. Wsp\u00f3\u0142pracy w \u015bledztwie odmawia strona ameryka\u0144ska. Prok. Korneluk zapewnia\u0142 nas niedawno, \u017ce \u015bledztwo jest &#8222;nadal priorytetem&#8221;. Zaprzecza\u0142, \u017ce zmierza ku umorzeniu. Ale nasz rozm\u00f3wca z warszawskiej prokuratury twierdzi: &#8211; Umorzenie by\u0142oby samob\u00f3jstwem politycznym. Dlatego ustalono z Amerykanami, \u017ce nie przy\u015bl\u0105 \u017cadnej odpowiedzi na wniosek o pomoc prawn\u0105, a nie jak poprzednio &#8211; odmown\u0105. B\u0119dziemy m\u00f3wi\u0107, \u017ce czekamy na ich stanowisko, i w ko\u0144cu \u015bledztwo zostanie zawieszone. Mo\u017ce uda si\u0119 tak doczeka\u0107 przedawnienia.<\/p>\n<p>Sprawa wi\u0119zie\u0144 CIA jest niewygodna nie tylko dla SLD. Gdy w 2005 r. informacje o nich ujawni\u0142y ameryka\u0144skie media, rz\u0105d PiS-LPR-Samoobrona zaprzecza\u0142. Dementowa\u0142 te\u017c ustalenia niekorzystnego dla Polski raportu Rady Europy.<\/p>\n<p>\u0179r\u00f3d\u0142o: Gazeta Wyborcza<\/p>\n","protected":false},"excerpt":{"rendered":"<p>Z\u0142amanie konstytucji, bezprawne pozbawienie wolno\u015bci i udzia\u0142 w zbrodni przeciwko ludzko\u015bci &#8211; takie zarzuty chcia\u0142 postawi\u0107 urz\u0119dnikom pa\u0144stwowym rz\u0105du SLD prokurator Jerzy Mierzewski w sprawie &#8222;tajnych wi\u0119zie\u0144 CIA&#8221; w Polsce. \u015aledztwo mu odebrano. \u015aledztwo trwa od 2008 r. Jest \u015bci\u015ble &hellip; <a href=\"https:\/\/www.bezprawie.pl\/?p=274\">Czytaj dalej <span class=\"meta-nav\">&rarr;<\/span><\/a><\/p>\n","protected":false},"author":1,"featured_media":0,"comment_status":"open","ping_status":"open","sticky":false,"template":"","format":"standard","meta":{"footnotes":""},"categories":[3],"tags":[17],"class_list":["post-274","post","type-post","status-publish","format-standard","hentry","category-polska","tag-prokuratura"],"_links":{"self":[{"href":"https:\/\/www.bezprawie.pl\/index.php?rest_route=\/wp\/v2\/posts\/274","targetHints":{"allow":["GET"]}}],"collection":[{"href":"https:\/\/www.bezprawie.pl\/index.php?rest_route=\/wp\/v2\/posts"}],"about":[{"href":"https:\/\/www.bezprawie.pl\/index.php?rest_route=\/wp\/v2\/types\/post"}],"author":[{"embeddable":true,"href":"https:\/\/www.bezprawie.pl\/index.php?rest_route=\/wp\/v2\/users\/1"}],"replies":[{"embeddable":true,"href":"https:\/\/www.bezprawie.pl\/index.php?rest_route=%2Fwp%2Fv2%2Fcomments&post=274"}],"version-history":[{"count":1,"href":"https:\/\/www.bezprawie.pl\/index.php?rest_route=\/wp\/v2\/posts\/274\/revisions"}],"predecessor-version":[{"id":275,"href":"https:\/\/www.bezprawie.pl\/index.php?rest_route=\/wp\/v2\/posts\/274\/revisions\/275"}],"wp:attachment":[{"href":"https:\/\/www.bezprawie.pl\/index.php?rest_route=%2Fwp%2Fv2%2Fmedia&parent=274"}],"wp:term":[{"taxonomy":"category","embeddable":true,"href":"https:\/\/www.bezprawie.pl\/index.php?rest_route=%2Fwp%2Fv2%2Fcategories&post=274"},{"taxonomy":"post_tag","embeddable":true,"href":"https:\/\/www.bezprawie.pl\/index.php?rest_route=%2Fwp%2Fv2%2Ftags&post=274"}],"curies":[{"name":"wp","href":"https:\/\/api.w.org\/{rel}","templated":true}]}}