{"id":276,"date":"2011-06-04T20:58:51","date_gmt":"2011-06-04T20:58:51","guid":{"rendered":"http:\/\/www.bezprawie.pl\/?p=276"},"modified":"2011-06-04T20:58:51","modified_gmt":"2011-06-04T20:58:51","slug":"sedzia-skazal-czlowieka-choc-go-nie-widzial","status":"publish","type":"post","link":"https:\/\/www.bezprawie.pl\/?p=276","title":{"rendered":"S\u0119dzia skaza\u0142 cz\u0142owieka, cho\u0107 go nie widzia\u0142"},"content":{"rendered":"<p>Przez rok katowicki s\u0105d wyja\u015bnia\u0142, czy handluj\u0105cy ziemi\u0105 biznesmen grozi\u0142 swojej wsp\u00f3lniczce. Kiedy przewodnicz\u0105cy sk\u0142adu zachorowa\u0142, spraw\u0119 przej\u0105\u0142 inny s\u0119dzia. I bez przes\u0142uchania oskar\u017conego, pokrzywdzonej oraz \u015bwiadk\u00f3w wyda\u0142 wyrok skazuj\u0105cy. &#8211; Dok\u0142adnie przeczyta\u0142em akta sprawy &#8211; wyja\u015bnia &#8222;Gazecie&#8221;<br \/>\n&#8211; Nikt mnie nie poinformowa\u0142, \u017ce zmieni\u0142 si\u0119 s\u0119dzia. Dowiedzia\u0142em si\u0119 o tym kilka dni temu, kiedy poczt\u0105 dosta\u0142em wyrok skazuj\u0105cy &#8211; m\u00f3wi Zenon W., by\u0142y wicemistrz Polski w boksie. Przed laty by\u0142 znan\u0105 postaci\u0105 w \u015bl\u0105skim p\u00f3\u0142\u015bwiatku, teraz zajmuje si\u0119 handlem ziemi\u0105 dla sieci handlowych.<\/p>\n<p>Trzy lata temu katowicka prokuratura oskar\u017cy\u0142a go o to, \u017ce w latach 2005-2007 grozi\u0142 \u015bmierci\u0105 swojej wsp\u00f3lniczce i domaga\u0142 si\u0119 od niej pieni\u0119dzy. Sprawa jest skomplikowana, bo kiedy mia\u0142o dochodzi\u0107 do gr\u00f3\u017ab, wsp\u00f3lniczka W. by\u0142a najpierw na chrzcie, a potem na roczku jego syna.<\/p>\n<p>Zenon W. i jego wsp\u00f3lniczka kupili nieruchomo\u015b\u0107 w Zgorzelcu i uzyskali zgod\u0119 w\u0142adz na budow\u0119 tam centrum handlowego. Podpisali te\u017c wst\u0119pne porozumienie na sprzeda\u017c tego terenu pod budow\u0119 Plazy. Transakcja mia\u0142a opiewa\u0107 na ponad 20 mln z\u0142. I wtedy drogi wsp\u00f3lnik\u00f3w si\u0119 rozesz\u0142y. Zenon W. pozwa\u0142 wi\u0119c wsp\u00f3lniczk\u0119 i domaga\u0142 si\u0119 od niej po\u0142owy zysk\u00f3w z Plazy. Kobieta z kolei zawiadomi\u0142a prokuratur\u0119, \u017ce jej grozi\u0142 i wymusza\u0142 od niej pieni\u0105dze.<\/p>\n<p>Proces W. rozpocz\u0105\u0142 si\u0119 w pa\u017adzierniku 2009 r. w S\u0105dzie Rejonowym w Katowicach. Odby\u0142o si\u0119 sze\u015b\u0107 rozpraw, podczas kt\u00f3rych s\u0119dzia Tadeusz Ka\u017anica odebra\u0142 wyja\u015bnienia od oskar\u017conego, potem przes\u0142ucha\u0142 pokrzywdzon\u0105, a nast\u0119pnie jej konkubenta. Nast\u0119pni w kolejno\u015bci mieli by\u0107 \u015bwiadkowie obrony. Nie pojawili si\u0119 jednak przed s\u0105dem, bo w listopadzie 2010 r. s\u0119dzia Ka\u017anica zachorowa\u0142.<\/p>\n<p>W zwi\u0105zku z tym, \u017ce choroba si\u0119 przed\u0142u\u017ca\u0142a, jego sprawy przej\u0119li inni s\u0119dziowie. Akt oskar\u017cenia przeciwko Zenonowi W. trafi\u0142 do s\u0119dziego Grzegorza Hajduka, kt\u00f3ry 23 maja uzna\u0142, \u017ce m\u0119\u017cczyzna kierowa\u0142 gro\u017aby pod adresem wsp\u00f3lniczki, &#8222;a gro\u017aby te wzbudzi\u0142y w niej uzasadnion\u0105 obaw\u0119, \u017ce zostan\u0105 spe\u0142nione&#8221;. W. zosta\u0142 skazany na prace spo\u0142eczne. S\u0119dzia wyrok wyda\u0142 w trybie nakazowym, bez informowania o tym stron. Taki tryb przys\u0142uguje, je\u015bli okoliczno\u015bci czynu i wina oskar\u017conego nie budz\u0105 w\u0105tpliwo\u015bci.<\/p>\n<p>&#8211; Sk\u0105d s\u0119dzia wiedzia\u0142, \u017ce gro\u017aby, do kt\u00f3rych si\u0119 nie przyznaj\u0119, wzbudzi\u0142y obawy u mojej wsp\u00f3lniczki, skoro jej nawet nie przys\u0142ucha\u0142? &#8211; pyta Zenon W.<\/p>\n<p>S\u0119dzia Hajduk powiedzia\u0142 nam, \u017ce mia\u0142 pe\u0142ne prawo skorzysta\u0107 z trybu nakazowego. &#8211; Dok\u0142adnie te\u017c przeczyta\u0142em akta sprawy i na tej podstawie wyda\u0142em wyrok &#8211; powiedzia\u0142 &#8222;Gazecie&#8221;.<\/p>\n<p>Jednak prof. Piotr Kruszy\u0144ski, karnista z Uniwersytetu Warszawskiego, uwa\u017ca, \u017ce nie stosuje si\u0119 takich praktyk, skoro wcze\u015bniej przez rok s\u0105d prowadzi\u0142 post\u0119powanie dowodowe. &#8211; Oj, s\u0119dzia si\u0119 pospieszy\u0142 &#8211; powiedzia\u0142 nam prof. Kruszy\u0144ski.<\/p>\n<p>S\u0119dzia Micha\u0142 Dmowski, wiceprezes S\u0105du Rejonowego w Katowicach, wyja\u015bnia, \u017ce nie ma mo\u017cliwo\u015bci nakazania s\u0119dziom, w jakim trybie maj\u0105 prowadzi\u0107 sprawy. &#8211; To by\u0142oby z mojej strony naruszenie niezawis\u0142o\u015bci s\u0119dziowskiej &#8211; stwierdzi\u0142 wiceprezes.<\/p>\n<p>Zenon W. napisa\u0142 ju\u017c sprzeciw od wyroku s\u0105du. Zgodnie z przepisami musi zosta\u0107 przyj\u0119ty, a wtedy proces ruszy od pocz\u0105tku w normalnym trybie. Najwcze\u015bniej pod koniec roku. Nie b\u0119dzie go ju\u017c prowadzi\u0142 s\u0119dzia Hajduk, bo zabraniaj\u0105 tego przepisy.<\/p>\n<p>gazeta.pl<\/p>\n","protected":false},"excerpt":{"rendered":"<p>Przez rok katowicki s\u0105d wyja\u015bnia\u0142, czy handluj\u0105cy ziemi\u0105 biznesmen grozi\u0142 swojej wsp\u00f3lniczce. Kiedy przewodnicz\u0105cy sk\u0142adu zachorowa\u0142, spraw\u0119 przej\u0105\u0142 inny s\u0119dzia. I bez przes\u0142uchania oskar\u017conego, pokrzywdzonej oraz \u015bwiadk\u00f3w wyda\u0142 wyrok skazuj\u0105cy. &#8211; Dok\u0142adnie przeczyta\u0142em akta sprawy &#8211; wyja\u015bnia &#8222;Gazecie&#8221; &#8211; Nikt &hellip; <a href=\"https:\/\/www.bezprawie.pl\/?p=276\">Czytaj dalej <span class=\"meta-nav\">&rarr;<\/span><\/a><\/p>\n","protected":false},"author":1,"featured_media":0,"comment_status":"open","ping_status":"open","sticky":false,"template":"","format":"standard","meta":{"footnotes":""},"categories":[57],"tags":[18],"class_list":["post-276","post","type-post","status-publish","format-standard","hentry","category-katowice","tag-sad"],"_links":{"self":[{"href":"https:\/\/www.bezprawie.pl\/index.php?rest_route=\/wp\/v2\/posts\/276","targetHints":{"allow":["GET"]}}],"collection":[{"href":"https:\/\/www.bezprawie.pl\/index.php?rest_route=\/wp\/v2\/posts"}],"about":[{"href":"https:\/\/www.bezprawie.pl\/index.php?rest_route=\/wp\/v2\/types\/post"}],"author":[{"embeddable":true,"href":"https:\/\/www.bezprawie.pl\/index.php?rest_route=\/wp\/v2\/users\/1"}],"replies":[{"embeddable":true,"href":"https:\/\/www.bezprawie.pl\/index.php?rest_route=%2Fwp%2Fv2%2Fcomments&post=276"}],"version-history":[{"count":1,"href":"https:\/\/www.bezprawie.pl\/index.php?rest_route=\/wp\/v2\/posts\/276\/revisions"}],"predecessor-version":[{"id":277,"href":"https:\/\/www.bezprawie.pl\/index.php?rest_route=\/wp\/v2\/posts\/276\/revisions\/277"}],"wp:attachment":[{"href":"https:\/\/www.bezprawie.pl\/index.php?rest_route=%2Fwp%2Fv2%2Fmedia&parent=276"}],"wp:term":[{"taxonomy":"category","embeddable":true,"href":"https:\/\/www.bezprawie.pl\/index.php?rest_route=%2Fwp%2Fv2%2Fcategories&post=276"},{"taxonomy":"post_tag","embeddable":true,"href":"https:\/\/www.bezprawie.pl\/index.php?rest_route=%2Fwp%2Fv2%2Ftags&post=276"}],"curies":[{"name":"wp","href":"https:\/\/api.w.org\/{rel}","templated":true}]}}