{"id":286,"date":"2011-07-08T08:27:31","date_gmt":"2011-07-08T08:27:31","guid":{"rendered":"http:\/\/www.bezprawie.pl\/?p=286"},"modified":"2011-07-08T08:27:31","modified_gmt":"2011-07-08T08:27:31","slug":"sad-pomaga-zus-nie-placic-za-jego-bledy","status":"publish","type":"post","link":"https:\/\/www.bezprawie.pl\/?p=286","title":{"rendered":"S\u0105d pomaga ZUS nie p\u0142aci\u0107 za jego b\u0142\u0119dy"},"content":{"rendered":"<p>Ju\u017c pi\u0119\u0107 lat trwa proces o wyr\u00f3wnanie strat jakie Ma\u0142gorzata Bauer ponios\u0142a z winy ZUS, kt\u00f3ry nie przekaza\u0142 na czas jej sk\u0142adek emerytalnych do OFE. Warszawscy s\u0119dziowie maj\u0105 nie lada k\u0142opot z tym pozwem.<\/p>\n<p>Pow\u00f3dka dosta\u0142a wszystko to co przys\u0142uguje jej zgodnie z przepisami. W czasie procesu ZUS nie tylko odnalaz\u0142 zagubione sk\u0142adki i przekaza\u0142 na jej konto w OFE. Zgodnie z art. 47 ust 10a ustawy o systemie ubezpiecze\u0144 spo\u0142ecznych dosta\u0142a one tak\u017ce odsetki liczone wed\u0142ug tego przepisu na podstawie st\u00f3p rentowno\u015bci 52-tygodniowych bon\u00f3w skarbowych.<\/p>\n<p>&#8211; Zaleg\u0142o\u015bci powstawa\u0142y przez pi\u0119\u0107 lat. Przez to, \u017ce ZUS zgubi\u0142 cz\u0119\u015b\u0107 moich sk\u0142adek, nie trafi\u0142y one w terminie na konto emerytalne w OFE, wi\u0119c nie mog\u0142y pracowa\u0107 &#8211; t\u0142umaczy pow\u00f3dka. &#8211; Teraz domagam si\u0119 wyr\u00f3wnania stanu konta w Funduszu, do takiego poziomu, jaki nar\u00f3s\u0142 w wyniku obracania sk\u0142adkami wp\u0142aconymi przez ZUS na czas. Przez op\u00f3\u017anienie ci\u0105gle brakuje tam ok. 7 tys. z\u0142otych.<\/p>\n<p>Po tym jak w 2007 r. jej pozew trafi\u0142 do warszawskiego s\u0105du okr\u0119gowego, s\u0119dziowie z wydzia\u0142u ubezpiecze\u0144 spo\u0142ecznych chcieli przes\u0142a\u0107 t\u0119 spraw\u0119 do wydzia\u0142u cywilnego, a ten ze wzgl\u0119du na warto\u015b\u0107 przedmiotu sporu do s\u0105du rejonowego.<\/p>\n<p>Pomog\u0142o dopiero za\u017calenie pow\u00f3dki i decyzja s\u0105du apelacyjnego, \u017ce jest to jednak sprawa z zakresu ubezpiecze\u0144 spo\u0142ecznych i powinna by\u0107 jednak rozpatrywana przez wydzia\u0142, kt\u00f3ry w\u0142a\u015bnie chcia\u0142 si\u0119 jej pozby\u0107.<\/p>\n<p>Nast\u0119pnie s\u0119dziowie pr\u00f3bowali t\u0119 spraw\u0119 umorzy\u0107, powo\u0142uj\u0105c si\u0119 na brak decyzji ZUS w tej sprawie. Tak si\u0119 sk\u0142ada, \u017ce urz\u0119dnicy ZUS unikali wydania decyzji jak ognia, nic dziwnego \u017ce jej nie by\u0142o. Tak\u017ce za tym razem s\u0105d apelacyjny podwa\u017cy\u0142 niekorzystne rozstrzygni\u0119cie s\u0105du okr\u0119gowego, zobowi\u0105za\u0142 go do nakazania ZUS wydania decyzji w tej sprawie i merytoryczne rozstrzygni\u0119cie pozwu.<\/p>\n<p>Po trzech latach procesu uda\u0142o si\u0119 jej wi\u0119c uzyska\u0107 przekazanie zaleg\u0142ych sk\u0142adek do OFE, wraz z ustawowymi, bardzo niskimi odsetkami. Pow\u00f3dka nie z\u0142o\u017cy\u0142a jednak broni i domaga si\u0119 pe\u0142nego wyr\u00f3wnania strat, powsta\u0142ych przez opiesza\u0142o\u015b\u0107 ZUS. Gdy sprawa trafi\u0142a do s\u0105du apelacyjnego, nagle s\u0119dziowie nabrali w\u0105tpliwo\u015bci, co do tego, czy nie powinien zaj\u0105\u0107 si\u0119 ni\u0105 s\u0105d cywilny i wys\u0142ali w tej sprawie pytanie prawne do S\u0105du Najwy\u017cszego, co wyd\u0142u\u017cy\u0142o ten proces o kolejne dwa lata.<\/p>\n<p>&#8211; To bardzo ciekawa sprawa &#8211; stwierdzi\u0142 Zbigniew Korzeniowski, s\u0119dzia S\u0105du Najwy\u017cszego. &#8211; Tutaj nie ma \u017cadnych w\u0105tpliwo\u015bci, \u017ce takim pozwem powinien zaj\u0105\u0107 si\u0119 wydzia\u0142 ubezpiecze\u0144 spo\u0142ecznych. S\u0105d apelacyjny rozstrzygn\u0105\u0142 ju\u017c te w\u0105tpliwo\u015bci, rozpatruj\u0105c za\u017calenia na postanowienia s\u0105du okr\u0119gowego.<\/p>\n<p>To jednak nie koniec tej sprawy, gdy\u017c roszczeniami pow\u00f3dki ponownie musi zaj\u0105\u0107 si\u0119 s\u0105d apelacyjny. Nawet po korzystnym dla Ma\u0142gorzaty Bauer wyroku, sprawa prawdopodobnie znowu trafi do S\u0105du Najwy\u017cszego. W tym czasie osoby przechodz\u0105ce na emerytury mog\u0105 otrzymywa\u0107 ni\u017csze \u015bwiadczenia od tych kt\u00f3re im si\u0119 nale\u017c\u0105.<\/p>\n<p>Rzeczpospolita<\/p>\n","protected":false},"excerpt":{"rendered":"<p>Ju\u017c pi\u0119\u0107 lat trwa proces o wyr\u00f3wnanie strat jakie Ma\u0142gorzata Bauer ponios\u0142a z winy ZUS, kt\u00f3ry nie przekaza\u0142 na czas jej sk\u0142adek emerytalnych do OFE. Warszawscy s\u0119dziowie maj\u0105 nie lada k\u0142opot z tym pozwem. Pow\u00f3dka dosta\u0142a wszystko to co przys\u0142uguje &hellip; <a href=\"https:\/\/www.bezprawie.pl\/?p=286\">Czytaj dalej <span class=\"meta-nav\">&rarr;<\/span><\/a><\/p>\n","protected":false},"author":1,"featured_media":0,"comment_status":"open","ping_status":"open","sticky":false,"template":"","format":"standard","meta":{"footnotes":""},"categories":[3],"tags":[18,100],"class_list":["post-286","post","type-post","status-publish","format-standard","hentry","category-polska","tag-sad","tag-zus"],"_links":{"self":[{"href":"https:\/\/www.bezprawie.pl\/index.php?rest_route=\/wp\/v2\/posts\/286","targetHints":{"allow":["GET"]}}],"collection":[{"href":"https:\/\/www.bezprawie.pl\/index.php?rest_route=\/wp\/v2\/posts"}],"about":[{"href":"https:\/\/www.bezprawie.pl\/index.php?rest_route=\/wp\/v2\/types\/post"}],"author":[{"embeddable":true,"href":"https:\/\/www.bezprawie.pl\/index.php?rest_route=\/wp\/v2\/users\/1"}],"replies":[{"embeddable":true,"href":"https:\/\/www.bezprawie.pl\/index.php?rest_route=%2Fwp%2Fv2%2Fcomments&post=286"}],"version-history":[{"count":2,"href":"https:\/\/www.bezprawie.pl\/index.php?rest_route=\/wp\/v2\/posts\/286\/revisions"}],"predecessor-version":[{"id":288,"href":"https:\/\/www.bezprawie.pl\/index.php?rest_route=\/wp\/v2\/posts\/286\/revisions\/288"}],"wp:attachment":[{"href":"https:\/\/www.bezprawie.pl\/index.php?rest_route=%2Fwp%2Fv2%2Fmedia&parent=286"}],"wp:term":[{"taxonomy":"category","embeddable":true,"href":"https:\/\/www.bezprawie.pl\/index.php?rest_route=%2Fwp%2Fv2%2Fcategories&post=286"},{"taxonomy":"post_tag","embeddable":true,"href":"https:\/\/www.bezprawie.pl\/index.php?rest_route=%2Fwp%2Fv2%2Ftags&post=286"}],"curies":[{"name":"wp","href":"https:\/\/api.w.org\/{rel}","templated":true}]}}