{"id":291,"date":"2011-07-13T08:50:31","date_gmt":"2011-07-13T08:50:31","guid":{"rendered":"http:\/\/www.bezprawie.pl\/?p=291"},"modified":"2011-07-13T08:50:31","modified_gmt":"2011-07-13T08:50:31","slug":"szokujace-praktyki-polskiej-policji-wg-raportu-bija-raza-pradem-tortury","status":"publish","type":"post","link":"https:\/\/www.bezprawie.pl\/?p=291","title":{"rendered":"Szokuj\u0105ce praktyki polskiej policji. Wg raportu bij\u0105, ra\u017c\u0105 pr\u0105dem. Tortury?"},"content":{"rendered":"<p>W raportach Komitetu Zapobiegania Torturom Rady Europy (CPT), dotycz\u0105cych traktowania os\u00f3b zatrzymanych i wi\u0119\u017ani\u00f3w w Polsce, powtarzaj\u0105 si\u0119 te same zarzuty &#8211; uwa\u017ca Helsi\u0144ska Fundacja Praw Cz\u0142owieka. Polskie w\u0142adze przekonuj\u0105 jednak, \u017ce s\u0105 zmiany na lepsze. We wtorek CPT opublikowa\u0142 raport po kontroli w Polsce, przeprowadzonej na prze\u0142omie listopada i grudnia 2009 r. Wizytowano w\u00f3wczas 20 plac\u00f3wek &#8211; nie tylko wi\u0119zienia i policyjne izby zatrzyma\u0144, ale tak\u017ce policyjne izby dziecka, areszty deportacyjne i o\u015brodki dla cudzoziemc\u00f3w.<\/p>\n<p>Raport opublikowano za zgod\u0105 polskich w\u0142adz (nie wszyscy sygnatariusze Konwencji Rady Europy o zapobieganiu torturom oraz nieludzkiemu lub poni\u017caj\u0105cemu traktowaniu lub karaniu si\u0119 na to godz\u0105).<\/p>\n<p><strong>Przeludnienie w wi\u0119zieniach, niew\u0142a\u015bciwa opieka medyczna<\/strong><\/p>\n<p>Jak m\u00f3wi\u0142 we wtorek na konferencji prasowej w Warszawie dr Piotr K\u0142adoczny z HFPC, obecny raport, tak samo jak poprzedni opublikowany w 2005 r., m\u00f3wi o przeludnieniu w zak\u0142adach karnych, przy czym polskie w\u0142adze przyjmuj\u0105, \u017ce standardem jest zapewnienie 3 metr\u00f3w kw. na osob\u0119, gdy CPT rekomenduje 4 metry kw. W raportach CPT powtarzaj\u0105 si\u0119 zarzuty o niew\u0142a\u015bciwej opiece medycznej nad osadzonymi &#8211; brakuje personelu, nie ma odpowiedniego wyposa\u017cenia. HFPC podkre\u015bla, \u017ce raport CPT m\u00f3wi o braku rozwini\u0119tego systemu pomocy prawnej dla zatrzymanych.<\/p>\n<p><strong>Dzieci cudzoziemc\u00f3w w o\u015brodkach zamkni\u0119tych<\/strong><\/p>\n<p>Komitet zwraca uwag\u0119 na powa\u017cny problem dotycz\u0105cy cudzoziemc\u00f3w. Wi\u0119kszo\u015b\u0107 obcokrajowc\u00f3w, z kt\u00f3rymi zetkn\u0119li si\u0119 przedstawiciele CPT, nie zna\u0142a swego po\u0142o\u017cenia prawnego oraz procedur, kt\u00f3rym zostali poddani. HFPC alarmuje, \u017ce polskie prawo zezwala na przetrzymywanie dzieci cudzoziemc\u00f3w w o\u015brodkach zamkni\u0119tych, gdzie przebywaj\u0105 ich rodzice. Takie miejsca &#8211; ocenia HFPC &#8211; negatywnie wp\u0142ywaj\u0105 na rozw\u00f3j psychiczny ma\u0142oletnich.<\/p>\n<p>CPT zaleca te\u017c zmian\u0119 zasad przyznawania wi\u0119\u017aniom statusu szczeg\u00f3lnie niebezpiecznych.<\/p>\n<p><strong>&#8222;Maltretowanie r\u00f3wnoznaczne z torutorowaniem&#8221;<\/strong><\/p>\n<p>W raporcie CPT wskazano te\u017c na maltretowanie, o kt\u00f3rym m\u00f3wili dwaj zatrzymani i kt\u00f3re by\u0142o tak dotkliwe, i\u017c &#8222;mog\u0142oby zosta\u0107 uznane za r\u00f3wnoznaczne z torturowaniem&#8221;. Raport przytacza przypadek osoby z Krakowa aresztowanej w pa\u017adzierniku 2009 r. przez funkcjonariuszy CB\u015a z Bielska Bia\u0142ej.<\/p>\n<p><strong>Policjanci &#8222;bili i kopali&#8221;. &#8222;Paralizator do genitali\u00f3w&#8221;<\/strong><\/p>\n<p>M\u0119\u017cczyzna powiedzia\u0142 przedstawicielom CPT, \u017ce bezpo\u015brednio po aresztowaniu by\u0142 wielokrotnie bity i kopany przez policjant\u00f3w, kt\u00f3rzy chcieli wymusi\u0107 na nim przyznanie si\u0119 do winy. Jeden z funkcjonariuszy mia\u0142 przy\u0142o\u017cy\u0107 mu do genitali\u00f3w na p\u00f3\u0142 minuty w\u0142\u0105czony elektryczny paralizator.<\/p>\n<p>M\u0119\u017cczyzna zg\u0142osi\u0142 spraw\u0119 dyrektorowi aresztu, w kt\u00f3rym by\u0142 przetrzymywany, a ten przekaza\u0142 j\u0105 do prokuratury. Z odpowiedzi polskiego rz\u0105du na raport CPT (opublikowanej razem z raportem we wtorek) wynika, \u017ce \u015bledztwo w tej sprawie prowadzi\u0142a Prokuratura Rejonowa Krak\u00f3w-\u015ar\u00f3dmie\u015bcie Zach\u00f3d, ale umorzy\u0142a je z powodu braku cech przest\u0119pstwa. Ponadto polski rz\u0105d poinformowa\u0142 CPT, \u017ce w tej sprawie nie by\u0142o prowadzone post\u0119 powanie dyscyplinarne.<\/p>\n<p><strong>\u015aledztwa w sprawie pobi\u0107 umarzane<\/strong><\/p>\n<p>Drugi przypadek, o kt\u00f3rym m\u00f3wi komitet, dotyczy zatrzymanego z Szamotu\u0142 (Wielkopolskie). Mia\u0142 by\u0107 on bity i kopany przez policjant\u00f3w, za\u0142o\u017cono mu te\u017c bardzo ciasno kajdanki. R\u00f3wnie\u017c tutaj prokuratura umorzy\u0142a \u015bledztwo (wszcz\u0119te po li\u015bcie przes\u0142anym przez CPT); nie dosz\u0142o do post\u0119powania dyscyplinarnego.<\/p>\n<p>W obu przypadkach HFPC ma w\u0105tpliwo\u015bci, \u017ce \u015bledztwa przeprowadzono w spos\u00f3b w\u0142a\u015bciwy. Dr Ireneusz Kami\u0144ski, prawnik z PAN i UJ, zwraca\u0142 we wtorek uwag\u0119, \u017ce obu poszkodowanych nie przes\u0142uchano przez d\u0142ugi czas od zg\u0142oszenia, a policjant\u00f3w &#8211; w og\u00f3le. Ponadto w jednym przypadku lekarze stwierdzili u poszkodowanego obra\u017cenia, kt\u00f3re pokrywa\u0142y si\u0119 z jego zeznaniami przed delegacj\u0105 CPT. &#8222;Gdyby te obie sprawy trafi\u0142y do Europejskiego Trybuna\u0142u Praw Cz\u0142owieka, z olbrzymim prawdopodobie\u0144stwem mo\u017cna powiedzie\u0107, \u017ce Trybuna\u0142 uzna\u0142by, \u017ce nie przeprowadzono w Polsce skutecznego post\u0119powania wyja\u015bniaj\u0105cego&#8221; &#8211; uwa\u017ca Kami\u0144ski.<\/p>\n<p>Rzecznik komendanta g\u0142\u00f3wnego policji Mariusz Soko\u0142owski podkre\u015bli\u0142, \u017ce \u017caden z zatrzymanych nie skorzysta\u0142 z mo\u017cliwo\u015bci z\u0142o\u017cenia skargi do Strasburga.<\/p>\n<p><strong>W\u0142adze: Ale jest lepiej&#8230;<\/strong><\/p>\n<p>Przedstawiciele polskich w\u0142adz, kt\u00f3rzy licznie pojawili si\u0119 na wtorkowej konferencji prasowej HFPC, przekonywali dziennikarzy, \u017ce najnowszy raport CPT zawiera nie tylko uwagi krytyczne, ale te\u017c informacje o tym, co si\u0119 poprawi\u0142o od poprzedniej kontroli. Zwracali te\u017c uwag\u0119, \u017ce komitet nie mia\u0142 uwag do polskiej odpowiedzi na sw\u00f3j raport.<\/p>\n<p>Cezary Zi\u00f3\u0142kowski z Departamentu Praw Cz\u0142owieka Ministerstwa Sprawiedliwo\u015bci podkre\u015bla\u0142, \u017ce w\u0142adze skupiaj\u0105 si\u0119 na zwalczaniu przeludnienia w celach. W latach 2006-09 w polskich zak\u0142adach karnych przyby\u0142o 17 tys. miejsc, coraz wi\u0119cej skazanych korzysta z dozoru elektronicznego, resort stara si\u0119 te\u017c, by s\u0105dy cz\u0119\u015bciej stosowa\u0142y kary ograniczenia wolno\u015bci zamiast wi\u0119zienia, za\u015b tym, kt\u00f3rzy na to zas\u0142uguj\u0105, \u0142atwiej by\u0142o uzyska\u0107 zwolnienie warunkowe. MS podkre\u015bla te\u017c, \u017ce w ostatnich latach przes\u0142anki zastosowania aresztu tymczasowego, zw\u0142aszcza trwaj\u0105cego ponad 2 lata, s\u0105 o wiele bardziej rygorystyczne ni\u017c kiedy\u015b.<\/p>\n<p>Z kolei rzeczniczka prasowa S\u0142u\u017cby Wi\u0119ziennej pp\u0142k Luiza Sa\u0142apa poinformowa\u0142a, \u017ce obecnie w zak\u0142adach karnych jest mniej wi\u0119\u017ani\u00f3w ni\u017c miejsc. Jak doda\u0142a, wi\u0119zienia s\u0105 jednak zaludnione w r\u00f3\u017cnym stopniu, np. dlatego \u017ce prawo nakazuje separowa\u0107 r\u00f3\u017cne kategorie osadzonych. &#8222;W dzisiejszych warunkach w zak\u0142adach karnych nie ma mowy o 4 m kw na osob\u0119&#8221; &#8211; przyzna\u0142a Sa\u0142apa. Od ub.r. SW wydaje skazanym za\u015bwiadczenia, \u017ce przebywaj\u0105 w celi przeludnionej. Na tej podstawie mog\u0105 oni sk\u0142ada\u0107 oni pozwy cywilne o odszkodowania. Jak powiedzia\u0142a Sa\u0142apa, w 2010 r. s\u0105dy rozpatrzy\u0142y 146 takich spraw i zas\u0105dzi\u0142y \u0142\u0105cznie 370 tys. z\u0142 od Skarbu Pa\u0144stwa.<\/p>\n<p>Sa\u0142apa powiedzia\u0142a te\u017c, \u017ce od czasu wizytacji CPT podpisano ponad 500 nowych um\u00f3w z personelem medycznym na opiek\u0119 nad osadzonymi. &#8222;Sytuacja mo\u017ce nie jest idealna, natomiast czynimy wszelkie starania, \u017ceby si\u0119 z ni\u0105 upora\u0107&#8221; &#8211; przekonywa\u0142a.<\/p>\n<p>CPT kontroluje przestrzeganie Konwencji Rady Europy o zapobieganiu torturom oraz nieludzkiemu lub poni\u017caj\u0105cemu traktowaniu lub karaniu, kt\u00f3ra zosta\u0142a przyj\u0119ta w 1987 r. i wesz\u0142a w \u017cycie dwa lata p\u00f3\u017aniej. Ostatnia wizyta przedstawicieli CPT w naszym kraju by\u0142a czwart\u0105 od 1994 r., czyli momentu, kiedy ratyfikowali\u015bmy konwencj\u0119.<\/p>\n<p>Rafa\u0142 Lesiecki<br \/>\nPAP<\/p>\n","protected":false},"excerpt":{"rendered":"<p>W raportach Komitetu Zapobiegania Torturom Rady Europy (CPT), dotycz\u0105cych traktowania os\u00f3b zatrzymanych i wi\u0119\u017ani\u00f3w w Polsce, powtarzaj\u0105 si\u0119 te same zarzuty &#8211; uwa\u017ca Helsi\u0144ska Fundacja Praw Cz\u0142owieka. Polskie w\u0142adze przekonuj\u0105 jednak, \u017ce s\u0105 zmiany na lepsze. We wtorek CPT opublikowa\u0142 &hellip; <a href=\"https:\/\/www.bezprawie.pl\/?p=291\">Czytaj dalej <span class=\"meta-nav\">&rarr;<\/span><\/a><\/p>\n","protected":false},"author":1,"featured_media":0,"comment_status":"open","ping_status":"open","sticky":false,"template":"","format":"standard","meta":{"footnotes":""},"categories":[3],"tags":[16,82],"class_list":["post-291","post","type-post","status-publish","format-standard","hentry","category-polska","tag-policja","tag-tortury"],"_links":{"self":[{"href":"https:\/\/www.bezprawie.pl\/index.php?rest_route=\/wp\/v2\/posts\/291","targetHints":{"allow":["GET"]}}],"collection":[{"href":"https:\/\/www.bezprawie.pl\/index.php?rest_route=\/wp\/v2\/posts"}],"about":[{"href":"https:\/\/www.bezprawie.pl\/index.php?rest_route=\/wp\/v2\/types\/post"}],"author":[{"embeddable":true,"href":"https:\/\/www.bezprawie.pl\/index.php?rest_route=\/wp\/v2\/users\/1"}],"replies":[{"embeddable":true,"href":"https:\/\/www.bezprawie.pl\/index.php?rest_route=%2Fwp%2Fv2%2Fcomments&post=291"}],"version-history":[{"count":1,"href":"https:\/\/www.bezprawie.pl\/index.php?rest_route=\/wp\/v2\/posts\/291\/revisions"}],"predecessor-version":[{"id":292,"href":"https:\/\/www.bezprawie.pl\/index.php?rest_route=\/wp\/v2\/posts\/291\/revisions\/292"}],"wp:attachment":[{"href":"https:\/\/www.bezprawie.pl\/index.php?rest_route=%2Fwp%2Fv2%2Fmedia&parent=291"}],"wp:term":[{"taxonomy":"category","embeddable":true,"href":"https:\/\/www.bezprawie.pl\/index.php?rest_route=%2Fwp%2Fv2%2Fcategories&post=291"},{"taxonomy":"post_tag","embeddable":true,"href":"https:\/\/www.bezprawie.pl\/index.php?rest_route=%2Fwp%2Fv2%2Ftags&post=291"}],"curies":[{"name":"wp","href":"https:\/\/api.w.org\/{rel}","templated":true}]}}