{"id":314,"date":"2012-02-21T12:47:54","date_gmt":"2012-02-21T12:47:54","guid":{"rendered":"http:\/\/www.bezprawie.pl\/?p=314"},"modified":"2012-02-21T12:47:54","modified_gmt":"2012-02-21T12:47:54","slug":"wycieli-kilkadziesiat-drzew-by-zbudowac-supermarket-sprawa-do-prokuratury","status":"publish","type":"post","link":"https:\/\/www.bezprawie.pl\/?p=314","title":{"rendered":"Wyci\u0119li kilkadziesi\u0105t drzew. By zbudowa\u0107 supermarket? Sprawa do prokuratury"},"content":{"rendered":"<p>Ponad siedemdziesi\u0105t drzew z dnia na dzie\u0144 znikn\u0119\u0142o z terenu by\u0142ego cmentarza przy ul. Walecznych w Lublinie. W\u0142a\u015bciciel drzew za wycink\u0119 nie zap\u0142aci\u0142. Bo mia\u0142 opini\u0119 urz\u0119dnika ratusza, \u017ce drzewa trzeba wyci\u0105\u0107 ze wzgl\u0119du na to, \u017ce s\u0105 stare i zagra\u017caj\u0105 bezpiecze\u0144stwu. Prezydent Lublina o sprawie w\u0142a\u015bnie zawiadomi\u0142 prokuratur\u0119. Pan Piotr mieszka obok dzia\u0142ki, na kt\u00f3rej sta\u0142y drzewa. &#8211; To by\u0142o straszne. W du\u017cy mr\u00f3z przyjecha\u0142a ekipa trzydziestu pracownik\u00f3w, do tego ochrona, i zacz\u0119li wycina\u0107. Nawet te drzewa najbli\u017cej naszych balkon\u00f3w. Wszystko. Nic nie zosta\u0142o, tylko pustynia. Z\u0142o\u015bliwo\u015b\u0107, chamstwo, brak s\u0142\u00f3w &#8211; m\u00f3wi. Wt\u00f3ruj\u0105 mu inni. &#8211; To wielkie bezprawie, bo przecie\u017c nikt w majestacie prawa nie podejmuje z dnia na dzie\u0144 decyzji, by wyci\u0105\u0107 tyle drzew, takich starych, pi\u0119knych &#8211; m\u00f3wi nam inny z mieszka\u0144c\u00f3w. &#8211; Mo\u017cna by\u0142o tak to zrobi\u0107, zaprojektowa\u0107, \u017ceby te pi\u0119kne drzewa zosta\u0142y, \u017ceby\u015bmy mieli czym oddycha\u0107 &#8211; dodaje jedna z kobiet. &#8211; To jest co\u015b, co si\u0119 nikomu nie mie\u015bci w g\u0142owie. Skandal i tyle &#8211; m\u00f3wi\u0105 ludzie.<\/p>\n<p><strong>Decyzja w przedostatnim dniu urz\u0119dowania dyrektora<\/strong><\/p>\n<p>Decyzj\u0119 o wycince drzew zaakceptowa\u0142 szef Wydzia\u0142u Ochrony \u015arodowiska Urz\u0119du Miasta w Lublinie Marian Stani w przedostatnim dniu swojego urz\u0119dowania w ratuszu. Rzekomo wcze\u015bniej na ul. Walecznych mia\u0142o doj\u015b\u0107 do wizji lokalnej, w trakcie kt\u00f3rej fachowcy mieli stwierdzi\u0107, \u017ce drzewa s\u0105 bardzo stare, zniszczone i zagra\u017caj\u0105 bezpiecze\u0144stwu mieszka\u0144c\u00f3w. Problem w tym, \u017ce nie ma na to \u017cadnego dokumentu. &#8211; Takiej wizji nie przeprowadzono, a na pewno nie mamy dokument\u00f3w, kt\u00f3re potwierdzi\u0142yby jej przeprowadzenie &#8211; m\u00f3wi prezydent Lublina Krzysztof \u017buk.<\/p>\n<p>Dyrektor Marian Stani odchodzi\u0142 do innej pracy. Wiadomo, \u017ce dzie\u0144 po wydaniu kontrowersyjnej decyzji o wycince drzew zaprosi\u0142 wsp\u00f3\u0142pracownik\u00f3w na spotkanie po\u017cegnalne. Do lokalu powi\u0105zanego z firm\u0105, kt\u00f3ra na terenie po wyci\u0119tych drzewach chce postawi\u0107 supermarket.<\/p>\n<p><strong>Sprawa w prokuraturze<\/strong><\/p>\n<p>Prezydent Lublina Krzysztof \u017buk zarz\u0105dzi\u0142 audyt w wydziale ochrony \u015brodowiska. Wyniki by\u0142y na tyle niepokoj\u0105ce, \u017ce ratusz o sprawie w\u0142a\u015bnie zawiadomi\u0142 prokuratur\u0119. &#8211; Wyniki sk\u0142oni\u0142y nas do przygotowania wyst\u0105pienia do prokuratury rejonowej o wszcz\u0119cie post\u0119powania w sprawie &#8211; m\u00f3wi \u017buk. Chodzi o podejrzenie pope\u0142nienia przest\u0119pstwa niedope\u0142nienia obowi\u0105zk\u00f3w przez pracownik\u00f3w wydzia\u0142u ochrony \u015brodowiska. Urz\u0119dnicy przekazali prokuraturze wyniki swojej kontroli i ca\u0142\u0105 dokumentacj\u0119.<\/p>\n<p>Ratusz o post\u0119powaniu by\u0142ego dyrektora wydzia\u0142u ochrony \u015brodowiska zawiadomi\u0142 te\u017c rzecznika dyscypliny finans\u00f3w publicznych. &#8211; Chodzi o nienaliczenie nale\u017cnych miastu op\u0142at za wyci\u0119cie drzew &#8211; t\u0142umaczy prezydent. Nie ujawnia, o jakie kwoty chodzi. &#8211; Trzeba to dok\u0142adnie oszacowa\u0107. Chodzi o czynno\u015b\u0107, kt\u00f3rej nie podj\u0119to &#8211; dodaje \u017buk.<\/p>\n<p><strong>Drzew nie ma, supermarketu nie b\u0119dzie?<\/strong><\/p>\n<p>Drzewa zosta\u0142y wyci\u0119te, a na tym terenie mia\u0142 powsta\u0107 supermarket. Nie powstanie, bo nie przewiduje tego plan zagospodarowania przestrzennego tego rejonu Lublina. &#8211; Dzi\u015b do konsultacji przekazany zosta\u0142 projekt planu przestrzennego zagospodarowania. Ten plan nie przewiduje funkcji komercyjnych w tej przestrzeni, o kt\u00f3rej m\u00f3wimy &#8211; m\u00f3wi \u017buk. Jak dodaje, plan powinien zosta\u0107 uchwalony przez radnych w kwietniu.<\/p>\n<p>gazeta.pl<\/p>\n","protected":false},"excerpt":{"rendered":"<p>Ponad siedemdziesi\u0105t drzew z dnia na dzie\u0144 znikn\u0119\u0142o z terenu by\u0142ego cmentarza przy ul. Walecznych w Lublinie. W\u0142a\u015bciciel drzew za wycink\u0119 nie zap\u0142aci\u0142. Bo mia\u0142 opini\u0119 urz\u0119dnika ratusza, \u017ce drzewa trzeba wyci\u0105\u0107 ze wzgl\u0119du na to, \u017ce s\u0105 stare i &hellip; <a href=\"https:\/\/www.bezprawie.pl\/?p=314\">Czytaj dalej <span class=\"meta-nav\">&rarr;<\/span><\/a><\/p>\n","protected":false},"author":1,"featured_media":0,"comment_status":"open","ping_status":"open","sticky":false,"template":"","format":"standard","meta":{"footnotes":""},"categories":[74],"tags":[],"class_list":["post-314","post","type-post","status-publish","format-standard","hentry","category-lublin"],"_links":{"self":[{"href":"https:\/\/www.bezprawie.pl\/index.php?rest_route=\/wp\/v2\/posts\/314","targetHints":{"allow":["GET"]}}],"collection":[{"href":"https:\/\/www.bezprawie.pl\/index.php?rest_route=\/wp\/v2\/posts"}],"about":[{"href":"https:\/\/www.bezprawie.pl\/index.php?rest_route=\/wp\/v2\/types\/post"}],"author":[{"embeddable":true,"href":"https:\/\/www.bezprawie.pl\/index.php?rest_route=\/wp\/v2\/users\/1"}],"replies":[{"embeddable":true,"href":"https:\/\/www.bezprawie.pl\/index.php?rest_route=%2Fwp%2Fv2%2Fcomments&post=314"}],"version-history":[{"count":1,"href":"https:\/\/www.bezprawie.pl\/index.php?rest_route=\/wp\/v2\/posts\/314\/revisions"}],"predecessor-version":[{"id":315,"href":"https:\/\/www.bezprawie.pl\/index.php?rest_route=\/wp\/v2\/posts\/314\/revisions\/315"}],"wp:attachment":[{"href":"https:\/\/www.bezprawie.pl\/index.php?rest_route=%2Fwp%2Fv2%2Fmedia&parent=314"}],"wp:term":[{"taxonomy":"category","embeddable":true,"href":"https:\/\/www.bezprawie.pl\/index.php?rest_route=%2Fwp%2Fv2%2Fcategories&post=314"},{"taxonomy":"post_tag","embeddable":true,"href":"https:\/\/www.bezprawie.pl\/index.php?rest_route=%2Fwp%2Fv2%2Ftags&post=314"}],"curies":[{"name":"wp","href":"https:\/\/api.w.org\/{rel}","templated":true}]}}