{"id":333,"date":"2012-03-23T17:17:06","date_gmt":"2012-03-23T17:17:06","guid":{"rendered":"http:\/\/www.bezprawie.pl\/?p=333"},"modified":"2012-03-23T19:23:42","modified_gmt":"2012-03-23T19:23:42","slug":"pikieta-sadu-najwyzszego","status":"publish","type":"post","link":"https:\/\/www.bezprawie.pl\/?p=333","title":{"rendered":"Pikieta S\u0105du Najwy\u017cszego"},"content":{"rendered":"<p>28 marca 2012 r, godz 10:00 Plac Krasi\u0144skich w Warszawie &#8211; Pikieta S\u0105du Najwy\u017cszego. Obecno\u015b\u0107 Obowi\u0105zkowa! Prze\u015blij dalej! Tego dnia S\u0105d Najwy\u017cszy b\u0119dzie rozpatrywa\u0142 czy posiedzenia s\u0105d\u00f3w karnych mog\u0105 by\u0107 utajnione. Je\u015bli to przejdzie, to w Polsce b\u0119dziemy mie\u0107 sytuacj\u0119 podobn\u0105 jak za Stalina czy Hitlera &#8211; oskar\u017cony b\u0119dzie zdany na ca\u0142kowit\u0105 \u0142ask\u0119 i nie\u0142ask\u0119 s\u0119dziego i prokuratora. Przy obecnej jako\u015bci s\u0105dzenia mo\u017ce to oznacza\u0107 jedno &#8211; ca\u0142kowity upadek polskiego s\u0105downictwa i umocnienie represji s\u0105dowych.<\/p>\n<p><iframe loading=\"lazy\" width=\"400\" height=\"233\" src=\"http:\/\/www.youtube.com\/embed\/zEBh0eJi_rs\" frameborder=\"0\" allowfullscreen><\/iframe><\/p>\n","protected":false},"excerpt":{"rendered":"<p>28 marca 2012 r, godz 10:00 Plac Krasi\u0144skich w Warszawie &#8211; Pikieta S\u0105du Najwy\u017cszego. Obecno\u015b\u0107 Obowi\u0105zkowa! Prze\u015blij dalej! Tego dnia S\u0105d Najwy\u017cszy b\u0119dzie rozpatrywa\u0142 czy posiedzenia s\u0105d\u00f3w karnych mog\u0105 by\u0107 utajnione. Je\u015bli to przejdzie, to w Polsce b\u0119dziemy mie\u0107 sytuacj\u0119 &hellip; <a href=\"https:\/\/www.bezprawie.pl\/?p=333\">Czytaj dalej <span class=\"meta-nav\">&rarr;<\/span><\/a><\/p>\n","protected":false},"author":1,"featured_media":0,"comment_status":"open","ping_status":"open","sticky":false,"template":"","format":"standard","meta":{"footnotes":""},"categories":[3],"tags":[],"class_list":["post-333","post","type-post","status-publish","format-standard","hentry","category-polska"],"_links":{"self":[{"href":"https:\/\/www.bezprawie.pl\/index.php?rest_route=\/wp\/v2\/posts\/333","targetHints":{"allow":["GET"]}}],"collection":[{"href":"https:\/\/www.bezprawie.pl\/index.php?rest_route=\/wp\/v2\/posts"}],"about":[{"href":"https:\/\/www.bezprawie.pl\/index.php?rest_route=\/wp\/v2\/types\/post"}],"author":[{"embeddable":true,"href":"https:\/\/www.bezprawie.pl\/index.php?rest_route=\/wp\/v2\/users\/1"}],"replies":[{"embeddable":true,"href":"https:\/\/www.bezprawie.pl\/index.php?rest_route=%2Fwp%2Fv2%2Fcomments&post=333"}],"version-history":[{"count":4,"href":"https:\/\/www.bezprawie.pl\/index.php?rest_route=\/wp\/v2\/posts\/333\/revisions"}],"predecessor-version":[{"id":337,"href":"https:\/\/www.bezprawie.pl\/index.php?rest_route=\/wp\/v2\/posts\/333\/revisions\/337"}],"wp:attachment":[{"href":"https:\/\/www.bezprawie.pl\/index.php?rest_route=%2Fwp%2Fv2%2Fmedia&parent=333"}],"wp:term":[{"taxonomy":"category","embeddable":true,"href":"https:\/\/www.bezprawie.pl\/index.php?rest_route=%2Fwp%2Fv2%2Fcategories&post=333"},{"taxonomy":"post_tag","embeddable":true,"href":"https:\/\/www.bezprawie.pl\/index.php?rest_route=%2Fwp%2Fv2%2Ftags&post=333"}],"curies":[{"name":"wp","href":"https:\/\/api.w.org\/{rel}","templated":true}]}}