{"id":350,"date":"2012-08-13T08:47:16","date_gmt":"2012-08-13T08:47:16","guid":{"rendered":"http:\/\/www.bezprawie.pl\/?p=350"},"modified":"2012-08-13T08:47:53","modified_gmt":"2012-08-13T08:47:53","slug":"juz-7-wyrokow-szefa-amber-gold-zagadkowa-poblazliwosc-temidy","status":"publish","type":"post","link":"https:\/\/www.bezprawie.pl\/?p=350","title":{"rendered":"Ju\u017c 7 wyrok\u00f3w szefa Amber Gold. Zagadkowa pob\u0142a\u017cliwo\u015b\u0107 Temidy"},"content":{"rendered":"<p>Dlaczego za\u0142o\u017cyciel Amber Gold Marcin Plichta ani razu nie znalaz\u0142 si\u0119 w wi\u0119zieniu mimo kilku wyrok\u00f3w skazuj\u0105cych? Wyja\u015bniaj\u0105 to niezale\u017cnie Ministerstwo Sprawiedliwo\u015bci i prokurator generalny<\/p>\n<p>16 lipca 2010 S\u0105d Rejonowy w Kwidzynie skaza\u0142 prezesa Amber Gold na kar\u0119 dw\u00f3ch lat pozbawienia wolno\u015bci z zawieszeniem na 5 lat. Chodzi\u0142o o 57 wy\u0142udze\u0144 kredyt\u00f3w bankowych i fa\u0142szerstwo dokumentu. Plichta korzysta\u0142 z podstawionych os\u00f3b &#8211; tzw. s\u0142up\u00f3w. Kwota pojedynczego kredytu waha\u0142a si\u0119 od kilku do kilkunastu tysi\u0119cy z\u0142otych. W sumie zebra\u0142o si\u0119 ponad p\u00f3\u0142 miliona z\u0142otych. Wszystkie kredyty zosta\u0142y wy\u0142udzone z GE Money Banku. Przes\u0142uchiwany przez prokuratora Plichta zachowywa\u0142 si\u0119 jak zwykle: przyzna\u0142 si\u0119 do winy, ch\u0119tnie podj\u0105\u0142 wsp\u00f3\u0142prac\u0119 w wyja\u015bnianiu sprawy. Na koniec poprosi\u0142 o dobrowolne poddanie si\u0119 karze.<\/p>\n<p><img loading=\"lazy\" decoding=\"async\" alt=\"\" src=\"http:\/\/bi.gazeta.pl\/im\/eb\/8f\/bb\/z12292075Q,MARCINA-PLICHTY-PRZYGODY-Z-WYMIAREM-SPRAWIEDLIWOSCI.jpg\" title=\"Wyroki Marcin Plichta\" class=\"alignleft\" width=\"620\" height=\"324\" \/><\/p>\n<p>Dziwne jest, \u017ce s\u0105d nie zobowi\u0105za\u0142 go do zwrotu wy\u0142udzonych pieni\u0119dzy. Tak\u017ce poszkodowany bank nie wnioskowa\u0142 o naprawienie szk\u00f3d przez Plicht\u0119. By\u0107 mo\u017ce uzna\u0142, \u017ce pieni\u0119dzy i tak nie odzyska.<\/p>\n<p>Jeszcze dziwniejsze jest, \u017ce prokurator oraz s\u0105d w przypadku Plichty zgodzili si\u0119 na dobrowolne poddanie si\u0119 karze i zapad\u0142 wyrok w zawieszeniu. Musieli wiedzie\u0107, \u017ce prezes Amber Gold by\u0142 ju\u017c skazywany za podobne przest\u0119pstwa. Gdy wydano wyrok w Kwidzynie, Plichta mia\u0142 na koncie niezatarte jeszcze wyroki s\u0105d\u00f3w w Gda\u0144sku, Malborku i Starogardzie Gda\u0144skim. W dw\u00f3ch chodzi\u0142o o wy\u0142udzenia kredyt\u00f3w bankowych przez &#8222;s\u0142upy&#8221; na \u0142\u0105czn\u0105 kwot\u0119 130 tys. z\u0142. Trzeci to s\u0142ynna Multikasa, sp\u00f3\u0142ka Plichty, kt\u00f3ra zagarn\u0119\u0142a \u0142\u0105czn\u0105 kwot\u0119 174 tys. z\u0142. By\u0142y to op\u0142aty za energi\u0119 elektryczn\u0105 od ponad 300 os\u00f3b &#8211; pieni\u0105dze te nigdy nie dotar\u0142y na konta firm energetycznych. S\u0105d jednak uzna\u0142, \u017ce Plichcie po prostu nie powiod\u0142o si\u0119 w interesach, nie mia\u0142 intencji przyw\u0142aszczenia pieni\u0119dzy klient\u00f3w.<\/p>\n<p>Wczoraj, po publikacjach &#8222;Gazety&#8221; i innych medi\u00f3w, pilnego wyja\u015bnienia cudownej \u0142agodno\u015bci wyrok\u00f3w Plichty za\u017c\u0105da\u0142 prokurator generalny Andrzej Seremet. Ma si\u0119 tym zaj\u0105\u0107 Prokuratura Apelacyjna w Gda\u0144sku. &#8211; To jest gruba afera, wysy\u0142amy do Gda\u0144ska akta sprawy i odpisy wyrok\u00f3w &#8211; m\u00f3wi jeden z pomorskich prokurator\u00f3w. &#8211; Pracuj\u0119 ju\u017c troch\u0119 lat, ale czego\u015b takiego jeszcze nie widzia\u0142em.<\/p>\n<p>&#8211; Chodzi o ustalenie, jakie by\u0142y prokuratorskie wnioski co do kar w poszczeg\u00f3lnych sprawach i decyzje, kt\u00f3re pozwoli\u0142y uzna\u0107 te wyroki za s\u0142uszne &#8211; m\u00f3wi prok. Maciej Kujawski z Biura Prokuratora Generalnego.<\/p>\n<p>Nacisk jest po\u0142o\u017cony na dzia\u0142ania prokuratury, bowiem ewentualne b\u0142\u0119dy s\u0105d\u00f3w nie mog\u0142y by\u0107 pope\u0142nione bez udzia\u0142u oskar\u017cyciela. Prokurator ma informacje, czy osoba by\u0142a karana, czy nie. Zna te\u017c decyzje z posiedze\u0144 wykonawczych: czy zastosowa\u0107 doz\u00f3r kuratora, czy zarz\u0105dzi\u0107 wykonanie warunkowo zawieszonej kary.<\/p>\n<p>Minister sprawiedliwo\u015bci za\u017c\u0105da\u0142 od prezesa S\u0105du Okr\u0119gowego w Gda\u0144sku raportu na temat sprawowanego przez niego nadzoru administracyjnego. Ma go otrzyma\u0107 we wtorek. Minister nie ma prawa ingerowa\u0107 w wyroki s\u0105d\u00f3w, ale mo\u017ce sprawdzi\u0107 ich wykonanie.<\/p>\n<p>&#8211; Chodzi m.in. o to, czy dopilnowano, by skazany wykona\u0142 kar\u0119 dodatkow\u0105 w postaci naprawienia szk\u00f3d, bo bez tego wyrok nie mo\u017ce by\u0107 zawieszony &#8211; m\u00f3wi Patrycja Loose, rzeczniczka Ministerstwa Sprawiedliwo\u015bci. &#8211; Zbadane maj\u0105 by\u0107 kwestie sprawno\u015bci i terminowo\u015bci dzia\u0142a\u0144 s\u0105du, a tak\u017ce ocena dzia\u0142alno\u015bci kuratorskiej s\u0142u\u017cby s\u0105dowej.<\/p>\n<p>Marcin Plichta jako prawomocnie skazany nie mia\u0142 prawa zarejestrowa\u0107 sp\u00f3\u0142ki Amber Gold i by\u0107 w niej prezesem czy cz\u0142onkiem zarz\u0105du. M\u00f3wi o tym art. 18 kodeksu sp\u00f3\u0142ek handlowych. Jak mo\u017cliwe zatem, \u017ce swoj\u0105 firm\u0119 zarejestrowa\u0142? &#8211; KRS nie ma obowi\u0105zku sprawdza\u0107 karalno\u015bci os\u00f3b rejestruj\u0105cych firmy &#8211; m\u00f3wi Patrycja Loose. I dodaje, \u017ce ministerstwo zastanowi si\u0119 nad wnioskiem do gda\u0144skiego s\u0105du rejestrowego o rozwa\u017cenie wszcz\u0119cia post\u0119powania o wykre\u015blenie Plichty z rejestru w\u0142adz jego sp\u00f3\u0142ek &#8211; je\u015bli potwierdzi si\u0119, \u017ce zasiada w nich niezgodnie z prawem.<\/p>\n<p>A Katarzyna Plichta, \u017cona Marcina, za\u0142o\u017cy\u0142a now\u0105 sp\u00f3\u0142k\u0119 &#8211; PST. Wed\u0142ug nieoficjalnych informacji to z jej konta wysy\u0142ane b\u0119d\u0105 pieni\u0105dze klientom Amber Gold. <\/p>\n<p>gazeta.pl<\/p>\n","protected":false},"excerpt":{"rendered":"<p>Dlaczego za\u0142o\u017cyciel Amber Gold Marcin Plichta ani razu nie znalaz\u0142 si\u0119 w wi\u0119zieniu mimo kilku wyrok\u00f3w skazuj\u0105cych? Wyja\u015bniaj\u0105 to niezale\u017cnie Ministerstwo Sprawiedliwo\u015bci i prokurator generalny 16 lipca 2010 S\u0105d Rejonowy w Kwidzynie skaza\u0142 prezesa Amber Gold na kar\u0119 dw\u00f3ch lat &hellip; <a href=\"https:\/\/www.bezprawie.pl\/?p=350\">Czytaj dalej <span class=\"meta-nav\">&rarr;<\/span><\/a><\/p>\n","protected":false},"author":1,"featured_media":0,"comment_status":"open","ping_status":"open","sticky":false,"template":"","format":"standard","meta":{"footnotes":""},"categories":[26],"tags":[112],"class_list":["post-350","post","type-post","status-publish","format-standard","hentry","category-gdansk","tag-amber-gold"],"_links":{"self":[{"href":"https:\/\/www.bezprawie.pl\/index.php?rest_route=\/wp\/v2\/posts\/350","targetHints":{"allow":["GET"]}}],"collection":[{"href":"https:\/\/www.bezprawie.pl\/index.php?rest_route=\/wp\/v2\/posts"}],"about":[{"href":"https:\/\/www.bezprawie.pl\/index.php?rest_route=\/wp\/v2\/types\/post"}],"author":[{"embeddable":true,"href":"https:\/\/www.bezprawie.pl\/index.php?rest_route=\/wp\/v2\/users\/1"}],"replies":[{"embeddable":true,"href":"https:\/\/www.bezprawie.pl\/index.php?rest_route=%2Fwp%2Fv2%2Fcomments&post=350"}],"version-history":[{"count":2,"href":"https:\/\/www.bezprawie.pl\/index.php?rest_route=\/wp\/v2\/posts\/350\/revisions"}],"predecessor-version":[{"id":352,"href":"https:\/\/www.bezprawie.pl\/index.php?rest_route=\/wp\/v2\/posts\/350\/revisions\/352"}],"wp:attachment":[{"href":"https:\/\/www.bezprawie.pl\/index.php?rest_route=%2Fwp%2Fv2%2Fmedia&parent=350"}],"wp:term":[{"taxonomy":"category","embeddable":true,"href":"https:\/\/www.bezprawie.pl\/index.php?rest_route=%2Fwp%2Fv2%2Fcategories&post=350"},{"taxonomy":"post_tag","embeddable":true,"href":"https:\/\/www.bezprawie.pl\/index.php?rest_route=%2Fwp%2Fv2%2Ftags&post=350"}],"curies":[{"name":"wp","href":"https:\/\/api.w.org\/{rel}","templated":true}]}}