{"id":380,"date":"2013-08-08T10:06:29","date_gmt":"2013-08-08T10:06:29","guid":{"rendered":"http:\/\/www.bezprawie.pl\/?p=380"},"modified":"2013-08-08T10:06:29","modified_gmt":"2013-08-08T10:06:29","slug":"wierzyciele-postanowili-zglosic-wniosek-o-upadlosc-spolki-sandius-lex-z-legnicy","status":"publish","type":"post","link":"https:\/\/www.bezprawie.pl\/?p=380","title":{"rendered":"Wierzyciele postanowili zg\u0142osi\u0107 wniosek o upad\u0142o\u015b\u0107 sp\u00f3\u0142ki &#8222;Sandius &#8211; Lex&#8221; z Legnicy"},"content":{"rendered":"<p>Jak informowali\u015bmy w wcze\u015bniej, sp\u00f3\u0142ka &#8222;<strong>Sandius- Lex<\/strong>&#8221; z Legnicy zaprzesta\u0142a sp\u0142aty swoich zobowi\u0105za\u0144. Wierzycieli podj\u0119li pr\u00f3b\u0119 ustalenia mo\u017cliwo\u015bci sp\u0142aty zad\u0142u\u017cenia i sytuacji ekonomicznej sp\u00f3\u0142ki, okaza\u0142o si\u0119 to jednak niemo\u017cliwe w zwi\u0105zku z postaw\u0105 zarz\u0105du sp\u00f3\u0142ki. Tym samym, wierzyciele podj\u0119li decyzj\u0119 o zg\u0142oszeniu wniosku o upad\u0142o\u015b\u0107 sp\u00f3\u0142ki &#8222;<strong>Sandius &#8211; Lex<\/strong>&#8221; z Legnicy. Okazuje si\u0119, i\u017c dzia\u0142aniami zarz\u0105du sp\u00f3\u0142ki zainteresowa\u0142a si\u0119 tak\u017ce prokuratura. Czy szykuje si\u0119 nam kolejna &#8222;afera&#8221; z niewyp\u0142acaln\u0105 kancelari\u0105 odszkodowawcz\u0105. Wedle informacji jakie posiadamy sp\u00f3\u0142ka &#8222;<strong>Sandius &#8211; Lex<\/strong>&#8221; nie posiada polisy OC z zwi\u0105zku z prowadzon\u0105 dzia\u0142alno\u015bci\u0105 gospodarcz\u0105, co mo\u017ce oznacza\u0107 problemy dla klient\u00f3w i wierzycieli sp\u00f3\u0142ki. O sprawie b\u0119dziemy informowa\u0107.<\/p>\n","protected":false},"excerpt":{"rendered":"<p>Jak informowali\u015bmy w wcze\u015bniej, sp\u00f3\u0142ka &#8222;Sandius- Lex&#8221; z Legnicy zaprzesta\u0142a sp\u0142aty swoich zobowi\u0105za\u0144. Wierzycieli podj\u0119li pr\u00f3b\u0119 ustalenia mo\u017cliwo\u015bci sp\u0142aty zad\u0142u\u017cenia i sytuacji ekonomicznej sp\u00f3\u0142ki, okaza\u0142o si\u0119 to jednak niemo\u017cliwe w zwi\u0105zku z postaw\u0105 zarz\u0105du sp\u00f3\u0142ki. Tym samym, wierzyciele podj\u0119li decyzj\u0119 &hellip; <a href=\"https:\/\/www.bezprawie.pl\/?p=380\">Czytaj dalej <span class=\"meta-nav\">&rarr;<\/span><\/a><\/p>\n","protected":false},"author":1,"featured_media":0,"comment_status":"open","ping_status":"open","sticky":false,"template":"","format":"standard","meta":{"footnotes":""},"categories":[105],"tags":[],"class_list":["post-380","post","type-post","status-publish","format-standard","hentry","category-legnica"],"_links":{"self":[{"href":"https:\/\/www.bezprawie.pl\/index.php?rest_route=\/wp\/v2\/posts\/380","targetHints":{"allow":["GET"]}}],"collection":[{"href":"https:\/\/www.bezprawie.pl\/index.php?rest_route=\/wp\/v2\/posts"}],"about":[{"href":"https:\/\/www.bezprawie.pl\/index.php?rest_route=\/wp\/v2\/types\/post"}],"author":[{"embeddable":true,"href":"https:\/\/www.bezprawie.pl\/index.php?rest_route=\/wp\/v2\/users\/1"}],"replies":[{"embeddable":true,"href":"https:\/\/www.bezprawie.pl\/index.php?rest_route=%2Fwp%2Fv2%2Fcomments&post=380"}],"version-history":[{"count":1,"href":"https:\/\/www.bezprawie.pl\/index.php?rest_route=\/wp\/v2\/posts\/380\/revisions"}],"predecessor-version":[{"id":381,"href":"https:\/\/www.bezprawie.pl\/index.php?rest_route=\/wp\/v2\/posts\/380\/revisions\/381"}],"wp:attachment":[{"href":"https:\/\/www.bezprawie.pl\/index.php?rest_route=%2Fwp%2Fv2%2Fmedia&parent=380"}],"wp:term":[{"taxonomy":"category","embeddable":true,"href":"https:\/\/www.bezprawie.pl\/index.php?rest_route=%2Fwp%2Fv2%2Fcategories&post=380"},{"taxonomy":"post_tag","embeddable":true,"href":"https:\/\/www.bezprawie.pl\/index.php?rest_route=%2Fwp%2Fv2%2Ftags&post=380"}],"curies":[{"name":"wp","href":"https:\/\/api.w.org\/{rel}","templated":true}]}}