{"id":396,"date":"2013-08-31T09:54:37","date_gmt":"2013-08-31T09:54:37","guid":{"rendered":"http:\/\/www.bezprawie.pl\/?p=396"},"modified":"2013-08-31T09:54:37","modified_gmt":"2013-08-31T09:54:37","slug":"sad-najwyzszy-gdy-tata-sedzia-glosuje-na-syna-to-nie-jest-uczciwe","status":"publish","type":"post","link":"https:\/\/www.bezprawie.pl\/?p=396","title":{"rendered":"S\u0105d Najwy\u017cszy: Gdy tata s\u0119dzia g\u0142osuje na syna, to nie jest uczciwe"},"content":{"rendered":"<p>S\u0119dzia z Suwa\u0142k g\u0142osowa\u0142 za wyborem swojego syna na wolny wakat s\u0119dziowski. Nie wy\u0142\u0105czy\u0142 si\u0119 z g\u0142osowania, bo pono\u0107 praktyka kumoterstwa w wymiarze sprawiedliwo\u015bci by\u0142a powszechna. W pi\u0105tek S\u0105d Najwy\u017cszy stwierdzi\u0142, \u017ce to nie jest w porz\u0105dku.<br \/>\nNa &#8222;swojego&#8221; g\u0142osowa\u0142 s\u0119dzia Waldemar M. z S\u0105du Okr\u0119gowego w Suwa\u0142kach. W 2011 r., gdy zwolni\u0142 si\u0119 s\u0119dziowski etat w S\u0105dzie Rejonowym w Olecku, jego syn referendarz z wydzia\u0142u ksi\u0105g wieczystych w Augustowie zg\u0142osi\u0142 swoj\u0105 kandydatur\u0119. Ch\u0119tnych by\u0142o ponad 20 os\u00f3b.<\/p>\n<p>Czym zawini\u0142 M.? Wed\u0142ug rzecznika dyscyplinarnego i Krajowej Rady S\u0105downictwa jako s\u0119dzia wizytator dosta\u0142 od prezesa suwalskiego s\u0105du polecenie oceny pi\u0119ciu kandydat\u00f3w. Syna oceni\u0142 kto inny. KRS wytyka, \u017ce Waldemar M. ocenia\u0142 jednak kontrkandydat\u00f3w, cho\u0107 nikt mu nie stawia zarzutu, \u017ce robi\u0142 to nieobiektywnie.<\/p>\n<p>Ponadto g\u0142osowa\u0142 za kandydatur\u0105 syna. Najpierw jako cz\u0142onek mniejszego s\u0119dziowskiego kolegium (wydaje pierwsz\u0105 ocen\u0119 kandydatowi), kt\u00f3re najlepiej oceni\u0142o jego syna. Potem na zgromadzeniu og\u00f3lnym s\u0119dzi\u00f3w, gdzie referendarz jednak w g\u0142osowaniu przepad\u0142.<\/p>\n<p>Zdaniem KRS to nie by\u0142o godne s\u0119dziego zachowanie, bo spo\u0142ecze\u0144stwo &#8211; zw\u0142aszcza ludzie m\u0142odzi &#8211; mog\u0105 odebra\u0107 to jako sygna\u0142, \u017ce \u015brodowisko s\u0119dziowskie jest otwarte tylko dla swoich. SN nakaza\u0142 ponowne rozpatrzenie sprawy dyscyplinarnej. Powo\u0142uj\u0105c si\u0119 na wyrok z 1933 r., przypomnia\u0142, \u017ce s\u0119dzia ma mie\u0107 nieskazitelny charakter. &#8211; Czy to w porz\u0105dku g\u0142osowa\u0107 na w\u0142asne dziecko? Nie. To \u017ale wp\u0142ywa na odbi\u00f3r s\u0105d\u00f3w w spo\u0142ecze\u0144stwie &#8211; przypomnia\u0142, czym jest etyka, s\u0119dzia Jan G\u00f3rowski.<\/p>\n<p>Zgodnie z nowym prawem od zesz\u0142ego roku s\u0119dziowie wizytatorzy nie mog\u0105 ocenia\u0107 swoich krewnych. KRS w uchwale z maja 2012 r. przypomnia\u0142, \u017ce g\u0142osowanie na rodzin\u0119 narusza zasady etycznego zachowania. <\/p>\n<p>gazeta.pl<\/p>\n","protected":false},"excerpt":{"rendered":"<p>S\u0119dzia z Suwa\u0142k g\u0142osowa\u0142 za wyborem swojego syna na wolny wakat s\u0119dziowski. Nie wy\u0142\u0105czy\u0142 si\u0119 z g\u0142osowania, bo pono\u0107 praktyka kumoterstwa w wymiarze sprawiedliwo\u015bci by\u0142a powszechna. W pi\u0105tek S\u0105d Najwy\u017cszy stwierdzi\u0142, \u017ce to nie jest w porz\u0105dku. Na &#8222;swojego&#8221; g\u0142osowa\u0142 &hellip; <a href=\"https:\/\/www.bezprawie.pl\/?p=396\">Czytaj dalej <span class=\"meta-nav\">&rarr;<\/span><\/a><\/p>\n","protected":false},"author":1,"featured_media":0,"comment_status":"open","ping_status":"open","sticky":false,"template":"","format":"standard","meta":{"footnotes":""},"categories":[1],"tags":[],"class_list":["post-396","post","type-post","status-publish","format-standard","hentry","category-bez-kategorii"],"_links":{"self":[{"href":"https:\/\/www.bezprawie.pl\/index.php?rest_route=\/wp\/v2\/posts\/396","targetHints":{"allow":["GET"]}}],"collection":[{"href":"https:\/\/www.bezprawie.pl\/index.php?rest_route=\/wp\/v2\/posts"}],"about":[{"href":"https:\/\/www.bezprawie.pl\/index.php?rest_route=\/wp\/v2\/types\/post"}],"author":[{"embeddable":true,"href":"https:\/\/www.bezprawie.pl\/index.php?rest_route=\/wp\/v2\/users\/1"}],"replies":[{"embeddable":true,"href":"https:\/\/www.bezprawie.pl\/index.php?rest_route=%2Fwp%2Fv2%2Fcomments&post=396"}],"version-history":[{"count":1,"href":"https:\/\/www.bezprawie.pl\/index.php?rest_route=\/wp\/v2\/posts\/396\/revisions"}],"predecessor-version":[{"id":397,"href":"https:\/\/www.bezprawie.pl\/index.php?rest_route=\/wp\/v2\/posts\/396\/revisions\/397"}],"wp:attachment":[{"href":"https:\/\/www.bezprawie.pl\/index.php?rest_route=%2Fwp%2Fv2%2Fmedia&parent=396"}],"wp:term":[{"taxonomy":"category","embeddable":true,"href":"https:\/\/www.bezprawie.pl\/index.php?rest_route=%2Fwp%2Fv2%2Fcategories&post=396"},{"taxonomy":"post_tag","embeddable":true,"href":"https:\/\/www.bezprawie.pl\/index.php?rest_route=%2Fwp%2Fv2%2Ftags&post=396"}],"curies":[{"name":"wp","href":"https:\/\/api.w.org\/{rel}","templated":true}]}}