{"id":422,"date":"2013-09-29T12:09:34","date_gmt":"2013-09-29T12:09:34","guid":{"rendered":"http:\/\/www.bezprawie.pl\/?p=422"},"modified":"2013-09-29T12:09:34","modified_gmt":"2013-09-29T12:09:34","slug":"sad-boi-sie-tesciowej-45-sedziow-zrezygnowalo-ze-sprawy-rozwodowej","status":"publish","type":"post","link":"https:\/\/www.bezprawie.pl\/?p=422","title":{"rendered":"S\u0105d boi si\u0119 te\u015bciowej? 45 s\u0119dzi\u00f3w zrezygnowa\u0142o ze sprawy rozwodowej"},"content":{"rendered":"<p>Pani Magdalena nie mo\u017ce si\u0119 rozwie\u015b\u0107, bo 45 s\u0119dzi\u00f3w S\u0105du Okr\u0119gowego w Gliwicach wy\u0142\u0105czy\u0142o si\u0119 z prowadzenia sprawy. Pow\u00f3d? Jej te\u015bciow\u0105 jest wizytatorka s\u0105du apelacyjnego i jej ocena pracy s\u0119dzi\u00f3w ma wp\u0142yw na przebieg ich kariery. Pani Magdalena to filigranowa, atrakcyjna blondynka. W marcu wraz z dwiema c\u00f3rkami uciek\u0142a z domu. &#8211; Zosta\u0142am pobita przez m\u0119\u017ca, mam potwierdzaj\u0105c\u0105 to obdukcj\u0119 &#8211; m\u00f3wi kobieta. To przes\u0105dzi\u0142o o losie jej ma\u0142\u017ce\u0144stwa. W maju op\u0142aci\u0142a i z\u0142o\u017cy\u0142a w S\u0105dzie Okr\u0119gowym w Gliwicach pozew o separacj\u0119. Zosta\u0142 przyj\u0119ty, a sprawie nadano sygnatur\u0119. Jednak do dzisiaj nie wyznaczono terminu pierwszej rozprawy.<\/p>\n<p><strong>&#8222;Asekuracja s\u0119dzi\u00f3w graniczy z tch\u00f3rzostwem&#8221;<\/strong><\/p>\n<p>Pow\u00f3d? 45 s\u0119dzi\u00f3w gliwickiego s\u0105du na w\u0142asne \u017c\u0105danie zrezygnowa\u0142o z prowadzenia tej sprawy. &#8211; Powo\u0142ali\u015bmy si\u0119 na okoliczno\u015bci, kt\u00f3re mog\u0105 wywo\u0142a\u0107 uzasadnion\u0105 w\u0105tpliwo\u015b\u0107 co do naszej bezstronno\u015bci &#8211; wyja\u015bnia s\u0119dzia Tomasz Pawlik, rzecznik prasowy S\u0105du Okr\u0119gowego w Gliwicach.<\/p>\n<p>Okoliczno\u015bci\u0105, o kt\u00f3rej m\u00f3wi, jest to, \u017ce te\u015bciow\u0105 pani Magdaleny jest s\u0119dzia wizytator S\u0105du Apelacyjnego w Katowicach. Odwiedza ona s\u0105dy, czyta akta prowadzonych przez s\u0119dzi\u00f3w spraw i wydaje opinie na temat ich pracy. Jej ocena ma wp\u0142yw na przebieg dalszej kariery s\u0119dzi\u00f3w.<\/p>\n<p>Zdaniem prof. Piotra Kruszy\u0144skiego, prawnika z Uniwersytetu Warszawskiego, zachowanie gliwickich s\u0119dzi\u00f3w to absurdalna asekuracja. &#8211; Graniczy ona z tch\u00f3rzostwem, bo przecie\u017c s\u0119dzia powinien mie\u0107 charakter i nie ba\u0107 si\u0119 w\u0142asnego cienia. Zreszt\u0105 to nie sprawa karna, tylko rozw\u00f3d &#8211; podkre\u015bla prawnik. Jego zdaniem s\u0119dziowie mogliby si\u0119 wy\u0142\u0105czy\u0107, gdyby mieli orzeka\u0107 w sprawie rozwodowej s\u0119dzi s\u0105du apelacyjnego, ale ju\u017c nie jej syna. &#8211; Przecie\u017c nie \u017cyjemy na Bia\u0142orusi, gdzie wizytator mo\u017ce bez powodu z\u0142ama\u0107 komu\u015b karier\u0119. W Polsce ka\u017cd\u0105 negatywn\u0105 opini\u0119 musi uzasadni\u0107 &#8211; przypomina prof. Kruszy\u0144ski.<\/p>\n<p><strong>Posiedzenie niejawne: dziewczynki maj\u0105 mieszka\u0107 z ojcem<\/strong><\/p>\n<p>Sprawa ma jednak dalsze konsekwencje. 27 czerwca pani Magdalena z\u0142o\u017cy\u0142a w prokuraturze doniesienie na m\u0119\u017ca. Zarzuci\u0142a mu, \u017ce by\u0142a przez niego bita. \u015aledztwo w tej sprawie trwa i na razie nikomu nie przedstawiono zarzut\u00f3w. Prokuratorzy planuj\u0105 przes\u0142ucha\u0107 s\u0119dzi\u0119 s\u0105du apelacyjnego.<\/p>\n<p>28 czerwca m\u0105\u017c Magdaleny z\u0142o\u017cy\u0142 w S\u0105dzie Rejonowym w Gliwicach wniosek o przyznanie mu prawa do opieki nad c\u00f3rkami. I dziesi\u0119\u0107 dni p\u00f3\u017aniej s\u0119dziowie zdecydowali, \u017ce na czas post\u0119powania dziewczynki maj\u0105 mieszka\u0107 z tat\u0105. Dlaczego decyzja zapad\u0142a tak szybko?<\/p>\n<p>W pisemnym uzasadnieniu s\u0105d napisa\u0142, \u017ce to by\u0142a sprawa niecierpi\u0105ca zw\u0142oki, bo tego wymaga\u0142 interes dzieci. &#8222;Z opinii psychologicznej wynika, \u017ce rodzice ma\u0142oletnich nie potrafi\u0105 porozumie\u0107 si\u0119 w kwestiach dotycz\u0105cych opieki nad dzie\u0107mi, podzia\u0142u r\u00f3l rodzicielskich oraz sposobu sprawowania w\u0142adzy rodzicielskiej. (&#8230;) Dom rodzinny jest urz\u0105dzony w spos\u00f3b odpowiadaj\u0105cy potrzebom dzieci. Ma\u0142oletnie maj\u0105 w\u0142asne pokoje, urz\u0105dzone stosownie do ich wieku oraz potrzeb, czuj\u0105 si\u0119 w domu swobodnie i bezpiecznie&#8221; &#8211; argumentowali s\u0119dziowie, dlaczego to ojciec b\u0119dzie si\u0119 zajmowa\u0142 c\u00f3rkami.<\/p>\n<p>Tyle \u017ce t\u0119 decyzj\u0119 wydano na posiedzeniu niejawnym, nie informuj\u0105c o jego terminie pani Magdaleny. &#8211; Gdyby mnie powiadomiono, opowiedzia\u0142abym o sprawie w prokuraturze oraz o tym, co si\u0119 dzia\u0142o w naszym domu. S\u0105d nie da\u0142 mi jednak szansy &#8211; m\u00f3wi kobieta. 5 sierpnia odwo\u0142a\u0142a si\u0119 od decyzji o przekazaniu c\u00f3rek ojcu. Jednak jej za\u017calenie trafi\u0142o do s\u0105du okr\u0119gowego, kt\u00f3rego s\u0119dziowie nie chc\u0105 zajmowa\u0107 si\u0119 spraw\u0105. Nie rozpoznano odwo\u0142ania do dzisiaj. &#8211; Cho\u0107 sprawa nadal dotyczy dzieci, teraz ju\u017c nie jest niecierpi\u0105ca zw\u0142oki &#8211; ironizuje kobieta.<\/p>\n<p><strong>Te\u015bciowa: nie jestem stron\u0105 post\u0119powania<\/strong><\/p>\n<p>Obecnie starsza c\u00f3rka pani Magdaleny mieszka z ojcem, m\u0142odsza z ni\u0105. W sierpniu gliwicki s\u0105d wyda\u0142 decyzj\u0119 o jej przymusowym przekazaniu ojcu. Kobieta si\u0119 do tego jednak nie zastosowa\u0142a. &#8211; Chc\u0119, \u017ceby ta sprawa zosta\u0142a rozstrzygni\u0119ta zgodnie z prawem. Tylko odnosz\u0119 wra\u017cenie, \u017ce od pocz\u0105tku stoj\u0119 na straconej pozycji &#8211; podkre\u015bla pani Magdalena.<\/p>\n<p>Jej te\u015bciowa nie chcia\u0142a rozmawia\u0107 z &#8222;Gazet\u0105&#8221;. &#8211; Nie jestem stron\u0105 post\u0119powania, a zreszt\u0105 dzwoni pan na m\u00f3j prywatny numer. O spraw\u0119 prosz\u0119 pyta\u0107 rzecznika s\u0105du &#8211; stwierdzi\u0142a wizytatorka S\u0105du Apelacyjnego w Katowicach. Jej syn nie odbiera\u0142 naszych telefon\u00f3w, cho\u0107 odczytywa\u0142 nagrywane na skrzynk\u0119 wiadomo\u015bci. Nie chcia\u0142 rozmawia\u0107. <\/p>\n<p>gazeta.pl<\/p>\n","protected":false},"excerpt":{"rendered":"<p>Pani Magdalena nie mo\u017ce si\u0119 rozwie\u015b\u0107, bo 45 s\u0119dzi\u00f3w S\u0105du Okr\u0119gowego w Gliwicach wy\u0142\u0105czy\u0142o si\u0119 z prowadzenia sprawy. Pow\u00f3d? Jej te\u015bciow\u0105 jest wizytatorka s\u0105du apelacyjnego i jej ocena pracy s\u0119dzi\u00f3w ma wp\u0142yw na przebieg ich kariery. Pani Magdalena to filigranowa, &hellip; <a href=\"https:\/\/www.bezprawie.pl\/?p=422\">Czytaj dalej <span class=\"meta-nav\">&rarr;<\/span><\/a><\/p>\n","protected":false},"author":1,"featured_media":0,"comment_status":"open","ping_status":"open","sticky":false,"template":"","format":"standard","meta":{"footnotes":""},"categories":[65],"tags":[18],"class_list":["post-422","post","type-post","status-publish","format-standard","hentry","category-gliwice","tag-sad"],"_links":{"self":[{"href":"https:\/\/www.bezprawie.pl\/index.php?rest_route=\/wp\/v2\/posts\/422","targetHints":{"allow":["GET"]}}],"collection":[{"href":"https:\/\/www.bezprawie.pl\/index.php?rest_route=\/wp\/v2\/posts"}],"about":[{"href":"https:\/\/www.bezprawie.pl\/index.php?rest_route=\/wp\/v2\/types\/post"}],"author":[{"embeddable":true,"href":"https:\/\/www.bezprawie.pl\/index.php?rest_route=\/wp\/v2\/users\/1"}],"replies":[{"embeddable":true,"href":"https:\/\/www.bezprawie.pl\/index.php?rest_route=%2Fwp%2Fv2%2Fcomments&post=422"}],"version-history":[{"count":1,"href":"https:\/\/www.bezprawie.pl\/index.php?rest_route=\/wp\/v2\/posts\/422\/revisions"}],"predecessor-version":[{"id":423,"href":"https:\/\/www.bezprawie.pl\/index.php?rest_route=\/wp\/v2\/posts\/422\/revisions\/423"}],"wp:attachment":[{"href":"https:\/\/www.bezprawie.pl\/index.php?rest_route=%2Fwp%2Fv2%2Fmedia&parent=422"}],"wp:term":[{"taxonomy":"category","embeddable":true,"href":"https:\/\/www.bezprawie.pl\/index.php?rest_route=%2Fwp%2Fv2%2Fcategories&post=422"},{"taxonomy":"post_tag","embeddable":true,"href":"https:\/\/www.bezprawie.pl\/index.php?rest_route=%2Fwp%2Fv2%2Ftags&post=422"}],"curies":[{"name":"wp","href":"https:\/\/api.w.org\/{rel}","templated":true}]}}