{"id":426,"date":"2013-09-30T08:33:42","date_gmt":"2013-09-30T08:33:42","guid":{"rendered":"http:\/\/www.bezprawie.pl\/?p=426"},"modified":"2013-09-30T08:33:42","modified_gmt":"2013-09-30T08:33:42","slug":"rzeczpospolita-wysokie-kary-dla-obywateli-nie-dla-urzednikow-nawet-za-razace-naruszenie-prawa","status":"publish","type":"post","link":"https:\/\/www.bezprawie.pl\/?p=426","title":{"rendered":"&#8222;Rzeczpospolita&#8221;: Wysokie kary dla obywateli, nie dla urz\u0119dnik\u00f3w. Nawet za ra\u017c\u0105ce naruszenie prawa"},"content":{"rendered":"<p>Hanna Gronkiewicz-Waltz, prezydent Warszawy, za ra\u017c\u0105c\u0105 bezczynno\u015b\u0107 zap\u0142aci tylko tysi\u0105c z\u0142otych kary. Uzasadnienie? Stolica jest w z\u0142ej sytuacji finansowej. To jeden z wielu przyk\u0142ad\u00f3w znacznie \u0142agodniejszego traktowania urz\u0119dnik\u00f3w ni\u017c zwyk\u0142ych obywateli &#8211; pisze &#8222;Rzeczpospolita&#8221;. Tysi\u0105c z\u0142otych to grzywna, jak\u0105 prezydent Warszawy zap\u0142aci za to, \u017ce miasto przez pi\u0119\u0107 lat nie by\u0142o w stanie rozpozna\u0107 wniosku Zak\u0142adu Narodowego im. Ossoli\u0144skich o zwrot budynku w Warszawie. S\u0105d zastosowa\u0142 tu zasad\u0119 miarkowania, bo uzna\u0142, \u017ce stolica jest w z\u0142ej sytuacji finansowej.<\/p>\n<p><strong>Za bezczynno\u015b\u0107 p\u0142ac\u0105 niewiele<\/strong><\/p>\n<p>To ju\u017c 38. tego typu grzywna na\u0142o\u017cona od 2012 r. na sto\u0142eczny ratusz. Za bezczynno\u015b\u0107 p\u0142ac\u0105 te\u017c samorz\u0105dy terytorialne. Kara mo\u017ce by\u0107 na\u0142o\u017cona &#8211; jak w przypadku burmistrza Nowego Wi\u015bnicza &#8211; np. za nieudost\u0119pnienie informacji publicznej.<\/p>\n<p>Z danych Naczelnego S\u0105du Administracyjnego wynika, \u017ce w 2012 r. wysoko\u015b\u0107 grzywien waha\u0142a si\u0119 w granicach od 1 z\u0142 do 32 tys. z\u0142. Z tym \u017ce najwy\u017csz\u0105 kar\u0119 dostali prezes UOKiK (32 tys. z\u0142) i PZPN (12 tys. z\u0142), a najni\u017csz\u0105 w\u00f3jt gminy Klemb\u00f3w (1 z\u0142). Z kolei minister kultury i dziedzictwa narodowego zap\u0142aci\u0142 5 tys. z\u0142 za nienades\u0142anie akt do s\u0105du. Na tak niskie kary nie mog\u0105 natomiast liczy\u0107 zwykli obywatele.<\/p>\n<p>Wi\u0119cej w &#8222;Rzeczpospolitej&#8221;<\/p>\n","protected":false},"excerpt":{"rendered":"<p>Hanna Gronkiewicz-Waltz, prezydent Warszawy, za ra\u017c\u0105c\u0105 bezczynno\u015b\u0107 zap\u0142aci tylko tysi\u0105c z\u0142otych kary. Uzasadnienie? Stolica jest w z\u0142ej sytuacji finansowej. To jeden z wielu przyk\u0142ad\u00f3w znacznie \u0142agodniejszego traktowania urz\u0119dnik\u00f3w ni\u017c zwyk\u0142ych obywateli &#8211; pisze &#8222;Rzeczpospolita&#8221;. Tysi\u0105c z\u0142otych to grzywna, jak\u0105 prezydent &hellip; <a href=\"https:\/\/www.bezprawie.pl\/?p=426\">Czytaj dalej <span class=\"meta-nav\">&rarr;<\/span><\/a><\/p>\n","protected":false},"author":1,"featured_media":0,"comment_status":"open","ping_status":"open","sticky":false,"template":"","format":"standard","meta":{"footnotes":""},"categories":[3],"tags":[],"class_list":["post-426","post","type-post","status-publish","format-standard","hentry","category-polska"],"_links":{"self":[{"href":"https:\/\/www.bezprawie.pl\/index.php?rest_route=\/wp\/v2\/posts\/426","targetHints":{"allow":["GET"]}}],"collection":[{"href":"https:\/\/www.bezprawie.pl\/index.php?rest_route=\/wp\/v2\/posts"}],"about":[{"href":"https:\/\/www.bezprawie.pl\/index.php?rest_route=\/wp\/v2\/types\/post"}],"author":[{"embeddable":true,"href":"https:\/\/www.bezprawie.pl\/index.php?rest_route=\/wp\/v2\/users\/1"}],"replies":[{"embeddable":true,"href":"https:\/\/www.bezprawie.pl\/index.php?rest_route=%2Fwp%2Fv2%2Fcomments&post=426"}],"version-history":[{"count":1,"href":"https:\/\/www.bezprawie.pl\/index.php?rest_route=\/wp\/v2\/posts\/426\/revisions"}],"predecessor-version":[{"id":427,"href":"https:\/\/www.bezprawie.pl\/index.php?rest_route=\/wp\/v2\/posts\/426\/revisions\/427"}],"wp:attachment":[{"href":"https:\/\/www.bezprawie.pl\/index.php?rest_route=%2Fwp%2Fv2%2Fmedia&parent=426"}],"wp:term":[{"taxonomy":"category","embeddable":true,"href":"https:\/\/www.bezprawie.pl\/index.php?rest_route=%2Fwp%2Fv2%2Fcategories&post=426"},{"taxonomy":"post_tag","embeddable":true,"href":"https:\/\/www.bezprawie.pl\/index.php?rest_route=%2Fwp%2Fv2%2Ftags&post=426"}],"curies":[{"name":"wp","href":"https:\/\/api.w.org\/{rel}","templated":true}]}}