{"id":430,"date":"2013-10-04T07:39:28","date_gmt":"2013-10-04T07:39:28","guid":{"rendered":"http:\/\/www.bezprawie.pl\/?p=430"},"modified":"2013-10-04T07:39:28","modified_gmt":"2013-10-04T07:39:28","slug":"prokurator-chora-psychicznie-ale-pracowac-musi","status":"publish","type":"post","link":"https:\/\/www.bezprawie.pl\/?p=430","title":{"rendered":"Prokurator chora psychicznie, ale pracowa\u0107 musi"},"content":{"rendered":"<p>Lekarze stwierdzili u prokurator z Katowic chorob\u0119 dwubiegunow\u0105, ZUS uzna\u0142 j\u0105 za niezdoln\u0105 do pracy. Prze\u0142o\u017ceni kazali jej jednak wr\u00f3ci\u0107 do \u015bledztw. A adwokaci zacieraj\u0105 r\u0119ce: &#8211; Ka\u017cdy akt oskar\u017cenia b\u0119dzie mo\u017cna podwa\u017cy\u0107. 33-letnia Aldona R. od sze\u015bciu lat pracuje w Prokuraturze Rejonowej w Katowicach. Na pocz\u0105tku 2012 r. zacz\u0119\u0142a si\u0119 skar\u017cy\u0107 na b\u00f3le g\u0142owy, posz\u0142a do neurologa. Ten da\u0142 zwolnienie lekarskie i zacz\u0105\u0142 leczy\u0107.<\/p>\n<p>Terapia nie przynios\u0142a efektu, prokurator R. czu\u0142a si\u0119 coraz gorzej. Zacz\u0119\u0142a mie\u0107 stany l\u0119kowe, urojenia i problemy z koncentracj\u0105. Neurolog wys\u0142a\u0142 j\u0105 do psychiatry, kt\u00f3ry rozpozna\u0142 powa\u017cn\u0105 chorob\u0119. \u015aledcza od roku leczy si\u0119 psychiatrycznie. I ma potwierdzaj\u0105c\u0105 to dokumentacj\u0119.<\/p>\n<p><strong>Utrzymuje j\u0105 narzeczony<\/strong><\/p>\n<p>&#8211; Aldona wstydzi\u0142a si\u0119 przyzna\u0107 prze\u0142o\u017conym do choroby, bo wiedzia\u0142a, \u017ce to mo\u017ce przekre\u015bli\u0107 jej karier\u0119. Przez pewien czas przedk\u0142ada\u0142a wi\u0119c L4 od neurologa, a nie psychiatry &#8211; m\u00f3wi Grzegorz, narzeczony prokurator. W trakcie choroby okaza\u0142o si\u0119, \u017ce kobieta zasz\u0142a w ci\u0105\u017c\u0119, kt\u00f3r\u0105 po kilku tygodniach poroni\u0142a. Wtedy do pracy zacz\u0119\u0142a wysy\u0142a\u0107 zwolnienia od ginekologa.<\/p>\n<p>Zgodnie z przepisami po roku pobytu na L4 prokuratura przesta\u0142a wyp\u0142aca\u0107 Aldonie R. pensj\u0119. Od pi\u0119ciu miesi\u0119cy kobiet\u0119 utrzymuje narzeczony. &#8211; Lekko nie ma, bo leczenie jest drogie &#8211; przyznaje m\u0119\u017cczyzna. Prokurator przesta\u0142a ju\u017c ukrywa\u0107 chorob\u0119 psychiczn\u0105 i przesy\u0142a zwolnienia lekarskie od psychiatry. W lipcu wezwano j\u0105 na kontrol\u0119 do ZUS, gdzie lekarz orzecznik stwierdzi\u0142, \u017ce R. &#8222;jest trwale niezdolna do pe\u0142nienia obowi\u0105zk\u00f3w prokuratora&#8221;. Wed\u0142ug ustawy o prokuraturze w takiej sytuacji powinna przej\u015b\u0107 w stan spoczynku i dostawa\u0107 75 proc. wynagrodzenia.<\/p>\n<p><strong>Sprzeciw prokuratury<\/strong><\/p>\n<p>Ale Krzysztof Ko\u0142aczek, szef Prokuratury Okr\u0119gowej w Katowicach, negatywnie zaopiniowa\u0142 wniosek. A Krajowa Rada Prokurator\u00f3w zgodnie z jego sugesti\u0105 go odrzuci\u0142a. To oznacza, \u017ce R. powinna teraz wr\u00f3ci\u0107 do pracy i dalej prowadzi\u0107 \u015bledztwa. Dlaczego? &#8211; Kierownictwo prokuratury z\u0142o\u017cy\u0142o sprzeciw od decyzji orzecznika ZUS, bo nie wskaza\u0142 on, dlaczego R. jest trwale niezdolna do pracy. Nie dysponujemy jej histori\u0105 choroby, zwolnienia lekarskie przedk\u0142adane by\u0142y przez lekarzy r\u00f3\u017cnych specjalizacji, a jedno zosta\u0142o zakwestionowane przez ZUS. Chcemy, by opinia orzecznika zosta\u0142a zweryfikowana przez komisj\u0119 lekarsk\u0105, by mie\u0107 pewno\u015b\u0107, \u017ce prokurator jest chora. Tyle \u017ce trzykrotnie nie stawi\u0142a si\u0119 na jej posiedzenie &#8211; m\u00f3wi prokurator Marta Zawada-Dybek, rzeczniczka prasowa Prokuratury Okr\u0119gowej w Katowicach.<\/p>\n<p><strong>&#8222;Boi si\u0119 nawet podej\u015b\u0107 do okna&#8221;<\/strong><\/p>\n<p>&#8211; Aldona jest w fatalnym stanie, boi si\u0119 nie tylko wyj\u015b\u0107 z domu, ale nawet podej\u015b\u0107 do okna. Tym bardziej \u017ce jacy\u015b ludzie z prokuratury co jaki\u015b czas podje\u017cd\u017caj\u0105 pod nasz dom, robi\u0105 zdj\u0119cia, sprawdzaj\u0105, czy k\u0142\u00f3dka na bramie jest zamkni\u0119ta &#8211; wyja\u015bnia Grzegorz.<\/p>\n<p>&#8222;Gazeta&#8221; ustali\u0142a jednak, \u017ce w katowickiej prokuraturze zdarzy\u0142a si\u0119 te\u017c odwrotna historia. W czerwcu pozwolono przej\u015b\u0107 w stan spoczynku innej prokurator, cho\u0107 orzecznik ZUS uzna\u0142, \u017ce jej stan zdrowia pozwala\u0142 na prac\u0119 w zawodzie. &#8211; Przepisy dopuszczaj\u0105 mo\u017cliwo\u015b\u0107 przej\u015bcia w stan spoczynku, kiedy prokurator przebywa\u0142 rok na zwolnieniu lekarskim. W tym przypadku tak by\u0142o, a prze\u0142o\u017conym znany by\u0142 jej stan zdrowia &#8211; t\u0142umaczy prokurator Zawada-Dybek. Zapewnia, \u017ce je\u015bli komisja lekarska potwierdzi niezdolno\u015b\u0107 R. do wykonywania zawodu, prze\u0142o\u017ceni pozytywnie zaopiniuj\u0105 tak\u017ce jej wniosek.<\/p>\n<p>Na powr\u00f3t prokurator Aldony R. do pracy czekaj\u0105 \u015bl\u0105scy adwokaci. Ich zdaniem jej choroba psychiczna pos\u0142u\u017cy do podwa\u017cania ka\u017cdego sporz\u0105dzonego przez ni\u0105 aktu oskar\u017cenia. &#8211; Przecie\u017c nie tylko podejrzany o dokonanie przest\u0119pstwa sprawca musi by\u0107 poczytalny, ale dotyczy to tak\u017ce tropi\u0105cego go prokuratora &#8211; przypomina mecenas Andrzej Rajpert, nestor \u015bl\u0105skiej palestry. <\/p>\n<p>gazeta.pl<\/p>\n","protected":false},"excerpt":{"rendered":"<p>Lekarze stwierdzili u prokurator z Katowic chorob\u0119 dwubiegunow\u0105, ZUS uzna\u0142 j\u0105 za niezdoln\u0105 do pracy. Prze\u0142o\u017ceni kazali jej jednak wr\u00f3ci\u0107 do \u015bledztw. A adwokaci zacieraj\u0105 r\u0119ce: &#8211; Ka\u017cdy akt oskar\u017cenia b\u0119dzie mo\u017cna podwa\u017cy\u0107. 33-letnia Aldona R. od sze\u015bciu lat pracuje &hellip; <a href=\"https:\/\/www.bezprawie.pl\/?p=430\">Czytaj dalej <span class=\"meta-nav\">&rarr;<\/span><\/a><\/p>\n","protected":false},"author":1,"featured_media":0,"comment_status":"open","ping_status":"open","sticky":false,"template":"","format":"standard","meta":{"footnotes":""},"categories":[57],"tags":[93,17],"class_list":["post-430","post","type-post","status-publish","format-standard","hentry","category-katowice","tag-prokurator","tag-prokuratura"],"_links":{"self":[{"href":"https:\/\/www.bezprawie.pl\/index.php?rest_route=\/wp\/v2\/posts\/430","targetHints":{"allow":["GET"]}}],"collection":[{"href":"https:\/\/www.bezprawie.pl\/index.php?rest_route=\/wp\/v2\/posts"}],"about":[{"href":"https:\/\/www.bezprawie.pl\/index.php?rest_route=\/wp\/v2\/types\/post"}],"author":[{"embeddable":true,"href":"https:\/\/www.bezprawie.pl\/index.php?rest_route=\/wp\/v2\/users\/1"}],"replies":[{"embeddable":true,"href":"https:\/\/www.bezprawie.pl\/index.php?rest_route=%2Fwp%2Fv2%2Fcomments&post=430"}],"version-history":[{"count":1,"href":"https:\/\/www.bezprawie.pl\/index.php?rest_route=\/wp\/v2\/posts\/430\/revisions"}],"predecessor-version":[{"id":431,"href":"https:\/\/www.bezprawie.pl\/index.php?rest_route=\/wp\/v2\/posts\/430\/revisions\/431"}],"wp:attachment":[{"href":"https:\/\/www.bezprawie.pl\/index.php?rest_route=%2Fwp%2Fv2%2Fmedia&parent=430"}],"wp:term":[{"taxonomy":"category","embeddable":true,"href":"https:\/\/www.bezprawie.pl\/index.php?rest_route=%2Fwp%2Fv2%2Fcategories&post=430"},{"taxonomy":"post_tag","embeddable":true,"href":"https:\/\/www.bezprawie.pl\/index.php?rest_route=%2Fwp%2Fv2%2Ftags&post=430"}],"curies":[{"name":"wp","href":"https:\/\/api.w.org\/{rel}","templated":true}]}}