{"id":432,"date":"2013-10-04T07:41:03","date_gmt":"2013-10-04T07:41:03","guid":{"rendered":"http:\/\/www.bezprawie.pl\/?p=432"},"modified":"2013-10-04T07:41:03","modified_gmt":"2013-10-04T07:41:03","slug":"dyrektorka-kazala-zdjac-plakat-ateistow-niezgodny-ze-statutem-szkoly","status":"publish","type":"post","link":"https:\/\/www.bezprawie.pl\/?p=432","title":{"rendered":"Dyrektorka kaza\u0142a zdj\u0105\u0107 plakat ateist\u00f3w. 'Niezgodny ze statutem szko\u0142y&#8217;"},"content":{"rendered":"<p> Chodzi o billboard przedstawiaj\u0105cy kaplic\u0119 sejmow\u0105 odcinan\u0105 od budynku Sejmu. Umieszczony jest na no\u015bniku firmy reklamowej na terenie nale\u017c\u0105cym do Szko\u0142y Podstawowej nr 20 w Lublinie.<br \/>\nFundacja Wolno\u015b\u0107 od Religii jest organizatorem kampanii billboardowej, kt\u00f3ra promuje postawy ateistyczne oraz rozdzia\u0142 Ko\u015bcio\u0142a od pa\u0144stwa.<\/p>\n<p>W czwartek fundacja otrzyma\u0142a informacj\u0119 od firmy udost\u0119pniaj\u0105cej no\u015bnik, \u017ce na skutek interwencji dyrektorki plac\u00f3wki billboard zostanie zdj\u0119ty.<\/p>\n<p>Plakat przedstawia kaplic\u0119 sejmow\u0105 odcinan\u0105 od budynku Sejmu. Obok widnieje napis: &#8222;Art. 25 i 53 Konstytucji Polskiej&#8221;. W pierwszym z tych artyku\u0142\u00f3w mowa jest o tym, \u017ce &#8222;Ko\u015bcio\u0142y i inne zwi\u0105zki wyznaniowe s\u0105 r\u00f3wnouprawnione&#8221;, a &#8222;w\u0142adze publiczne w Rzeczypospolitej Polskiej zachowuj\u0105 bezstronno\u015b\u0107 w sprawach przekona\u0144 religijnych, \u015bwiatopogl\u0105dowych i filozoficznych&#8221;. Drugi gwarantuje ka\u017cdemu wolno\u015b\u0107 sumienia i religii i stanowi, \u017ce &#8222;nikt nie mo\u017ce by\u0107 zmuszany do uczestniczenia ani do nieuczestniczenia w praktykach religijnych&#8221;.<\/p>\n<div style=\"width: 1002px\" class=\"wp-caption aligncenter\"><a href=\"http:\/\/bi.gazeta.pl\/im\/98\/8d\/e0\/z14716312P.jpg\"><img loading=\"lazy\" decoding=\"async\" src=\"http:\/\/bi.gazeta.pl\/im\/98\/8d\/e0\/z14716312P.jpg\" width=\"992\" height=\"468\" alt=\"Wolno\u015b\u0107 od religii\" class \/><\/a><p class=\"wp-caption-text\">Wolno\u015b\u0107 od religii<\/p><\/div>\n<p>W pi\u015bmie nakazuj\u0105cych \u015bci\u0105gni\u0119cie plakatu u\u017cywanego przez Fundacj\u0119 WoR w tegorocznej kampanii w ca\u0142ej Polsce dyrekcja szko\u0142y powo\u0142ywa\u0142a si\u0119 na niezgodno\u015b\u0107 tre\u015bci zawartych na plakacie ze statutem szko\u0142y.<\/p>\n<p>&#8211; Sytuacja ta potwierdza nasze prze\u015bwiadczenie o tym, i\u017c w Polsce mniejszo\u015b\u0107 bezwyznaniowa podlega nieustannej dyskryminacji i wykluczeniu. Jeste\u015bmy oburzeni skrajnym przyk\u0142adem braku tolerancji, zw\u0142aszcza i\u017c spotyka on nas ze strony instytucji publicznej, kt\u00f3rej w\u0142adze zgodnie z zapisami Konstytucji Polskiej powinny pozostawa\u0107 neutralne \u015bwiatopogl\u0105dowo. Chcemy zwr\u00f3ci\u0107 uwag\u0119 na praktyk\u0119 wspierania nier\u00f3wno\u015bci \u015bwiatopogl\u0105dowej. W\u0105tpimy, i\u017c plakat z tematyk\u0105 religijn\u0105 by\u0142by dla w\u0142adz tej szko\u0142y r\u00f3wnie kontrowersyjny &#8211; komentuje prezes Fundacji Wolno\u015b\u0107 od Religii Dorota W\u00f3jcik.<\/p>\n<p>Z dyrektork\u0105 szko\u0142y nr 20 nie uda\u0142o nam si\u0119 w czwartek skontaktowa\u0107. Statutu szko\u0142y r\u00f3wnie\u017c nie mogli\u015bmy znale\u017a\u0107 na stronach internetowych plac\u00f3wki.<\/p>\n<p>&#8211; Nie znamy sprawy, zweryfikujemy t\u0119 informacj\u0119 i poprosimy o wyja\u015bnienia dyrektork\u0119 szko\u0142y &#8211; m\u00f3wi rzeczniczka prezydenta Lublina Beata Krzy\u017canowska. <\/p>\n<p>gazeta.pl<\/p>\n","protected":false},"excerpt":{"rendered":"<p>Chodzi o billboard przedstawiaj\u0105cy kaplic\u0119 sejmow\u0105 odcinan\u0105 od budynku Sejmu. Umieszczony jest na no\u015bniku firmy reklamowej na terenie nale\u017c\u0105cym do Szko\u0142y Podstawowej nr 20 w Lublinie. Fundacja Wolno\u015b\u0107 od Religii jest organizatorem kampanii billboardowej, kt\u00f3ra promuje postawy ateistyczne oraz rozdzia\u0142 &hellip; <a href=\"https:\/\/www.bezprawie.pl\/?p=432\">Czytaj dalej <span class=\"meta-nav\">&rarr;<\/span><\/a><\/p>\n","protected":false},"author":1,"featured_media":0,"comment_status":"open","ping_status":"open","sticky":false,"template":"","format":"standard","meta":{"footnotes":""},"categories":[1],"tags":[],"class_list":["post-432","post","type-post","status-publish","format-standard","hentry","category-bez-kategorii"],"_links":{"self":[{"href":"https:\/\/www.bezprawie.pl\/index.php?rest_route=\/wp\/v2\/posts\/432","targetHints":{"allow":["GET"]}}],"collection":[{"href":"https:\/\/www.bezprawie.pl\/index.php?rest_route=\/wp\/v2\/posts"}],"about":[{"href":"https:\/\/www.bezprawie.pl\/index.php?rest_route=\/wp\/v2\/types\/post"}],"author":[{"embeddable":true,"href":"https:\/\/www.bezprawie.pl\/index.php?rest_route=\/wp\/v2\/users\/1"}],"replies":[{"embeddable":true,"href":"https:\/\/www.bezprawie.pl\/index.php?rest_route=%2Fwp%2Fv2%2Fcomments&post=432"}],"version-history":[{"count":1,"href":"https:\/\/www.bezprawie.pl\/index.php?rest_route=\/wp\/v2\/posts\/432\/revisions"}],"predecessor-version":[{"id":433,"href":"https:\/\/www.bezprawie.pl\/index.php?rest_route=\/wp\/v2\/posts\/432\/revisions\/433"}],"wp:attachment":[{"href":"https:\/\/www.bezprawie.pl\/index.php?rest_route=%2Fwp%2Fv2%2Fmedia&parent=432"}],"wp:term":[{"taxonomy":"category","embeddable":true,"href":"https:\/\/www.bezprawie.pl\/index.php?rest_route=%2Fwp%2Fv2%2Fcategories&post=432"},{"taxonomy":"post_tag","embeddable":true,"href":"https:\/\/www.bezprawie.pl\/index.php?rest_route=%2Fwp%2Fv2%2Ftags&post=432"}],"curies":[{"name":"wp","href":"https:\/\/api.w.org\/{rel}","templated":true}]}}