{"id":449,"date":"2013-10-19T08:34:10","date_gmt":"2013-10-19T08:34:10","guid":{"rendered":"http:\/\/www.bezprawie.pl\/?p=449"},"modified":"2013-10-19T08:34:11","modified_gmt":"2013-10-19T08:34:11","slug":"straznicy-gminni-na-lowach-w-klomnicach-wlepili-az-7-tys-mandatow-bezprawinie","status":"publish","type":"post","link":"https:\/\/www.bezprawie.pl\/?p=449","title":{"rendered":"Stra\u017cnicy gminni na \u0142owach w K\u0142omnicach. Wlepili a\u017c 7 tys. mandat\u00f3w &#8211; bezprawinie?"},"content":{"rendered":"<p>Stra\u017cnicy gminni z Mykanowa wystawili bezprawnie blisko 7 tys. mandat\u00f3w za przekroczenie pr\u0119dko\u015bci &#8211; oceni\u0142 \u015al\u0105ski Urz\u0105d Wojew\u00f3dzki. Sprawa trafi\u0142a do prokuratury, ale ta nie dopatrzy\u0142a si\u0119 przest\u0119pstwa. Pewien cz\u0119stochowianin wpad\u0142 w sid\u0142a fotoradaru na terenie gminy K\u0142omnice i dosta\u0142 mandat od stra\u017cnik\u00f3w gminnych z&#8230; Mykanowa.<\/p>\n<p>Nie chcia\u0142 zap\u0142aci\u0107 kary i z\u0142o\u017cy\u0142 skarg\u0119 do wojewody \u015bl\u0105skiego. Ten skierowa\u0142 do Mykanowa kontroler\u00f3w, kt\u00f3rzy wykryli wiele nieprawid\u0142owo\u015bci dotycz\u0105cych stosowania fotoradar\u00f3w.<\/p>\n<p><strong>Mandat to mandat. P\u0142a\u0107, cz\u0142owieku!<\/strong><\/p>\n<p>Generalnie wykryto, \u017ce od lipca 2011 roku do ko\u0144ca marca 2013 roku tamtejsi stra\u017cnicy wystawili w s\u0105siedniej gminie blisko 7 tys. mandat\u00f3w z naruszeniem obowi\u0105zuj\u0105cych przepis\u00f3w.<\/p>\n<p>Jak do tego dosz\u0142o? Ot\u00f3\u017c przed trzema laty w\u0142adze K\u0142omnic podpisa\u0142y porozumienie z Mykanowem, w my\u015bl kt\u00f3rego mykanowscy stra\u017cnicy dostali zgod\u0119 na wystawianie fotoradaru na s\u0105siednim terenie. I zacz\u0119li dzia\u0142a\u0107.<\/p>\n<p>Tymczasem kontrola wojewody wykaza\u0142a, \u017ce podpisuj\u0105c mi\u0119dzygminne porozumienie, zapomniano w regulaminie stra\u017cy w Mykanowie dokona\u0107 wpisu o upowa\u017cnieniu do kontroli fotoradarem, tak\u017ce na terenie K\u0142omnic. Zdaniem kontroluj\u0105cych takiego wpisu w regulaminie stra\u017cy gminnej mog\u0142a dokona\u0107 tylko Rada Gminy Mykan\u00f3w. To by\u0142 najpowa\u017cniejszy zarzut. Ponadto w kilkunastu innych przypadkach wytkni\u0119to mykanowskiej stra\u017cy nienad\u0105\u017canie za zmianami w przepisach.<\/p>\n<p>Po kontroli w Mykanowie wojewoda \u015bl\u0105ski, kt\u00f3ry sprawuje nadz\u00f3r nad stra\u017cami gminnymi i miejskimi, poprosi\u0142 \u015al\u0105sk\u0105 Komend\u0119 Wojew\u00f3dzkiej Policji, aby ta skierowa\u0142a spraw\u0119 do prokuratury. I tak si\u0119 sta\u0142o. Prokurator mia\u0142 zbada\u0107, czy komendant stra\u017cy w Mykanowie przekroczy\u0142 uprawnienia s\u0142u\u017cbowe i dzia\u0142a\u0142 na szkod\u0119 interesu publicznego b\u0105d\u017a prywatnego.<\/p>\n<p>R\u00f3wnolegle sprawca ca\u0142ego zamieszania, czyli wielokrotnie karany za szybk\u0105 jazd\u0119 cz\u0119stochowianin, nie przyjmuj\u0105c mandatu, mia\u0142 spraw\u0119 w s\u0105dzie. Ten uzna\u0142, \u017ce nawet gdy mandat by\u0142 wystawiony bez administracyjnego upowa\u017cnienia na terenie gminy K\u0142omnice, to ten fakt nie zwalnia od odpowiedzialno\u015bci za pope\u0142nione wykroczenie. I skaza\u0142 mieszka\u0144ca Cz\u0119stochowy na kar\u0119 grzywny.<\/p>\n<p>Podobnie na spraw\u0119 patrzy\u0142a prokuratura. Uzna\u0142a, \u017ce by\u0107 mo\u017ce dosz\u0142o do b\u0142\u0119d\u00f3w administracyjnych, ale prawo karne nie zosta\u0142o z\u0142amane. St\u0105d odmowa wszcz\u0119cia \u015bledztwa. Co wi\u0119cej, Dariusz Rowicki, szef mykanowskich stra\u017cnik\u00f3w udowodni\u0142 w prokuraturze, \u017ce zanim przyst\u0105piono do porozumienia mi\u0119dzy gminami, pytano o zgod\u0119 na u\u017cywanie fotoradaru na drogach s\u0105siedniej gminy komend\u0119 wojew\u00f3dzk\u0105 policji. I takie upowa\u017cnienie zosta\u0142o udzielone.<\/p>\n<p><strong>Dbaj\u0105 o bezpiecze\u0144stwo czy o gminny bud\u017cet?<\/strong><\/p>\n<p>Stra\u017c gminna w Mykanowie jest bodaj najcz\u0119\u015bciej kontrolowan\u0105 przez urz\u0105d wojew\u00f3dzki jednostka w woj. \u015bl\u0105skim. Niemal od pocz\u0105tku jej dzia\u0142alno\u015bci padaj\u0105 zarzuty, \u017ce zakupiono tam fotoradar nie z dba\u0142o\u015bci o bezpiecze\u0144stwo na drogach, lecz z troski o wp\u0142ywy do gminnego bud\u017cetu. W 2010 roku kontrola z urz\u0119du wojew\u00f3dzkiego wykaza\u0142a, \u017ce rok wcze\u015bniej w Mykanowie wystawiono 9052 mandaty kierowcom z\u0142apanym dzi\u0119ki fotoradarowi na sum\u0119 2,7 mln z\u0142. Tymczasem w przypadku innych wykrocze\u0144 takich mandat\u00f3w w ci\u0105gu ca\u0142ego roku wypisano raptem&#8230; 22.<\/p>\n<p>Od 1 stycznia 2011 r. stra\u017c gminna (miejska) mo\u017ce dokonywa\u0107 kontroli fotoradarami na wszystkich drogach na terenie zabudowanym, a poza tym terenem wy\u0142\u0105cznie na gminnych, powiatowych i wojew\u00f3dzkich. Miejsca stawiania fotoradar\u00f3w ma stra\u017cnikom wskazywa\u0107 policja. Na drogach krajowych fotoradary mog\u0105 by\u0107 instalowane wy\u0142\u0105cznie przez Inspekcj\u0119 Transportu Drogowego na wniosek samorz\u0105du. Wiele gmin &#8211; jak np. \u017barki &#8211; na urz\u0119dowych stronach internetowych podaje nawet z miesi\u0119cznym z wyprzedzeniem miejsca i daty kontroli gminnym fotoradarem. Mykan\u00f3w i K\u0142omnice tego nie robi\u0105.<\/p>\n<p>Jak przed kilkoma dniami poinformowa\u0142 prezes NIK Krzysztof Kwiatkowski trwaj\u0105ca kontrola radar\u00f3w wykaza\u0142a, \u017ce cz\u0119\u015b\u0107 z urz\u0105dze\u0144, wbrew przepisom, jest umieszczana w miejscu, kt\u00f3re nie zosta\u0142o uzgodnione z policj\u0105.<\/p>\n<p>&#8211; Nawet je\u015bli radary umieszczane by\u0142y pod nadzorem policji, to stra\u017cnicy ustawiali tam urz\u0105dzenia tylko na kilka minut &#8211; potem przenosili je w miejsca, gdzie nie powinny sta\u0107. &#8211; Przez wi\u0119kszo\u015b\u0107 czasu pracowa\u0142y tam, gdzie mo\u017cna uzyska\u0107 wynik, czyli du\u017co mandat\u00f3w. Po zako\u0144czeniu s\u0142u\u017cby fotoradary zn\u00f3w wraca\u0142y na miejsce ustalone z policj\u0105 &#8211; dodaje Pawe\u0142 Biedziak, rzecznik NIK. To oznacza, \u017ce urz\u0105dzenie stoi nie w tych miejscach, gdzie dochodzi\u0142o do wypadk\u00f3w drogowych, a tam, gdzie mo\u017cna \u0142atwo namierzy\u0107 wielu kierowc\u00f3w przekraczaj\u0105cych pr\u0119dko\u015b\u0107&#8230; NIK b\u0119dzie kontrolowa\u0142 ustawienie radar\u00f3w stacjonarnych i przeno\u015bnych do ko\u0144ca roku. Wyniki poznamy w pierwszej po\u0142owie 2014 roku.<\/p>\n<p>Jednak kierowcy powinni wiedzie\u0107, \u017ce nawet niezgodne z prawem ustawienie fotoradaru czy b\u0142\u0119dne zapisy w regulaminach stra\u017cy nie zwalniaj\u0105 kierowc\u00f3w z obowi\u0105zku zap\u0142acenia mandatu za zbyt szybk\u0105 jazd\u0119.<\/p>\n<p>gazeta.pl<\/p>\n","protected":false},"excerpt":{"rendered":"<p>Stra\u017cnicy gminni z Mykanowa wystawili bezprawnie blisko 7 tys. mandat\u00f3w za przekroczenie pr\u0119dko\u015bci &#8211; oceni\u0142 \u015al\u0105ski Urz\u0105d Wojew\u00f3dzki. Sprawa trafi\u0142a do prokuratury, ale ta nie dopatrzy\u0142a si\u0119 przest\u0119pstwa. Pewien cz\u0119stochowianin wpad\u0142 w sid\u0142a fotoradaru na terenie gminy K\u0142omnice i dosta\u0142 &hellip; <a href=\"https:\/\/www.bezprawie.pl\/?p=449\">Czytaj dalej <span class=\"meta-nav\">&rarr;<\/span><\/a><\/p>\n","protected":false},"author":1,"featured_media":0,"comment_status":"open","ping_status":"open","sticky":false,"template":"","format":"standard","meta":{"footnotes":""},"categories":[127],"tags":[71,128],"class_list":["post-449","post","type-post","status-publish","format-standard","hentry","category-mykanow","tag-fotoradar","tag-straz-miejska"],"_links":{"self":[{"href":"https:\/\/www.bezprawie.pl\/index.php?rest_route=\/wp\/v2\/posts\/449","targetHints":{"allow":["GET"]}}],"collection":[{"href":"https:\/\/www.bezprawie.pl\/index.php?rest_route=\/wp\/v2\/posts"}],"about":[{"href":"https:\/\/www.bezprawie.pl\/index.php?rest_route=\/wp\/v2\/types\/post"}],"author":[{"embeddable":true,"href":"https:\/\/www.bezprawie.pl\/index.php?rest_route=\/wp\/v2\/users\/1"}],"replies":[{"embeddable":true,"href":"https:\/\/www.bezprawie.pl\/index.php?rest_route=%2Fwp%2Fv2%2Fcomments&post=449"}],"version-history":[{"count":1,"href":"https:\/\/www.bezprawie.pl\/index.php?rest_route=\/wp\/v2\/posts\/449\/revisions"}],"predecessor-version":[{"id":450,"href":"https:\/\/www.bezprawie.pl\/index.php?rest_route=\/wp\/v2\/posts\/449\/revisions\/450"}],"wp:attachment":[{"href":"https:\/\/www.bezprawie.pl\/index.php?rest_route=%2Fwp%2Fv2%2Fmedia&parent=449"}],"wp:term":[{"taxonomy":"category","embeddable":true,"href":"https:\/\/www.bezprawie.pl\/index.php?rest_route=%2Fwp%2Fv2%2Fcategories&post=449"},{"taxonomy":"post_tag","embeddable":true,"href":"https:\/\/www.bezprawie.pl\/index.php?rest_route=%2Fwp%2Fv2%2Ftags&post=449"}],"curies":[{"name":"wp","href":"https:\/\/api.w.org\/{rel}","templated":true}]}}