{"id":451,"date":"2013-10-22T06:24:04","date_gmt":"2013-10-22T06:24:04","guid":{"rendered":"http:\/\/www.bezprawie.pl\/?p=451"},"modified":"2013-10-22T06:24:04","modified_gmt":"2013-10-22T06:24:04","slug":"zatrzymanie-adwokata-po-prowokacji-dziennikarskiej-byl-gotow-sfalszowac-testament-za-65-tys-zl","status":"publish","type":"post","link":"https:\/\/www.bezprawie.pl\/?p=451","title":{"rendered":"Zatrzymanie adwokata po prowokacji dziennikarskiej. By\u0142 got\u00f3w sfa\u0142szowa\u0107 testament za 65 tys. z\u0142"},"content":{"rendered":"<p> Funkcjonariusze Centralnego Biura \u015aledczego zatrzymali w czwartek szczeci\u0144skiego adwokata Marka K. W wyniku prowakcji dziennikarskiej &#8222;Superwizjera TVN&#8221; uda\u0142o si\u0119 ustali\u0107, \u017ce mecenas gotowy by\u0142 za 65 tys. z\u0142 sfa\u0142szowa\u0107 testament. Teraz grozi mu do 10 lat wi\u0119zienia.<\/p>\n<p>Spraw\u0119 ujawnili dziennikarze &#8222;Superwizjera TVN&#8221;, do kt\u00f3rych od p\u00f3\u0142 roku dociera\u0142y sygna\u0142y na temat nielegalnej dzia\u0142alno\u015bci mecenasa Marka K. Reporterka poprosi\u0142a adwokata o pomoc, t\u0142umacz\u0105c, \u017ce dwa miesi\u0105ce temu zmar\u0142a jej matka, nie zostawiwszy po sobie testamentu. Wyja\u015bni\u0142a, \u017ce ma r\u00f3wnie\u017c dw\u00f3ch braci i chcia\u0142aby unikn\u0105\u0107 walki o spu\u015bcizn\u0119 po mamie.<\/p>\n<p>&#8211; Okoliczno\u015bci, o kt\u00f3rych pani m\u00f3wi, nie s\u0105 mi obce &#8211; przyzna\u0142 adwokat. &#8211; Prowadzi\u0142em ju\u017c tak\u0105 spraw\u0119, gdzie pomog\u0142em &#8211; m\u00f3wi\u0142 tak\u017ce. Nast\u0119pnie mecenas zapyta\u0142, czy kobieta dysponuje dokumentami lub listami, kt\u00f3re pisa\u0142a matka. &#8211; Pisma do urz\u0119du, listy do ciotki, wujka, poczt\u00f3wki &#8211; wylicza\u0142. Ostatecznie &#8222;klienci&#8221; um\u00f3wili si\u0119 z adwokatem na spreparowanie testamentu, kt\u00f3ry mia\u0142 si\u0119 &#8222;odnale\u017a\u0107 w podomce&#8221; zmar\u0142ej matki. Wszystko za 65 tys. z\u0142.<\/p>\n<p>Zawiadomieni przez dziennikarzy funkcjonariusze CB\u015a zatrzymali adwokata w dniu, w kt\u00f3rym um\u00f3wi\u0142 si\u0119 z reporterk\u0105 &#8222;Superwizjera&#8221; na odbi\u00f3r sfa\u0142szowanego testamentu. Jak podaje &#8222;Superwizjer&#8221; w sporz\u0105dzeniu testamentu adwokatowi mia\u0142a pom\u00f3c &#8211; jak to uj\u0105\u0142 &#8211; &#8222;firma zewn\u0119trzna&#8221;.<\/p>\n<p>CB\u015a zabezpieczy\u0142o te\u017c ponad 700 akt spraw prowadzonych przez kancelari\u0119 Marka K.<\/p>\n<p><strong>Teraz sam potrzebuje adwokata<\/strong><\/p>\n<p>Adwokat przebywa obecnie w areszcie, a prokuratura postawi\u0142a mu ju\u017c zarzuty, m.in. brania udzia\u0142u w fa\u0142szowaniu dokument\u00f3w i w oszustwie. Prokurator wyst\u0105pi\u0142 r\u00f3wnie\u017c do s\u0105du o tymczasowy areszt.<\/p>\n<p>&#8211; Prokurator skierowa\u0142 wniosek o zastosowanie wobec podejrzanego tymczasowego aresztowania &#8211; m\u00f3wi\u0142a TVN24 Ma\u0142gorzata Wojciechowska, rzecznik Prokuratury Okr\u0119gowej w Szczecinie. &#8211; Wniosek prokuratora zosta\u0142 uwzgl\u0119dniony. S\u0105d zastosowa\u0142 tymczasowe aresztowanie na okres dw\u00f3ch miesi\u0119cy, ale wyznaczy\u0142 r\u00f3wnie\u017c kwot\u0119 por\u0119czenia maj\u0105tkowego w wysoko\u015bci 300 tys. z\u0142. Wp\u0142acenie tego por\u0119czenia b\u0119dzie skutkowa\u0142o uchyleniem tymczasowego aresztu.<\/p>\n<p>Adwokata czeka r\u00f3wnie\u017c post\u0119powanie dyscyplinarne, kt\u00f3re rozpocz\u0119\u0142a ju\u017c Szczeci\u0144ska Rada Adwokacka.<\/p>\n<p><strong>Co z tajemnic\u0105 adwokack\u0105?<\/strong><\/p>\n<p>Kontrowersje w\u015br\u00f3d cz\u0142onk\u00f3w Rady Adwokackiej wzbudzi\u0142 natomiast fakt zabezpieczenia przez prokuratur\u0119 akt spraw prowadzonych przez Marka K. Zgod\u0119 na wgl\u0105d do akt wyda\u0142 prokuratorom s\u0105d, jednak cz\u0142onkowie Rady obawiaj\u0105 si\u0119, \u017ce mo\u017ce naruszona zosta\u0107 tajemnica adwokacka.<\/p>\n<p>Zdaniem W\u0142odzimierza \u0141yczywka z Okr\u0119gowej Rady Adwokackiej w Szczecinie, nie jest po\u017c\u0105dane, aby prokuratura mog\u0142a zagl\u0105da\u0107 do akt spraw, w kt\u00f3rych zawarte s\u0105 tajemnice powierzane mecenasom przez klient\u00f3w. &#8211; To jest niewyobra\u017calna rzecz od dw\u00f3ch tysi\u0119cy lat, od kiedy istnieje pomoc prawna &#8211; m\u00f3wi\u0142 \u0141yczywek w TVN24.<\/p>\n<p><strong>Mia\u0142 ju\u017c spraw\u0119 dyscyplinarn\u0105<\/strong><\/p>\n<p>Marek K. w 2006 r. zosta\u0142 ju\u017c raz ukarany przez s\u0105d dyscyplinarny kar\u0105 grzywny &#8211; ponad 3 tys. z\u0142 i pi\u0119cioletnim zakazem opieki nad aplikantami. &#8222;Kar\u0119 dyscyplinarn\u0105 orzeczono, gdy\u017c mecenas nie powiadomi\u0142 swojej klientki o niekorzystnym dla niej wyroku, wobec czego musia\u0142a ona zap\u0142aci\u0107 kilka tysi\u0119cy karnych odsetek. S\u0105d Najwy\u017cszy podtrzyma\u0142 wskazany wyrok s\u0105du dyscyplinarnego. Jak nieoficjalnie ustalili dziennikarze, mecenas nie respektowa\u0142 postanowienia s\u0105du i ca\u0142y czas prowadzi\u0142 aplikanta&#8221; &#8211; podaje &#8222;Superwizjer&#8221;.<\/p>\n<p>tvn24.pl<\/p>\n","protected":false},"excerpt":{"rendered":"<p>Funkcjonariusze Centralnego Biura \u015aledczego zatrzymali w czwartek szczeci\u0144skiego adwokata Marka K. W wyniku prowakcji dziennikarskiej &#8222;Superwizjera TVN&#8221; uda\u0142o si\u0119 ustali\u0107, \u017ce mecenas gotowy by\u0142 za 65 tys. z\u0142 sfa\u0142szowa\u0107 testament. Teraz grozi mu do 10 lat wi\u0119zienia. Spraw\u0119 ujawnili dziennikarze &hellip; <a href=\"https:\/\/www.bezprawie.pl\/?p=451\">Czytaj dalej <span class=\"meta-nav\">&rarr;<\/span><\/a><\/p>\n","protected":false},"author":1,"featured_media":0,"comment_status":"open","ping_status":"open","sticky":false,"template":"","format":"standard","meta":{"footnotes":""},"categories":[37],"tags":[115,28],"class_list":["post-451","post","type-post","status-publish","format-standard","hentry","category-szczecin","tag-adwokat","tag-korupcja"],"_links":{"self":[{"href":"https:\/\/www.bezprawie.pl\/index.php?rest_route=\/wp\/v2\/posts\/451","targetHints":{"allow":["GET"]}}],"collection":[{"href":"https:\/\/www.bezprawie.pl\/index.php?rest_route=\/wp\/v2\/posts"}],"about":[{"href":"https:\/\/www.bezprawie.pl\/index.php?rest_route=\/wp\/v2\/types\/post"}],"author":[{"embeddable":true,"href":"https:\/\/www.bezprawie.pl\/index.php?rest_route=\/wp\/v2\/users\/1"}],"replies":[{"embeddable":true,"href":"https:\/\/www.bezprawie.pl\/index.php?rest_route=%2Fwp%2Fv2%2Fcomments&post=451"}],"version-history":[{"count":1,"href":"https:\/\/www.bezprawie.pl\/index.php?rest_route=\/wp\/v2\/posts\/451\/revisions"}],"predecessor-version":[{"id":452,"href":"https:\/\/www.bezprawie.pl\/index.php?rest_route=\/wp\/v2\/posts\/451\/revisions\/452"}],"wp:attachment":[{"href":"https:\/\/www.bezprawie.pl\/index.php?rest_route=%2Fwp%2Fv2%2Fmedia&parent=451"}],"wp:term":[{"taxonomy":"category","embeddable":true,"href":"https:\/\/www.bezprawie.pl\/index.php?rest_route=%2Fwp%2Fv2%2Fcategories&post=451"},{"taxonomy":"post_tag","embeddable":true,"href":"https:\/\/www.bezprawie.pl\/index.php?rest_route=%2Fwp%2Fv2%2Ftags&post=451"}],"curies":[{"name":"wp","href":"https:\/\/api.w.org\/{rel}","templated":true}]}}