{"id":463,"date":"2013-11-03T20:32:32","date_gmt":"2013-11-03T20:32:32","guid":{"rendered":"http:\/\/www.bezprawie.pl\/?p=463"},"modified":"2013-11-03T20:36:06","modified_gmt":"2013-11-03T20:36:06","slug":"kontrowersyjny-biurowiec-na-starowce-pozwolenie-wydala-matka-wspoltworcy-projektu","status":"publish","type":"post","link":"https:\/\/www.bezprawie.pl\/?p=463","title":{"rendered":"Kontrowersyjny biurowiec na Star\u00f3wce. Pozwolenie wyda\u0142a matka wsp\u00f3\u0142tw\u00f3rcy projektu"},"content":{"rendered":"<p>Ruszy\u0142a najbardziej kontrowersyjna inwestycja w Warszawie, czyli budowa biurowca przy Placu Zamkowym. Budynek projektowa\u0142 architekt, zgod\u0119 na budow\u0119 wyda\u0142a jego matka, urz\u0119dniczka. Zrobi\u0142a to z upowa\u017cnienia prezydent Hanny Gronkiewicz-Waltz. Na Starym Mie\u015bcie, 80 metr\u00f3w od Kolumny Zygmunta stanie okaza\u0142y biurowiec za 130 mln z\u0142otych. \u017badna inna inwestycja nie rozpali\u0142a ostatnio w Warszawie a\u017c takich emocji.  Jednym z wsp\u00f3\u0142tw\u00f3rc\u00f3w projektu biurowca jest architekt Bartosz Naperty. <\/p>\n<p>Projekt budowlany zatwierdzi\u0142a i wyda\u0142a pozwolenie na budow\u0119 jego matka Jolanta Zdziech-Naperty, kt\u00f3ra jest naczelniczk\u0105 wydzia\u0142u architektury i budownictwa na warszawskim \u015ar\u00f3dmie\u015bciu. Bez jej decyzji inwestycja nie mog\u0142aby ruszy\u0107.<\/p>\n<p>Naperty, jeszcze w pierwszej po\u0142owie pa\u017adziernika, chwali\u0142 si\u0119 projektem biurowca na internetowej stronie swojej pracowni architektonicznej. Wiadomo\u015bci jednak znikn\u0119\u0142y. <\/p>\n<p>&#8211; Nie wiem, dlaczego tej informacji ju\u017c nie ma. Mo\u017ce znikn\u0119\u0142a przy jakich\u015b zmianach na stronie? \u2013 m\u00f3wi nam Bartosz Naperty, kt\u00f3ry jednocze\u015bnie przyzna\u0142, \u017ce by\u0142 jednym z projektant\u00f3w biurowca przy Senatorskiej.<\/p>\n<p>Jolant\u0119 Zdziech-Naperty spytali\u015bmy, czy przed podj\u0119ciem decyzji informowa\u0142a prze\u0142o\u017conych, \u017ce wsp\u00f3\u0142tw\u00f3rc\u0105 koncepcji architektonicznej budynku jest jej syn? &#8211; Nie robi\u0142am tego. Nie by\u0142o takiej potrzeby \u2013 m\u00f3wi. Pani naczelnik wskazuje, \u017ce rola jej syna w tym projekcie nie by\u0142a kluczowa. <\/p>\n<p>Wi\u0119cej w tek\u015bcie Micha\u0142a Majewskiego w najnowszym numerze tygodnika (45\/2013)  &#8222;Wprost&#8221;.<\/p>\n","protected":false},"excerpt":{"rendered":"<p>Ruszy\u0142a najbardziej kontrowersyjna inwestycja w Warszawie, czyli budowa biurowca przy Placu Zamkowym. Budynek projektowa\u0142 architekt, zgod\u0119 na budow\u0119 wyda\u0142a jego matka, urz\u0119dniczka. Zrobi\u0142a to z upowa\u017cnienia prezydent Hanny Gronkiewicz-Waltz. Na Starym Mie\u015bcie, 80 metr\u00f3w od Kolumny Zygmunta stanie okaza\u0142y biurowiec &hellip; <a href=\"https:\/\/www.bezprawie.pl\/?p=463\">Czytaj dalej <span class=\"meta-nav\">&rarr;<\/span><\/a><\/p>\n","protected":false},"author":1,"featured_media":0,"comment_status":"open","ping_status":"open","sticky":false,"template":"","format":"standard","meta":{"footnotes":""},"categories":[22,23],"tags":[132],"class_list":["post-463","post","type-post","status-publish","format-standard","hentry","category-mazowieckie","category-warszawa","tag-nepotyzm"],"_links":{"self":[{"href":"https:\/\/www.bezprawie.pl\/index.php?rest_route=\/wp\/v2\/posts\/463","targetHints":{"allow":["GET"]}}],"collection":[{"href":"https:\/\/www.bezprawie.pl\/index.php?rest_route=\/wp\/v2\/posts"}],"about":[{"href":"https:\/\/www.bezprawie.pl\/index.php?rest_route=\/wp\/v2\/types\/post"}],"author":[{"embeddable":true,"href":"https:\/\/www.bezprawie.pl\/index.php?rest_route=\/wp\/v2\/users\/1"}],"replies":[{"embeddable":true,"href":"https:\/\/www.bezprawie.pl\/index.php?rest_route=%2Fwp%2Fv2%2Fcomments&post=463"}],"version-history":[{"count":2,"href":"https:\/\/www.bezprawie.pl\/index.php?rest_route=\/wp\/v2\/posts\/463\/revisions"}],"predecessor-version":[{"id":465,"href":"https:\/\/www.bezprawie.pl\/index.php?rest_route=\/wp\/v2\/posts\/463\/revisions\/465"}],"wp:attachment":[{"href":"https:\/\/www.bezprawie.pl\/index.php?rest_route=%2Fwp%2Fv2%2Fmedia&parent=463"}],"wp:term":[{"taxonomy":"category","embeddable":true,"href":"https:\/\/www.bezprawie.pl\/index.php?rest_route=%2Fwp%2Fv2%2Fcategories&post=463"},{"taxonomy":"post_tag","embeddable":true,"href":"https:\/\/www.bezprawie.pl\/index.php?rest_route=%2Fwp%2Fv2%2Ftags&post=463"}],"curies":[{"name":"wp","href":"https:\/\/api.w.org\/{rel}","templated":true}]}}