{"id":47,"date":"2008-04-05T20:25:21","date_gmt":"2008-04-05T20:25:21","guid":{"rendered":"http:\/\/bezprawie.pl\/?p=47"},"modified":"2010-07-25T20:27:57","modified_gmt":"2010-07-25T20:27:57","slug":"dzierzoniow-czy-prokurator-kata-ma-cos-do-ukrycia","status":"publish","type":"post","link":"https:\/\/www.bezprawie.pl\/?p=47","title":{"rendered":"Dzier\u017coni\u00f3w: Czy prokurator Kata ma co\u015b do ukrycia?"},"content":{"rendered":"<p>W opisywanej przez nasz sprawie nielegalnego posiadania broni palnej przez rodzin\u0119 prokuratora <strong>Katy<\/strong> pojawi\u0142 si\u0119 nowy niespodziewany w\u0105tek. Z informacji jakie uzyskali\u015bmy wynika, i\u017c prokurator <strong>Kata<\/strong> z pomini\u0119ciem drogi s\u0142u\u017cbowej otrzyma\u0142 informacj\u0119 o sprawie nielegalnego posiadani broni palnej przez jego rodzin\u0119.<\/p>\n<p><a href=\"http:\/\/bezprawie.pl\/wp-content\/uploads\/0504kata.jpg\"><img loading=\"lazy\" decoding=\"async\" src=\"http:\/\/bezprawie.pl\/wp-content\/uploads\/0504kata-220x300.jpg\" alt=\"Prokurator Zbigniew Kata bardzo wstydzi si\u0119 spojrze\u0107 prosto w oczy.\" title=\"Prokurator Zbigniew Kata\" width=\"220\" height=\"300\" class=\"aligncenter size-medium wp-image-50\" srcset=\"https:\/\/www.bezprawie.pl\/wp-content\/uploads\/0504kata-220x300.jpg 220w, https:\/\/www.bezprawie.pl\/wp-content\/uploads\/0504kata.jpg 229w\" sizes=\"auto, (max-width: 220px) 100vw, 220px\" \/><\/a><\/p>\n<p>Nie byli\u015bmy w stanie zweryfikowa\u0107 prawdziwo\u015bci informacji i z tego te\u017c wzgl\u0119du zwr\u00f3cili\u015bmy si\u0119 na pi\u015bmie do Pana prokuratora <strong>Katy<\/strong> z pytaniami.<br \/>\n&#8211; Czy jest prawd\u0105, i\u017c uzyska\u0142 informacje o sprawie nielegalnego posiadania przez jego rodzin\u0119 broni palnej z pomini\u0119ciem drogi s\u0142u\u017cbowej?<br \/>\n&#8211; Czy jest prawd\u0105, i\u017c instruowa\u0142 cz\u0142onk\u00f3w swojej rodziny jak maj\u0105 przedstawia\u0107 wersj\u0119 wydarze\u0144 aby unikn\u0105\u0107 odpowiedzialno\u015bci karnej?<\/p>\n<p>Niestety do dnia dzisiejszego odpowiedzi nie otrzymali\u015bmy. Czy zatem prokurator <strong>Kata<\/strong> ma co\u015b do ukrycia? Miejmy nadziej\u0119, i\u017c prowadzone post\u0119powanie da odpowiedz na te w\u0105tpliwo\u015bci.<\/p>\n","protected":false},"excerpt":{"rendered":"<p>W opisywanej przez nasz sprawie nielegalnego posiadania broni palnej przez rodzin\u0119 prokuratora Katy pojawi\u0142 si\u0119 nowy niespodziewany w\u0105tek. Z informacji jakie uzyskali\u015bmy wynika, i\u017c prokurator Kata z pomini\u0119ciem drogi s\u0142u\u017cbowej otrzyma\u0142 informacj\u0119 o sprawie nielegalnego posiadani broni palnej przez jego &hellip; <a href=\"https:\/\/www.bezprawie.pl\/?p=47\">Czytaj dalej <span class=\"meta-nav\">&rarr;<\/span><\/a><\/p>\n","protected":false},"author":1,"featured_media":0,"comment_status":"open","ping_status":"open","sticky":false,"template":"","format":"standard","meta":{"footnotes":""},"categories":[7],"tags":[17],"class_list":["post-47","post","type-post","status-publish","format-standard","hentry","category-dzierzoniow","tag-prokuratura"],"_links":{"self":[{"href":"https:\/\/www.bezprawie.pl\/index.php?rest_route=\/wp\/v2\/posts\/47","targetHints":{"allow":["GET"]}}],"collection":[{"href":"https:\/\/www.bezprawie.pl\/index.php?rest_route=\/wp\/v2\/posts"}],"about":[{"href":"https:\/\/www.bezprawie.pl\/index.php?rest_route=\/wp\/v2\/types\/post"}],"author":[{"embeddable":true,"href":"https:\/\/www.bezprawie.pl\/index.php?rest_route=\/wp\/v2\/users\/1"}],"replies":[{"embeddable":true,"href":"https:\/\/www.bezprawie.pl\/index.php?rest_route=%2Fwp%2Fv2%2Fcomments&post=47"}],"version-history":[{"count":4,"href":"https:\/\/www.bezprawie.pl\/index.php?rest_route=\/wp\/v2\/posts\/47\/revisions"}],"predecessor-version":[{"id":51,"href":"https:\/\/www.bezprawie.pl\/index.php?rest_route=\/wp\/v2\/posts\/47\/revisions\/51"}],"wp:attachment":[{"href":"https:\/\/www.bezprawie.pl\/index.php?rest_route=%2Fwp%2Fv2%2Fmedia&parent=47"}],"wp:term":[{"taxonomy":"category","embeddable":true,"href":"https:\/\/www.bezprawie.pl\/index.php?rest_route=%2Fwp%2Fv2%2Fcategories&post=47"},{"taxonomy":"post_tag","embeddable":true,"href":"https:\/\/www.bezprawie.pl\/index.php?rest_route=%2Fwp%2Fv2%2Ftags&post=47"}],"curies":[{"name":"wp","href":"https:\/\/api.w.org\/{rel}","templated":true}]}}