{"id":484,"date":"2014-01-08T20:21:03","date_gmt":"2014-01-08T20:21:03","guid":{"rendered":"http:\/\/www.bezprawie.pl\/?p=484"},"modified":"2014-01-08T20:21:03","modified_gmt":"2014-01-08T20:21:03","slug":"arcypedofil-uniknie-odpowiedzialnosci-poniewaz-jest-obywatelem-watykanu","status":"publish","type":"post","link":"https:\/\/www.bezprawie.pl\/?p=484","title":{"rendered":"Arcypedofil uniknie odpowiedzialno\u015bci poniewa\u017c jest obywatelem Watykanu !!!!"},"content":{"rendered":"<p>Abp J\u00f3zef Weso\u0142owski jako obywatel Watykanu nie mo\u017ce by\u0107 poddany ekstradycji &#8211; poinformowa\u0142 Watykan polsk\u0105 prokuratur\u0119. Abp Weso\u0142owski to b. nuncjusz apostolski na Dominikanie, odwo\u0142any przez papie\u017ca w zwi\u0105zku z podejrzeniami o pedofili\u0119. &#8211; Pod koniec grudnia otrzymali\u015bmy z Watykanu odpowied\u017a na nasz pa\u017adziernikowy wniosek o pomoc prawn\u0105 &#8211; powiedzia\u0142 rzecznik Prokuratury Okr\u0119gowej w Warszawie Przemys\u0142aw Nowak, potwierdzaj\u0105c informacje tvn24.<\/p>\n<p>Doda\u0142, \u017ce w pi\u015bmie wskazano, i\u017c abp Weso\u0142owski jest obywatelem pa\u0144stwa watyka\u0144skiego, a prawo karne pa\u0144stwa watyka\u0144skiego nie zezwala na ekstradycj\u0119 obywatela tego kraju. Watykan poinformowa\u0142 te\u017c, \u017ce prowadzi w\u0142asne post\u0119powanie w sprawie abp. Weso\u0142owskiego.<\/p>\n<p><strong>&#8222;Abp Weso\u0142owski jest obj\u0119ty immunitetem dyplomatycznym&#8221;<\/strong><\/p>\n<p>&#8211; Pa\u0144stwo Watykan poinformowa\u0142o tak\u017ce po raz kolejny, \u017ce abp Weso\u0142owski obj\u0119ty jest immunitetem dyplomatycznym, a jego zakres reguluj\u0105 standardowe przepisy prawa mi\u0119dzynarodowego&#8221; &#8211; powiedzia\u0142 Nowak.<\/p>\n<p>Prokuratura pyta\u0142a o zakres immunitetu, poniewa\u017c z jej wst\u0119pnych analiz wynika\u0142o, \u017ce immunitet dyplomatyczny &#8222;rozci\u0105ga si\u0119 tylko i wy\u0142\u0105cznie na czynno\u015bci czy te\u017c dzia\u0142ania, kt\u00f3re maj\u0105 zwi\u0105zek w\u0142a\u015bnie z funkcj\u0105 dyplomaty&#8221;.<\/p>\n<p>Nowak poinformowa\u0142 te\u017c, \u017ce prokuratura ca\u0142y czas analizuje dokumenty uzyskane z Dominikany, a \u017cadne prze\u0142omowe decyzje procesowe nie zosta\u0142y dot\u0105d podj\u0119te.<\/p>\n<p>\u015aledztwo w sprawie podejrzenia seksualnego wykorzystywania dzieci przez dw\u00f3ch polskich duchownych: ks. Wojciecha Gila i abp. Weso\u0142owskiego &#8211; odwo\u0142anego przez papie\u017ca Franciszka nuncjusza apostolskiego na Dominikanie &#8211; od ko\u0144ca wrze\u015bnia prowadzi Prokuratura Okr\u0119gowa w Warszawie. Prokuratorzy badaj\u0105, czy zachodzi podejrzenie, \u017ce polscy duchowni dopuszczali si\u0119 na Dominikanie pedofilii, za co w Polsce grozi do 12 lat wi\u0119zienia. Drugim w\u0105tkiem post\u0119powania jest przest\u0119pstwo utrwalania tre\u015bci pornograficznych z dzie\u0107mi (zagro\u017cone pozbawieniem wolno\u015bci do 10 lat).<\/p>\n<p>Formaln\u0105 podstaw\u0105 wszcz\u0119cia tego \u015bledztwa by\u0142y informacje, jakie prokuratura uzyska\u0142a z polskiego przedstawicielstwa dyplomatycznego w Bogocie, kt\u00f3re potwierdzi\u0142o w prokuraturze na Dominikanie, \u017ce prowadzone jest tam post\u0119powanie w sprawie dotycz\u0105cej dw\u00f3ch polskich obywateli.<\/p>\n<p><strong>Prokuratura dosta\u0142a 600 stron t\u0142umacze\u0144 z Dominikany<\/strong><\/p>\n<p>Prokurator generalny Dominikany przes\u0142a\u0142 do Polski materia\u0142y ws. pedofilii polskich duchownych. Na pocz\u0105tku grudnia prokuratura otrzyma\u0142a t\u0142umaczenia materia\u0142\u00f3w &#8211; ponad 600 stron dokument\u00f3w. S\u0105 to m.in. ekspertyza informatyka badaj\u0105cego zatrzymane w \u015bledztwie komputery, a tak\u017ce protoko\u0142y przes\u0142ucha\u0144 pokrzywdzonych i \u015bwiadk\u00f3w, dokumenty bankowe oraz opinia psychologiczna.<\/p>\n<p>Nuncjusz apostolski na Dominikanie abp Weso\u0142owski zosta\u0142 w sierpniu odwo\u0142any ze stanowiska w zwi\u0105zku z oskar\u017ceniami o pedofili\u0119. Podawano wtedy, \u017ce Watykan wszcz\u0105\u0142 post\u0119powanie wobec zarzut\u00f3w pedofilii.<\/p>\n<p>Watyka\u0144skie post\u0119powanie w zwi\u0105zku z zarzutami wobec abp. Weso\u0142owskiego toczy si\u0119 w Kongregacji Nauki Wiary, kt\u00f3ra zajmuje si\u0119 wszystkimi takimi przypadkami. Najwy\u017csz\u0105 kar\u0105 ko\u015bcieln\u0105 za pedofili\u0119 jest wykluczenie ze stanu duchownego.<\/p>\n<p>gazeta.pl<\/p>\n","protected":false},"excerpt":{"rendered":"<p>Abp J\u00f3zef Weso\u0142owski jako obywatel Watykanu nie mo\u017ce by\u0107 poddany ekstradycji &#8211; poinformowa\u0142 Watykan polsk\u0105 prokuratur\u0119. Abp Weso\u0142owski to b. nuncjusz apostolski na Dominikanie, odwo\u0142any przez papie\u017ca w zwi\u0105zku z podejrzeniami o pedofili\u0119. &#8211; Pod koniec grudnia otrzymali\u015bmy z Watykanu &hellip; <a href=\"https:\/\/www.bezprawie.pl\/?p=484\">Czytaj dalej <span class=\"meta-nav\">&rarr;<\/span><\/a><\/p>\n","protected":false},"author":1,"featured_media":0,"comment_status":"open","ping_status":"open","sticky":false,"template":"","format":"standard","meta":{"footnotes":""},"categories":[3],"tags":[],"class_list":["post-484","post","type-post","status-publish","format-standard","hentry","category-polska"],"_links":{"self":[{"href":"https:\/\/www.bezprawie.pl\/index.php?rest_route=\/wp\/v2\/posts\/484","targetHints":{"allow":["GET"]}}],"collection":[{"href":"https:\/\/www.bezprawie.pl\/index.php?rest_route=\/wp\/v2\/posts"}],"about":[{"href":"https:\/\/www.bezprawie.pl\/index.php?rest_route=\/wp\/v2\/types\/post"}],"author":[{"embeddable":true,"href":"https:\/\/www.bezprawie.pl\/index.php?rest_route=\/wp\/v2\/users\/1"}],"replies":[{"embeddable":true,"href":"https:\/\/www.bezprawie.pl\/index.php?rest_route=%2Fwp%2Fv2%2Fcomments&post=484"}],"version-history":[{"count":1,"href":"https:\/\/www.bezprawie.pl\/index.php?rest_route=\/wp\/v2\/posts\/484\/revisions"}],"predecessor-version":[{"id":485,"href":"https:\/\/www.bezprawie.pl\/index.php?rest_route=\/wp\/v2\/posts\/484\/revisions\/485"}],"wp:attachment":[{"href":"https:\/\/www.bezprawie.pl\/index.php?rest_route=%2Fwp%2Fv2%2Fmedia&parent=484"}],"wp:term":[{"taxonomy":"category","embeddable":true,"href":"https:\/\/www.bezprawie.pl\/index.php?rest_route=%2Fwp%2Fv2%2Fcategories&post=484"},{"taxonomy":"post_tag","embeddable":true,"href":"https:\/\/www.bezprawie.pl\/index.php?rest_route=%2Fwp%2Fv2%2Ftags&post=484"}],"curies":[{"name":"wp","href":"https:\/\/api.w.org\/{rel}","templated":true}]}}