{"id":488,"date":"2014-02-10T21:54:01","date_gmt":"2014-02-10T21:54:01","guid":{"rendered":"http:\/\/www.bezprawie.pl\/?p=488"},"modified":"2014-02-10T21:54:01","modified_gmt":"2014-02-10T21:54:01","slug":"hiszpanski-sedzia-zada-zatrzymania-b-prezydenta-i-premiera-chin-za-ludobojstwo","status":"publish","type":"post","link":"https:\/\/www.bezprawie.pl\/?p=488","title":{"rendered":"Hiszpa\u0144ski s\u0119dzia \u017c\u0105da zatrzymania b. prezydenta i premiera Chin. &#8222;Za ludob\u00f3jstwo&#8221;"},"content":{"rendered":"<p>Hiszpa\u0144ski s\u0119dzia Ismael Moreno za\u017c\u0105da\u0142 od Interpolu wystawienia nakaz\u00f3w aresztowania by\u0142ego prezydenta Chin Jiang Zemina, by\u0142ego premiera Li Penga oraz trzech innych chi\u0144skich polityk\u00f3w w ramach dochodzenia ws. ludob\u00f3jstwa w Tybecie.<br \/>\nSkarg\u0119 przeciw by\u0142ym przyw\u00f3dcom Chin wnios\u0142y do hiszpa\u0144skiego s\u0105du organizacje broni\u0105ce praw cz\u0142owieka, zgodnie z przyj\u0119t\u0105 w tamtejszym s\u0105downictwie zasad\u0105 represji wszech\u015bwiatowej (tzw. jurysdykcj\u0105 uniwersaln\u0105), na mocy kt\u00f3rej mo\u017cna kara\u0107 cudzoziemc\u00f3w za zbrodnie przeciw ludzko\u015bci pope\u0142nione za granic\u0105, pod warunkiem \u017ce w kraju, w kt\u00f3rym dosz\u0142o do ich pope\u0142nienia, nie wytoczono w tej sprawie dochodzenia.<\/p>\n<p>Tortury i naruszenia praw cz\u0142owieka<\/p>\n<p>Na mocy tego w\u0142a\u015bnie prawa inny hiszpa\u0144ski s\u0119dzia Baltasar Garzon doprowadzi\u0142 w 1998 roku do aresztowania w Londynie by\u0142ego dyktatora Chile Augusto Pinocheta. Garzon wyst\u0105pi\u0142 o ekstradycj\u0119 Pinocheta w zwi\u0105zku z zarzutami zab\u00f3jstwa, zagini\u0119cia i stosowania tortur wobec obywateli hiszpa\u0144skich, argenty\u0144skich i chilijskich. Z przyczyn zdrowotnych by\u0142emu dyktatorowi zezwolono jednak na powr\u00f3t do kraju.<\/p>\n<p>S\u0119dzia Moreno napisa\u0142 w swym wniosku, \u017ce Jiang Zemin sprawowa\u0142 w\u0142adz\u0119 nad lud\u017ami, kt\u00f3rzy bezpo\u015brednio dopu\u015bcili si\u0119 tortur i innych powa\u017cnych narusze\u0144 praw cz\u0142owieka wobec narodu tybeta\u0144skiego. S\u0119dzia domaga si\u0119 zatem, by Interpol wyda\u0142 nakaz zatrzymania i aresztowania Jianga za ludob\u00f3jstwo, tortury i zbrodnie przeciw ludzko\u015bci.<\/p>\n<p>W opublikowanej w listopadzie decyzji hiszpa\u0144ski trybuna\u0142 narodowy, kt\u00f3ry prowadzi takie sprawy, uzna\u0142, \u017ce istniej\u0105 przes\u0142anki \u015bwiadcz\u0105ce o udziale Jiang Zemina, Li Penga oraz trzech innych by\u0142ych przedstawicieli chi\u0144skich w\u0142adz w decyzjach politycznych dotycz\u0105cych Tybetu.<\/p>\n<p>Zaszkodzi stosunkom chi\u0144sko-hiszpa\u0144skim<\/p>\n<p>Chiny za\u017c\u0105da\u0142y w\u00f3wczas od Madrytu wyja\u015bnie\u0144 w sprawie nakazu aresztowania Jiang Zemina w ramach otwartego w 2006 roku dochodzenia w sprawie ludob\u00f3jstwa w Tybecie w latach 1980-90. Pekin wyrazi\u0142 nadziej\u0119, \u017ce w\u0142adze hiszpa\u0144skie nie &#8222;podejm\u0105 dzia\u0142a\u0144, kt\u00f3re mog\u0142yby zaszkodzi\u0107 Chinom i stosunkom chi\u0144sko-hiszpa\u0144skim&#8221;.<\/p>\n<p>W pi\u0105tek chi\u0144skie ministerstwo spraw zagranicznych wezwa\u0142o Madryt, by zapobieg\u0142 kolejnym post\u0119powaniom w sprawie domniemanego \u0142amania przez Chiny praw cz\u0142owieka w Tybecie. Rz\u0105dz\u0105ca w Hiszpanii Partia Ludowa zabiega o reform\u0119 zasady represji wszech\u015bwiatowej w hiszpa\u0144skim s\u0105downictwie, tak aby ograniczy\u0107 s\u0119dziom mo\u017cliwo\u015b\u0107 podejmowania post\u0119powania poza granicami kraju &#8211; wyja\u015bnia Reuters.<\/p>\n<p>Warunkiem wniesienia sprawy do trybuna\u0142u narodowego w Hiszpanii jest to, by co najmniej jedna z ofiar przest\u0119pstwa by\u0142a jej obywatelem. W tym przypadku warunek spe\u0142nia mnich Thubten Wangchen. Spraw\u0119 przeciwko pi\u0119ciu by\u0142ym cz\u0142onkom chi\u0144skich w\u0142adz wnios\u0142y do s\u0105du hiszpa\u0144ski Komitet Wsparcia Tybetu (CAT) z siedzib\u0105 w Madrycie, fundacja Dom Tybetu i jeszcze jedna organizacja protybeta\u0144ska. <\/p>\n<p>gazeta.pl<\/p>\n","protected":false},"excerpt":{"rendered":"<p>Hiszpa\u0144ski s\u0119dzia Ismael Moreno za\u017c\u0105da\u0142 od Interpolu wystawienia nakaz\u00f3w aresztowania by\u0142ego prezydenta Chin Jiang Zemina, by\u0142ego premiera Li Penga oraz trzech innych chi\u0144skich polityk\u00f3w w ramach dochodzenia ws. ludob\u00f3jstwa w Tybecie. Skarg\u0119 przeciw by\u0142ym przyw\u00f3dcom Chin wnios\u0142y do hiszpa\u0144skiego s\u0105du &hellip; <a href=\"https:\/\/www.bezprawie.pl\/?p=488\">Czytaj dalej <span class=\"meta-nav\">&rarr;<\/span><\/a><\/p>\n","protected":false},"author":1,"featured_media":0,"comment_status":"open","ping_status":"open","sticky":false,"template":"","format":"standard","meta":{"footnotes":""},"categories":[1],"tags":[133],"class_list":["post-488","post","type-post","status-publish","format-standard","hentry","category-bez-kategorii","tag-chi"],"_links":{"self":[{"href":"https:\/\/www.bezprawie.pl\/index.php?rest_route=\/wp\/v2\/posts\/488","targetHints":{"allow":["GET"]}}],"collection":[{"href":"https:\/\/www.bezprawie.pl\/index.php?rest_route=\/wp\/v2\/posts"}],"about":[{"href":"https:\/\/www.bezprawie.pl\/index.php?rest_route=\/wp\/v2\/types\/post"}],"author":[{"embeddable":true,"href":"https:\/\/www.bezprawie.pl\/index.php?rest_route=\/wp\/v2\/users\/1"}],"replies":[{"embeddable":true,"href":"https:\/\/www.bezprawie.pl\/index.php?rest_route=%2Fwp%2Fv2%2Fcomments&post=488"}],"version-history":[{"count":1,"href":"https:\/\/www.bezprawie.pl\/index.php?rest_route=\/wp\/v2\/posts\/488\/revisions"}],"predecessor-version":[{"id":489,"href":"https:\/\/www.bezprawie.pl\/index.php?rest_route=\/wp\/v2\/posts\/488\/revisions\/489"}],"wp:attachment":[{"href":"https:\/\/www.bezprawie.pl\/index.php?rest_route=%2Fwp%2Fv2%2Fmedia&parent=488"}],"wp:term":[{"taxonomy":"category","embeddable":true,"href":"https:\/\/www.bezprawie.pl\/index.php?rest_route=%2Fwp%2Fv2%2Fcategories&post=488"},{"taxonomy":"post_tag","embeddable":true,"href":"https:\/\/www.bezprawie.pl\/index.php?rest_route=%2Fwp%2Fv2%2Ftags&post=488"}],"curies":[{"name":"wp","href":"https:\/\/api.w.org\/{rel}","templated":true}]}}