{"id":505,"date":"2014-05-28T14:30:08","date_gmt":"2014-05-28T14:30:08","guid":{"rendered":"http:\/\/www.bezprawie.pl\/?p=505"},"modified":"2014-05-28T14:30:08","modified_gmt":"2014-05-28T14:30:08","slug":"przez-21-lat-walczyla-z-urzednikami-w-koncu-popelnila-samobojstwo","status":"publish","type":"post","link":"https:\/\/www.bezprawie.pl\/?p=505","title":{"rendered":"Przez 21 lat walczy\u0142a z urz\u0119dnikami, w ko\u0144cu pope\u0142ni\u0142a samob\u00f3jstwo"},"content":{"rendered":"<p>Przez 21 lat w\u0142a\u015bcicielka firmy kosmetycznej z Kartuz walczy\u0142a o zwrot nienale\u017cnie pobranego podatku akcyzowego. Chodzi\u0142o o 3 mln z\u0142. Gdy 17. raz s\u0105d odes\u0142a\u0142 spraw\u0119 do ponownego rozpatrzenia, kobieta pope\u0142ni\u0142a samob\u00f3jstwo. Sprawa ju\u017c mia\u0142a mie\u0107 sw\u00f3j pozytywny fina\u0142, ale s\u0105d po raz kolejny postanowi\u0142&#8230; zbada\u0107 j\u0105 ponownie. Tego by\u0142o ju\u017c za wiele. Kobieta za\u0142ama\u0142a si\u0119 i targn\u0119\u0142a na \u017cycie, za\u017cywaj\u0105c tabletki. W li\u015bcie po\u017cegnalnym szczeg\u00f3\u0142owo opisa\u0142a, czyje dzia\u0142ania zmusi\u0142y j\u0105 do desperackiego czynu \u2013 relacjonuje m\u0105\u017c kobiety.<\/p>\n<p><strong>\u201eSprawiedliwo\u015b\u0107 z nieba\u201d<\/strong><\/p>\n<p>Po\u0142ow\u0119 \u017cycia Krystyna Chojnacka walczy\u0142a z urz\u0119dnikami o istnienie swojej firmy. \u2013 Umiera\u0142a w takiej \u015bwiadomo\u015bci, \u017ce nagle, jak ona to zrobi, to na wszystkich sp\u0142ynie sprawiedliwo\u015b\u0107 z nieba i \u017ce wszyscy urz\u0119dnicy i s\u0119dziowie b\u0119d\u0105 wyczuleni na sprawiedliwo\u015b\u0107. By\u0142a jednak w wielkim b\u0142\u0119dzie, bo tak nie jest i nigdy nie b\u0119dzie \u2013 m\u00f3wi zasmucony Jaros\u0142aw Chojnacki, m\u0105\u017c kobiety.<\/p>\n<p>W\u0142a\u015bnie z m\u0119\u017cem 20 lat temu pani Krystyna za\u0142o\u017cy\u0142a firm\u0119 kosmetyczn\u0105. To wtedy kontrola skarbowa kaza\u0142a ma\u0142\u017ce\u0144stwu zap\u0142aci\u0107 podatek akcyzowy za konfekcjonowane (pakowane) kosmetyki. Jak si\u0119 p\u00f3\u017aniej okaza\u0142o \u2013 bezpodstawnie. Przez lata ma\u0142\u017ce\u0144stwo wygrywa\u0142o w s\u0105dzie kolejne sprawy, a Izba Celna sk\u0142ada\u0142a odwo\u0142ania. Ma\u0142\u017ce\u0144stwo Chojnackich w batalii z urz\u0119dnikami ca\u0142y czas by\u0142o wspierane przez Stowarzyszenie Niepokonani 2012.<\/p>\n<p>\u2013 Na dzie\u0144 przed \u015bmierci\u0105 odby\u0142a si\u0119 kolejna, 17. ju\u017c sprawa w s\u0105dzie administracyjnym w Gda\u0144sku i s\u0105d po raz siedemnasty orzek\u0142 skierowanie sprawy do ponownego rozpatrzenia, co jest praktycznie niedopuszczalne \u2013 podkre\u015bla \u0141ukasz Goyke ze stowarzyszenia.<\/p>\n<p>Chojnaccy walczyli w s\u0105dach, ale obawiaj\u0105c si\u0119 restrykcji urz\u0119du skarbowego ca\u0142y czas p\u0142acili podatek akcyzowy. Trzy lata temu musieli zamkn\u0105\u0107 firm\u0119, zwolni\u0107 30 pracownik\u00f3w i sprzeda\u0107 sw\u00f3j dom. \u2013 Trybuna\u0142 Konstytucyjny powiedzia\u0142, \u017ce pa\u0144stwo wobec mnie dzia\u0142a\u0142o nielegalnie, to teraz pa\u0144stwo musi mie\u0107 odwag\u0119, wobec lojalnego obywatela. Lojalne pa\u0144stwo musi naprawia\u0107 swoje b\u0142\u0119dy \u2013 uwa\u017ca pan Chojnacki.<\/p>\n<p>Izba Celna w Gdyni, kt\u00f3ra toczy s\u0105dow\u0105 batali\u0119, teraz ju\u017c tylko z Jaros\u0142awem Chojnackim, tak odpowiedzia\u0142a na nasza pro\u015bb\u0119 o komentarz: \u201eJeste\u015bmy poruszeni i zasmuceni \u015bmierci\u0105 Pani Krystyny Chojnackiej. Z tak\u0105 sytuacj\u0105 spotykamy si\u0119 po raz pierwszy i dla wszystkich, kt\u00f3rzy maj\u0105 z ni\u0105 do czynienia, jest ona trudna(..) Wyja\u015bnieniem okoliczno\u015bci \u015bmierci Pani Krystyny Chojnackiej zajmuj\u0105 si\u0119 odpowiednie organy i tylko one mog\u0105 udziela\u0107 komentarzy w tej sprawie\u201d.<\/p>\n<p>\u2013 Post\u0119powanie prowadzone jest w kierunku artyku\u0142u 151 kodeksu karnego, czyli doprowadzenia innej osoby do targni\u0119cia si\u0119 na w\u0142asne \u017cycie \u2013 poinformowa\u0142a Gra\u017cyna Wawryniuk z Prokuratury Okr\u0119gowej w Gda\u0144sku.<\/p>\n<p>Waldemar Stankiewicz ,TVP Info<\/p>\n","protected":false},"excerpt":{"rendered":"<p>Przez 21 lat w\u0142a\u015bcicielka firmy kosmetycznej z Kartuz walczy\u0142a o zwrot nienale\u017cnie pobranego podatku akcyzowego. Chodzi\u0142o o 3 mln z\u0142. Gdy 17. raz s\u0105d odes\u0142a\u0142 spraw\u0119 do ponownego rozpatrzenia, kobieta pope\u0142ni\u0142a samob\u00f3jstwo. Sprawa ju\u017c mia\u0142a mie\u0107 sw\u00f3j pozytywny fina\u0142, ale &hellip; <a href=\"https:\/\/www.bezprawie.pl\/?p=505\">Czytaj dalej <span class=\"meta-nav\">&rarr;<\/span><\/a><\/p>\n","protected":false},"author":1,"featured_media":0,"comment_status":"open","ping_status":"open","sticky":false,"template":"","format":"standard","meta":{"footnotes":""},"categories":[26,135],"tags":[],"class_list":["post-505","post","type-post","status-publish","format-standard","hentry","category-gdansk","category-kartuzy"],"_links":{"self":[{"href":"https:\/\/www.bezprawie.pl\/index.php?rest_route=\/wp\/v2\/posts\/505","targetHints":{"allow":["GET"]}}],"collection":[{"href":"https:\/\/www.bezprawie.pl\/index.php?rest_route=\/wp\/v2\/posts"}],"about":[{"href":"https:\/\/www.bezprawie.pl\/index.php?rest_route=\/wp\/v2\/types\/post"}],"author":[{"embeddable":true,"href":"https:\/\/www.bezprawie.pl\/index.php?rest_route=\/wp\/v2\/users\/1"}],"replies":[{"embeddable":true,"href":"https:\/\/www.bezprawie.pl\/index.php?rest_route=%2Fwp%2Fv2%2Fcomments&post=505"}],"version-history":[{"count":1,"href":"https:\/\/www.bezprawie.pl\/index.php?rest_route=\/wp\/v2\/posts\/505\/revisions"}],"predecessor-version":[{"id":506,"href":"https:\/\/www.bezprawie.pl\/index.php?rest_route=\/wp\/v2\/posts\/505\/revisions\/506"}],"wp:attachment":[{"href":"https:\/\/www.bezprawie.pl\/index.php?rest_route=%2Fwp%2Fv2%2Fmedia&parent=505"}],"wp:term":[{"taxonomy":"category","embeddable":true,"href":"https:\/\/www.bezprawie.pl\/index.php?rest_route=%2Fwp%2Fv2%2Fcategories&post=505"},{"taxonomy":"post_tag","embeddable":true,"href":"https:\/\/www.bezprawie.pl\/index.php?rest_route=%2Fwp%2Fv2%2Ftags&post=505"}],"curies":[{"name":"wp","href":"https:\/\/api.w.org\/{rel}","templated":true}]}}