{"id":514,"date":"2014-09-02T17:59:05","date_gmt":"2014-09-02T17:59:05","guid":{"rendered":"http:\/\/www.bezprawie.pl\/?p=514"},"modified":"2014-09-02T17:59:05","modified_gmt":"2014-09-02T17:59:05","slug":"hieny-z-votum-lowia-w-karczowce","status":"publish","type":"post","link":"https:\/\/www.bezprawie.pl\/?p=514","title":{"rendered":"Hieny z VOTUM \u0142owi\u0105 w Karcz\u00f3wce"},"content":{"rendered":"<p>Byli dzie\u0144 po tragedii. K\u0142amali, \u017ce ksi\u0105dz ich poleci\u0142. O\u015bwiadczenia pisa\u0142y nawet dzieci. Wezm\u0105 jedn\u0105 czwart\u0105 wywalczonego odszkodowania &#8211; opowiadaj\u0105 mieszka\u0144cy Karcz\u00f3wki, w kt\u00f3rej w szambie utopi\u0142o si\u0119 siedem os\u00f3b. W Karcz\u00f3wce pod \u017baganiem, 17 lipca, jeden z gospodarzy opr\u00f3\u017cnia\u0142 szambo, straci\u0142 przytomno\u015b\u0107 i wpad\u0142 do zbiornika. Na pomoc ruszy\u0142a mu rodzina i pracownicy. Zgin\u0119\u0142o siedem os\u00f3b.<\/p>\n<p>&#8211; To by\u0142o dzie\u0144 po tragedii &#8211; opowiada Bogus\u0142awa Czy\u017c, przyjaci\u00f3\u0142ka pani Janki, kt\u00f3ra straci\u0142a 17-letniego syna Andrzeja. &#8211; Przyjechali w dobrych garniturach. Budzili respekt. Pytali, gdzie mieszkaj\u0105 bliscy tych, co zgin\u0119li w szambie.<\/p>\n<p>17-latek dorabia\u0142 w gospodarstwie. W domu by\u0142o krucho, obieca\u0142 matce, \u017ce kupi jej now\u0105 pralk\u0119. Stra\u017cacy chowali go z honorami, bo dzia\u0142a\u0142 w dru\u017cynie OSP. Pomaga\u0142 budowa\u0107 remiz\u0119, my\u0142 w\u0119\u017ce i kaski starszym kolegom. Gdy gospodarze topili si\u0119 w szambie, ruszy\u0142 z pomoc\u0105.<\/p>\n<p><strong>Garnitury, bia\u0142e koszule<\/strong><\/p>\n<p>Agenci firm odszkodowawczych szukali najpierw kontaktu z rodzin\u0105 gospodarzy. &#8211; Ale wko\u0142o by\u0142o du\u017co ludzi. Przep\u0119dzili ich, jak dowiedzieli si\u0119, \u017ce chc\u0105 interes robi\u0107 na ludzkiej \u015bmierci. Ludzie p\u0142akali, a oni jak hieny cmentarne brali si\u0119 za podpisywanie um\u00f3w &#8211; opowiada Bogus\u0142awa Czy\u017c.<\/p>\n<p>Agenci &#8211; wed\u0142ug mieszka\u0144c\u00f3w by\u0142o ich trzech &#8211; pojechali do s\u0105siedniej Brze\u017anicy. To w\u0142a\u015bnie tam mieszka rodzina Andrzeja. Matka nie chcia\u0142a rozmawia\u0107, ale agenci szybko j\u0105 przekonali.<\/p>\n<p>&#8211; Powo\u0142ali si\u0119 na znajomo\u015b\u0107 z ksi\u0119dzem z Czerwie\u0144ska pod Zielon\u0105 G\u00f3r\u0105. Mia\u0142 zna\u0107 dobrze proboszcza z Brze\u017anicy. M\u00f3wili, \u017ce z ksi\u0119\u017cowskiego polecenia przyszli pom\u00f3c rodzinie. Bez tego, jak ja znam, Janka, zamkn\u0119\u0142aby im drzwi przed nosem. Ufa ksi\u0119dzu &#8211; opowiada Czy\u017c. &#8211; Sprytnie zagrali. Proboszcza nie by\u0142o we wsi, wyjecha\u0142 na urlop &#8211; t\u0142umaczy Czy\u017c.<\/p>\n<p>Tadeusz Buganik, mieszkaniec Karcz\u00f3wki: &#8211; Pani Janka by\u0142a w szoku. My\u015bl\u0119, \u017ce nie wiedzia\u0142a, co podpisuje. Kto w takiej chwili trze\u017awo ocenia sytuacj\u0119. Buganik da\u0142 zna\u0107 koledze. Kazimierz Pa\u0144tak, radny lubuskiego sejmiku, jest z zawodu prawnikiem, natychmiast przyjecha\u0142 na wie\u015b. Spotka\u0142 si\u0119 z kobiet\u0105.<\/p>\n<p><strong>Mecenas: To niemoralne<\/strong><\/p>\n<p>Pa\u0144tak przeprowadzi\u0142 ma\u0142e \u015bledztwo. Wysz\u0142o, \u017ce \u017caden ksi\u0105dz nie rozmawia\u0142 z agentami. &#8211; A ju\u017c na pewno ich nie poleca\u0142. Tak si\u0119 sk\u0142ada, \u017ce znam ksi\u0119dza z Czerwie\u0144ska osobi\u015bcie. Z nikim nie rozmawia\u0142 o sprawie. To, co zrobili agenci firmy odszkodowawczej, to zwyk\u0142e hochsztaplerstwo &#8211; z\u0142o\u015bci si\u0119 Pa\u0144tak. &#8211; Bo jak inaczej to traktowa\u0107. Przyjazd z umow\u0105 w r\u0119ku dzie\u0144 po tragedii jest niemoralny, niezgodne z etyk\u0105 prawnicz\u0105. Wiadomo, \u017ce bliscy zmar\u0142ych nie s\u0105 w stanie podejmowa\u0107 \u015bwiadomych decyzji w obliczu takiej tragedii &#8211; t\u0142umaczy Pa\u0144tak.<\/p>\n<p>Mecenas zwraca uwag\u0119 25 proc. kwoty w umowie. Tyle rodziny oddadz\u0105 firmie z wywalczonych odszkodowa\u0144. &#8211; To astronomiczne honorarium. Rodzina nie powinna zgadza\u0107 si\u0119 na takie warunki &#8211; t\u0142umaczy Pa\u0144tak. Sam zaoferowa\u0142 bezp\u0142atn\u0105 pomoc prawn\u0105, by skutecznie i bez kar zerwa\u0107 podpisane umowy. &#8211; Nie wyobra\u017cam sobie, \u017ceby zarabia\u0107 na tych ludziach i to takie pieni\u0105dze &#8211; m\u00f3wi.<\/p>\n<p>Pa\u0144tak pokazuje te\u017c podpisy pod umow\u0105 dzieci, rodze\u0144stwa Andrzeja. Spisane zosta\u0142y m.in. odczucia 10-letniego ch\u0142opca.<\/p>\n<p>&#8211; Wygl\u0105da to tak, jakby pieni\u0105dze przes\u0142oni\u0142y im wszystko, nie zwa\u017cali na dzieci, kt\u00f3re prze\u017cywaj\u0105 \u015bmier\u0107 brata. Jak s\u0119py &#8211; ocenia.<\/p>\n<p><strong>P\u0142akali\u015bmy razem z Adasiem, a z nami ca\u0142a kolonia<\/strong><\/p>\n<p>Pani Janka wype\u0142ni\u0142a dokumenty zg\u0142aszaj\u0105ce szkod\u0119, podpisa\u0142a je tak\u017ce w imieniu czw\u00f3rki swoich niepe\u0142noletnich dzieci. Maluchy mia\u0142y w deklaracjach opowiedzie\u0107, co czuj\u0105 po stracie brata, jak bardzo jego \u015bmier\u0107 wp\u0142yn\u0119\u0142a na ich \u017cycie. Niekt\u00f3re o\u015bwiadczenia pisa\u0142y same, odr\u0119cznie.<\/p>\n<p>&#8211; Zmar\u0142y Andrzej by\u0142 moim bratem, jak to z bratem bywa\u0142o r\u00f3\u017cnie, raz na wozie, raz pod wozem, ale kocha\u0142em go. Teraz zosta\u0142a pustka i \u017cal. Wielki \u017cal. I nic nam go nie zwr\u00f3ci &#8211; pisze 14-letni Krzysztof.<\/p>\n<p>&#8211; By\u0142 kochanym, uczynnym i pracowitym cz\u0142owiekiem. Bardzo przezywam jego \u015bmier\u0107, byli\u015bmy ze sob\u0105 bardzo z\u017cyci. Zosta\u0142a po nim tylko pustka i b\u00f3l &#8211; pisze 10-latek.<\/p>\n<p>13-letnia siostra: &#8211; Wsp\u00f3lnie bawili\u015bmy si\u0119 w r\u00f3\u017cne zabawy na podw\u00f3rku, lubi\u0142 \u017cartowa\u0107 ze mn\u0105, opiekowa\u0142 si\u0119 mn\u0105 i zwierz\u0119tami. Po stracie brata odczuwam smutek, t\u0119sknot\u0119, brakuje mi jego humory i pomocy. Bardzo p\u0142aka\u0142am.<\/p>\n<p>&#8211; Dowiedzia\u0142em si\u0119 o \u015bmierci brata, kiedy by\u0142em na kolonii. P\u0142akali\u015bmy razem z Adasiem, a z nami ca\u0142a kolonia. Natychmiast chcieli\u015bmy wraca\u0107 do domu, \u017ceby by\u0107 z mam\u0105 (&#8230;) Andrzej by\u0142 kochanym bratem, zawsze mog\u0142em na niego liczy\u0107&#8221; &#8211; pisze ostatnie z rodze\u0144stwa.<\/p>\n<p>Matka doda\u0142a kilka zda\u0144. &#8211; W tym stanie, w jakim jestem dzisiaj, nie jestem w stanie napisa\u0107 nic wi\u0119cej.<\/p>\n<p>Czy\u017c: &#8211; Nie wiedzieli, co pisa\u0107 i jak, ale mieli napisa\u0107 pod dyktando, bo tak trzeba&#8230; To straszne &#8211; m\u00f3wi. Nie dziwi j\u0105 zgoda matki. &#8211; By\u0142a w szoku. Kto\u015b jej wm\u00f3wi\u0142, \u017ce tak trzeba, to pisa\u0142a. Teraz martwi si\u0119, \u017ce trzeba b\u0119dzie p\u0142aci\u0107 prawnikom za spraw\u0119. Jej na to nie sta\u0107 &#8211; t\u0142umaczy Czy\u017c.<\/p>\n<p>Firma <strong>Votum<\/strong> z Wroc\u0142awia zapewnia, \u017ce rodzina mo\u017ce w ka\u017cdej chwili wycofa\u0107 si\u0119 z ich pomocy. Twierdzi, \u017ce nie wi\u0105\u017ce si\u0119 to w \u017caden spos\u00f3b z zap\u0142at\u0105 jakikolwiek kar umownych.<\/p>\n<p>Okr\u0119gowa Rada Adwokacka w Zielonej G\u00f3rze zadeklarowa\u0142a kilka dni po tragedii w Karcz\u00f3wce bezp\u0142atn\u0105 pomoc prawn\u0105 dla rodzin ofiar.<br \/>\n&#8211; Deklaracja taka zosta\u0142a z\u0142o\u017cona na r\u0119ce sekretarza gminy Brze\u017anica &#8211; m\u00f3wi Krzysztof Szyma\u0144ski, dziekan Okr\u0119gowej Rady Adwokackiej w Zielonej G\u00f3rze.<\/p>\n<p><em>Votum: Podpisujemy umowy w dogodnym terminie dla klienta<\/em><\/p>\n<p><strong><em>Maja Sa\u0142wacka<\/em><\/strong>: &#8211; <strong>Czy jest to cz\u0119st\u0105 praktyk\u0105 pa\u0144stwa agent\u00f3w, by podpisywali umowy z poszkodowanymi w dniu lub dzie\u0144 po tragedii? Zw\u0142aszcza po \u015bmierci bliskiej osoby?<\/strong><br \/>\n<strong><em>Bart\u0142omiej Krupa<\/em><\/strong>, dyrektor Departamentu Prawnego, cz\u0142onek zarz\u0105du firmy: &#8211; Przedstawiciele Votum SA nie s\u0105 upowa\u017cnieni do podpisania umowy, a jedynie do prezentacji oferty oraz odebrania zam\u00f3wienia na us\u0142ug\u0119 dochodzenia roszcze\u0144. Umowa jest podpisywana przez prawnik\u00f3w z centrali firmy po analizie okoliczno\u015bci sprawy. Prezentacja oferty odbywa si\u0119 w terminie uzgodnionym z osobami poszkodowanymi.<\/p>\n<p><strong>Kto mo\u017ce zosta\u0107 pa\u0144stwa agentem? Jakie warunki trzeba spe\u0142ni\u0107?<\/strong><br \/>\nPrzedstawicielem Votum SA mo\u017ce zosta\u0107 wy\u0142\u0105cznie osoba, kt\u00f3ra mo\u017ce wykaza\u0107 si\u0119 niekaralno\u015bci\u0105 potwierdzon\u0105 wypisem z Krajowego Rejestru Karnego. Oczywi\u015bcie w procesie rekrutacji brane s\u0105 r\u00f3wnie\u017c pod uwag\u0119 inne cechy, kt\u00f3re obok rzetelno\u015bci maj\u0105 doprowadzi\u0107 do wsp\u00f3\u0142pracy z osobami, kt\u00f3re wykazuj\u0105 si\u0119 w\u0142a\u015bciwym poziomem empatii.<\/p>\n<p><strong>Czy agenci s\u0105 szkoleni, jak nale\u017cy rozmawia\u0107 z osobami, kt\u00f3re straci\u0142y bliskich?<\/strong><br \/>\nPrzedstawiciele regionalni s\u0105 zobligowani do systematycznego udzia\u0142u w szkoleniach po\u015bwi\u0119conych mo\u017cliwo\u015bci dochodzenia roszcze\u0144 odszkodowawczych dla os\u00f3b poszkodowanych. Obok szkole\u0144 prawnych Votum SA przeprowadza szkolenia z udzia\u0142em psycholog\u00f3w.<\/p>\n<p><strong>Jeden z waszych agent\u00f3w nam\u00f3wi\u0142 rodzin\u0119 do podpisania deklaracji, t\u0142umacz\u0105c, \u017ce zosta\u0142 polecony przez ksi\u0119dza. Rodzina twierdzi, \u017ce tylko z tego powodu mu zaufa\u0142a. Ksi\u0105dz zaprzecza, by da\u0142 tak\u0105 rekomendacj\u0119. Czy takie o standardy zawierania um\u00f3w s\u0105 cz\u0119stymi praktykami w pa\u0144stwa firmie?<\/strong><br \/>\nNie posiadam informacji, aby taka sytuacja mia\u0142a miejsce.<\/p>\n<p><strong>Umow\u0119 podpisano tak\u017ce z niepe\u0142noletnim rodze\u0144stwem ofiary wypadku. W o\u015bwiadczeniach dzieci musia\u0142y opisa\u0107 swoje relacje z bratem, sw\u00f3j stan emocjonalny po stracie bliskiego cz\u0142onka rodziny. Czy s\u0105 to cz\u0119ste praktyki waszych agent\u00f3w i czy pa\u0144stwo si\u0119 na to zgadzacie jako firma?<\/strong><br \/>\nDochodzenie roszcze\u0144 na rzecz os\u00f3b ma\u0142oletnich wymaga zawarcia umowy z przedstawicielem ustawowym takiej osoby. W przypadku dochodzenia roszcze\u0144 zwi\u0105zanych z rekompensat\u0105 za krzywd\u0119, istotnym dowodem wp\u0142ywaj\u0105cym na uzyskanie zado\u015b\u0107uczynienia w nale\u017cnej kwocie, jest o\u015bwiadczenie osoby poszkodowanej. W przypadku ma\u0142oletnich, kt\u00f3rzy ze wzgl\u0119du na wiek nie mog\u0105 sporz\u0105dzi\u0107 takiego o\u015bwiadczenia, mo\u017ce je sporz\u0105dzi\u0107 rodzic lub opiekun.<\/p>\n<p><a href=\"http:\/\/zielonagora.gazeta.pl\/zielonagora\/1,35182,16439011,Klamali__ze_ksiadz_ich_polecil__Agenci_juz_przy_rodzinach.html#ixzz3A1Sa2uss\" title=\"Hieny z VOTUM\" target=\"_blank\">Ca\u0142y tekst: gazeta.pl<\/a><\/p>\n","protected":false},"excerpt":{"rendered":"<p>Byli dzie\u0144 po tragedii. K\u0142amali, \u017ce ksi\u0105dz ich poleci\u0142. O\u015bwiadczenia pisa\u0142y nawet dzieci. Wezm\u0105 jedn\u0105 czwart\u0105 wywalczonego odszkodowania &#8211; opowiadaj\u0105 mieszka\u0144cy Karcz\u00f3wki, w kt\u00f3rej w szambie utopi\u0142o si\u0119 siedem os\u00f3b. W Karcz\u00f3wce pod \u017baganiem, 17 lipca, jeden z gospodarzy opr\u00f3\u017cnia\u0142 &hellip; <a href=\"https:\/\/www.bezprawie.pl\/?p=514\">Czytaj dalej <span class=\"meta-nav\">&rarr;<\/span><\/a><\/p>\n","protected":false},"author":1,"featured_media":0,"comment_status":"open","ping_status":"open","sticky":false,"template":"","format":"standard","meta":{"footnotes":""},"categories":[3],"tags":[50],"class_list":["post-514","post","type-post","status-publish","format-standard","hentry","category-polska","tag-votum"],"_links":{"self":[{"href":"https:\/\/www.bezprawie.pl\/index.php?rest_route=\/wp\/v2\/posts\/514","targetHints":{"allow":["GET"]}}],"collection":[{"href":"https:\/\/www.bezprawie.pl\/index.php?rest_route=\/wp\/v2\/posts"}],"about":[{"href":"https:\/\/www.bezprawie.pl\/index.php?rest_route=\/wp\/v2\/types\/post"}],"author":[{"embeddable":true,"href":"https:\/\/www.bezprawie.pl\/index.php?rest_route=\/wp\/v2\/users\/1"}],"replies":[{"embeddable":true,"href":"https:\/\/www.bezprawie.pl\/index.php?rest_route=%2Fwp%2Fv2%2Fcomments&post=514"}],"version-history":[{"count":1,"href":"https:\/\/www.bezprawie.pl\/index.php?rest_route=\/wp\/v2\/posts\/514\/revisions"}],"predecessor-version":[{"id":515,"href":"https:\/\/www.bezprawie.pl\/index.php?rest_route=\/wp\/v2\/posts\/514\/revisions\/515"}],"wp:attachment":[{"href":"https:\/\/www.bezprawie.pl\/index.php?rest_route=%2Fwp%2Fv2%2Fmedia&parent=514"}],"wp:term":[{"taxonomy":"category","embeddable":true,"href":"https:\/\/www.bezprawie.pl\/index.php?rest_route=%2Fwp%2Fv2%2Fcategories&post=514"},{"taxonomy":"post_tag","embeddable":true,"href":"https:\/\/www.bezprawie.pl\/index.php?rest_route=%2Fwp%2Fv2%2Ftags&post=514"}],"curies":[{"name":"wp","href":"https:\/\/api.w.org\/{rel}","templated":true}]}}