{"id":520,"date":"2014-09-09T15:17:57","date_gmt":"2014-09-09T15:17:57","guid":{"rendered":"http:\/\/www.bezprawie.pl\/?p=520"},"modified":"2014-09-09T15:17:57","modified_gmt":"2014-09-09T15:17:57","slug":"wplacil-grzywne-za-mezczyzne-ktory-ukradl-wafelek-za-99-groszy-sad-jest-winny-ale-nie-poniesie-kary","status":"publish","type":"post","link":"https:\/\/www.bezprawie.pl\/?p=520","title":{"rendered":"Wp\u0142aci\u0142 grzywn\u0119 za m\u0119\u017cczyzn\u0119, kt\u00f3ry ukrad\u0142 wafelek za 99 groszy. S\u0105d: Jest winny, ale nie poniesie kary"},"content":{"rendered":"<p>S\u0105d Okr\u0119gowy w Koszalinie utrzyma\u0142 wyrok ws. dyrektora koszali\u0144skiego wi\u0119ziennictwa p\u0142k. Krzysztofa Olkowicza, kt\u00f3ry wp\u0142aci\u0142 grzywn\u0119 za osadzonego w areszcie niepe\u0142nosprawnego intelektualnie m\u0119\u017cczyzn\u0119. W maju s\u0105d uzna\u0142 go za winnego i nie wymierzy\u0142 kary; teraz podtrzymano wymierzony wtedy wyrok.<br \/>\nSzef koszali\u0144skiego wi\u0119ziennictwa odwo\u0142a\u0142 si\u0119 od decyzji s\u0105du I instancji, bo czu\u0142 si\u0119 niewinny. Przed rozpraw\u0105 powiedzia\u0142, \u017ce gdyby sytuacja si\u0119 powt\u00f3rzy\u0142a, post\u0105pi\u0142by tak samo. W jego ocenie spraw\u0105 nigdy nie powinna zajmowa\u0107 si\u0119 policja i s\u0105d, a niepe\u0142nosprawny m\u0119\u017cczyzna nie powinien w og\u00f3le znale\u017a\u0107 si\u0119 w areszcie.<\/p>\n<p>&#8211; Niedopuszczalne zachowanie osoby piastuj\u0105cej wa\u017cne stanowisko w systemie s\u0142u\u017cby wi\u0119ziennej. Powinna ona powzi\u0105\u0107 dzia\u0142ania zgodne z prawem, dzia\u0142ania profesjonalne &#8211; m\u00f3wi\u0142a dzi\u015b s\u0119dzia Renata Rzepecka-Gawrysiak, uzasadniaj\u0105c szkodliwo\u015b\u0107 czynu. Dyrektor musi zap\u0142aci\u0107 80 z\u0142 koszt\u00f3w s\u0105dowych<\/p>\n<p>P\u0142k Olkowicz nie zosta\u0142 ukarany, musi jedynie wp\u0142aci\u0107 80z\u0142 koszt\u00f3w s\u0105dowych, bo dopu\u015bci\u0142 si\u0119 wykroczenia. Dyrektora koszali\u0144skiego wi\u0119ziennictwa nie b\u0119dzie mie\u0107 te\u017c k\u0142opot\u00f3w w pracy z powodu swojego post\u0119powania.<\/p>\n<p>M\u0119\u017cczyzna zapowiada jednak, \u017ce o swoje dobre imi\u0119 b\u0119dzie walczy\u0107 przed S\u0105dem Najwy\u017cszym, bo &#8222;nie czuje si\u0119 winny&#8221;.<\/p>\n<p><strong>Na dyrektora do Ministerstwa Sprawiedliwo\u015bci donie\u015bli podw\u0142adni<\/strong><\/p>\n<p>W maju Olkowiczowi nie wymierzono kary, bo podejmowane przez niego dzia\u0142ania &#8211; w ocenie s\u0105du &#8211; &#8222;zmierza\u0142y do tego, aby doprowadzi\u0107 do jak najszybszego, wr\u0119cz natychmiastowego zwolnienia Arkadiusza K., czego nie mo\u017cna oceni\u0107 nagannie&#8221;.<\/p>\n<p>Olkowicz zap\u0142aci\u0142 40 z\u0142 grzywny za m\u0119\u017cczyzn\u0119, kt\u00f3ry znalaz\u0142 si\u0119 w areszcie po kradzie\u017cy wafelka wartego 99 groszy. Sprawa trafi\u0142a na wokand\u0119 po tym, jak o wp\u0142aceniu grzywny za ubezw\u0142asnowolnionego Arkadiusza K. do Ministerstwa Sprawiedliwo\u015bci donie\u015bli podw\u0142adni Olkowicza. Powiadomili oni resort o podejrzeniu naruszenia przez dyrektora przepisu, kt\u00f3ry zabrania uiszczania za wi\u0119\u017ania grzywny, je\u015bli nie jest si\u0119 blisk\u0105 mu osob\u0105.<\/p>\n<p><strong>Olkowicz wp\u0142aci\u0142 grzywn\u0119 za m\u0119\u017cczyzn\u0119, kt\u00f3ry ukrad\u0142 wafelek za 99 groszy<\/strong><\/p>\n<p>Arkadiusz K. trafi\u0142 do koszali\u0144skiego aresztu 3 wrze\u015bnia 2013 r., bo nie zap\u0142aci\u0142 100 z\u0142 grzywny za kradzie\u017c wafelka wartego 99 gr. Grzywn\u0119 zamieniono mu na 5 dni aresztu. O powodach jego osadzenia Olkowicz dowiedzia\u0142 si\u0119 trzy dni p\u00f3\u017aniej. Zaprosi\u0142 wi\u0119\u017ania na rozmow\u0119, po kt\u00f3rej nabra\u0142 podejrze\u0144, \u017ce Arkadiusz K. cierpi na jakie\u015b schorzenie psychiczne i nie powinien przebywa\u0107 w areszcie.<\/p>\n<p>Po uzyskaniu dodatkowych informacji na temat Arkadiusza K., kt\u00f3rego wcze\u015bniej nie zna\u0142, Olkowicz zdecydowa\u0142 o zap\u0142aceniu za niego 40 z\u0142 grzywny, by m\u00f3g\u0142 on wcze\u015bniej wyj\u015b\u0107 na wolno\u015b\u0107. Tak te\u017c si\u0119 sta\u0142o &#8211; 6 wrze\u015bnia 2013 r. m\u0119\u017cczyzna opu\u015bci\u0142 areszt. <\/p>\n<p>gazeta.pl<\/p>\n","protected":false},"excerpt":{"rendered":"<p>S\u0105d Okr\u0119gowy w Koszalinie utrzyma\u0142 wyrok ws. dyrektora koszali\u0144skiego wi\u0119ziennictwa p\u0142k. Krzysztofa Olkowicza, kt\u00f3ry wp\u0142aci\u0142 grzywn\u0119 za osadzonego w areszcie niepe\u0142nosprawnego intelektualnie m\u0119\u017cczyzn\u0119. W maju s\u0105d uzna\u0142 go za winnego i nie wymierzy\u0142 kary; teraz podtrzymano wymierzony wtedy wyrok. Szef &hellip; <a href=\"https:\/\/www.bezprawie.pl\/?p=520\">Czytaj dalej <span class=\"meta-nav\">&rarr;<\/span><\/a><\/p>\n","protected":false},"author":1,"featured_media":0,"comment_status":"open","ping_status":"open","sticky":false,"template":"","format":"standard","meta":{"footnotes":""},"categories":[137],"tags":[18],"class_list":["post-520","post","type-post","status-publish","format-standard","hentry","category-koszalin","tag-sad"],"_links":{"self":[{"href":"https:\/\/www.bezprawie.pl\/index.php?rest_route=\/wp\/v2\/posts\/520","targetHints":{"allow":["GET"]}}],"collection":[{"href":"https:\/\/www.bezprawie.pl\/index.php?rest_route=\/wp\/v2\/posts"}],"about":[{"href":"https:\/\/www.bezprawie.pl\/index.php?rest_route=\/wp\/v2\/types\/post"}],"author":[{"embeddable":true,"href":"https:\/\/www.bezprawie.pl\/index.php?rest_route=\/wp\/v2\/users\/1"}],"replies":[{"embeddable":true,"href":"https:\/\/www.bezprawie.pl\/index.php?rest_route=%2Fwp%2Fv2%2Fcomments&post=520"}],"version-history":[{"count":1,"href":"https:\/\/www.bezprawie.pl\/index.php?rest_route=\/wp\/v2\/posts\/520\/revisions"}],"predecessor-version":[{"id":521,"href":"https:\/\/www.bezprawie.pl\/index.php?rest_route=\/wp\/v2\/posts\/520\/revisions\/521"}],"wp:attachment":[{"href":"https:\/\/www.bezprawie.pl\/index.php?rest_route=%2Fwp%2Fv2%2Fmedia&parent=520"}],"wp:term":[{"taxonomy":"category","embeddable":true,"href":"https:\/\/www.bezprawie.pl\/index.php?rest_route=%2Fwp%2Fv2%2Fcategories&post=520"},{"taxonomy":"post_tag","embeddable":true,"href":"https:\/\/www.bezprawie.pl\/index.php?rest_route=%2Fwp%2Fv2%2Ftags&post=520"}],"curies":[{"name":"wp","href":"https:\/\/api.w.org\/{rel}","templated":true}]}}