{"id":53,"date":"2008-06-03T20:36:56","date_gmt":"2008-06-03T20:36:56","guid":{"rendered":"http:\/\/bezprawie.pl\/?p=53"},"modified":"2010-07-25T20:39:50","modified_gmt":"2010-07-25T20:39:50","slug":"dzierzoniow-skandal-w-prokuraturze","status":"publish","type":"post","link":"https:\/\/www.bezprawie.pl\/?p=53","title":{"rendered":"Dzier\u017coni\u00f3w: Skandal w prokuraturze"},"content":{"rendered":"<p>O tym jak dba Prokuratura Rejonowa w Dzier\u017coniowie o zajmowanie w tajemnicy danych osobowych przekonali\u015bmy si\u0119 kilka razy. Generalnie prokurator <strong>Zbigniew Kata<\/strong> odmawia naszym dziennikarzom dost\u0119pu do akt jakiejkolwiek sprawy, t\u0142umacz\u0105c to ochron\u0105 danych osobowych. Nawet je\u015bli dotyczy to os\u00f3b powszechnie znanych, np. polityk\u00f3w czy te\u017c spraw, w kt\u00f3rych w\u0142a\u015bciwie nie o dane osobowe chodzi i trudno o ich naruszenie. Czy w ten spos\u00f3b Pan prokurator chce chroni\u0107 dane osobowe czy mo\u017ce sprawc\u00f3w przest\u0119pstw niestety nie wiemy.<\/p>\n<p>Okazuje si\u0119 jednak, i\u017c w praktyce ochrona danych osobowych w Prokuraturze Rejonowej w Dzier\u017coniowie to jedna wielka fikcja. W\u0142a\u015bciwe ka\u017cdy, kto chce cokolwiek za\u0142atwi\u0107 w tym urz\u0119dzie mo\u017ce natkn\u0105\u0107 si\u0119 na dane osobowe i nie tylko te dane. Informacje te dociera\u0142y od naszych czytelnik\u00f3w i potwierdzili\u015bmy je osobi\u015bcie.<\/p>\n<p><a href=\"http:\/\/bezprawie.pl\/wp-content\/uploads\/0306akta.jpg\"><img loading=\"lazy\" decoding=\"async\" src=\"http:\/\/bezprawie.pl\/wp-content\/uploads\/0306akta-222x300.jpg\" alt=\"Akta\" title=\"Akta\" width=\"222\" height=\"300\" class=\"aligncenter size-medium wp-image-54\" srcset=\"https:\/\/www.bezprawie.pl\/wp-content\/uploads\/0306akta-222x300.jpg 222w, https:\/\/www.bezprawie.pl\/wp-content\/uploads\/0306akta-761x1024.jpg 761w, https:\/\/www.bezprawie.pl\/wp-content\/uploads\/0306akta.jpg 970w\" sizes=\"auto, (max-width: 222px) 100vw, 222px\" \/><\/a><\/p>\n<p>Jedna wizyta wystarczy\u0142a aby\u015bmy si\u0119 bez trudu dowiedzieli &#8211; z walaj\u0105cych si\u0119 po prokuraturze akt &#8211; \u017ce np. pewien obywatel W\u0142och (inicja\u0142y M.M. &#8211; znamy pe\u0142ne dane osobowe!) spowodowa\u0142 wypadek w stanie nietrze\u017awo\u015bci \u2013 sygnatura akt. Ds. 721\/08. Z akt dowiedzie\u0107 si\u0119 mo\u017cna, i\u017c cz\u0119\u015b\u0107 dokumentacji ma by\u0107 przet\u0142umaczona na j\u0119zyk W\u0142oski.<\/p>\n<p>Inn\u0105 sprawa zakrawa na prawdziwy skandal. Bez problemu &#8211; te\u017c z walaj\u0105cych si\u0119 po prokuraturze akt &#8211; mo\u017cna dowiedzie\u0107 si\u0119 o wydanym przez prokurator <strong>E. Gasto\u0142ek<\/strong> postanowieniu (tre\u015bci postanowienia nie ujawniamy). Postanowienie dotyczy Pana Henryka P. i skierowane jest miedzy innymi do bieg\u0142ych z poradni zdrowia psychicznego w Dzier\u017coniowie. W tej sprawie nie ujawnimy wi\u0119cej szczeg\u00f3\u0142\u00f3w, aby w przeciwie\u0144stwie do Prokuratury Rejonowej w Dzier\u017coniowie zachowa\u0107 w tajemnicy dane osobowe, jak i te obj\u0119te tajemnic\u0105 lekarsk\u0105.<\/p>\n<p>O sprawie poinformowali\u015bmy Prokuratur\u0119 Apelacyjn\u0105 we Wroc\u0142awiu jak i Prokuratur\u0119 Okr\u0119gow\u0105 w \u015awidnicy.<\/p>\n","protected":false},"excerpt":{"rendered":"<p>O tym jak dba Prokuratura Rejonowa w Dzier\u017coniowie o zajmowanie w tajemnicy danych osobowych przekonali\u015bmy si\u0119 kilka razy. Generalnie prokurator Zbigniew Kata odmawia naszym dziennikarzom dost\u0119pu do akt jakiejkolwiek sprawy, t\u0142umacz\u0105c to ochron\u0105 danych osobowych. Nawet je\u015bli dotyczy to os\u00f3b &hellip; <a href=\"https:\/\/www.bezprawie.pl\/?p=53\">Czytaj dalej <span class=\"meta-nav\">&rarr;<\/span><\/a><\/p>\n","protected":false},"author":1,"featured_media":0,"comment_status":"open","ping_status":"open","sticky":false,"template":"","format":"standard","meta":{"footnotes":""},"categories":[7],"tags":[17],"class_list":["post-53","post","type-post","status-publish","format-standard","hentry","category-dzierzoniow","tag-prokuratura"],"_links":{"self":[{"href":"https:\/\/www.bezprawie.pl\/index.php?rest_route=\/wp\/v2\/posts\/53","targetHints":{"allow":["GET"]}}],"collection":[{"href":"https:\/\/www.bezprawie.pl\/index.php?rest_route=\/wp\/v2\/posts"}],"about":[{"href":"https:\/\/www.bezprawie.pl\/index.php?rest_route=\/wp\/v2\/types\/post"}],"author":[{"embeddable":true,"href":"https:\/\/www.bezprawie.pl\/index.php?rest_route=\/wp\/v2\/users\/1"}],"replies":[{"embeddable":true,"href":"https:\/\/www.bezprawie.pl\/index.php?rest_route=%2Fwp%2Fv2%2Fcomments&post=53"}],"version-history":[{"count":3,"href":"https:\/\/www.bezprawie.pl\/index.php?rest_route=\/wp\/v2\/posts\/53\/revisions"}],"predecessor-version":[{"id":57,"href":"https:\/\/www.bezprawie.pl\/index.php?rest_route=\/wp\/v2\/posts\/53\/revisions\/57"}],"wp:attachment":[{"href":"https:\/\/www.bezprawie.pl\/index.php?rest_route=%2Fwp%2Fv2%2Fmedia&parent=53"}],"wp:term":[{"taxonomy":"category","embeddable":true,"href":"https:\/\/www.bezprawie.pl\/index.php?rest_route=%2Fwp%2Fv2%2Fcategories&post=53"},{"taxonomy":"post_tag","embeddable":true,"href":"https:\/\/www.bezprawie.pl\/index.php?rest_route=%2Fwp%2Fv2%2Ftags&post=53"}],"curies":[{"name":"wp","href":"https:\/\/api.w.org\/{rel}","templated":true}]}}