{"id":535,"date":"2015-02-05T09:32:51","date_gmt":"2015-02-05T09:32:51","guid":{"rendered":"http:\/\/www.bezprawie.pl\/?p=535"},"modified":"2015-02-05T09:32:51","modified_gmt":"2015-02-05T09:32:51","slug":"wroclaw-skazany-byly-posel-na-wolnosci-powod-sedziowie-zapomnieli-o-obroncy","status":"publish","type":"post","link":"https:\/\/www.bezprawie.pl\/?p=535","title":{"rendered":"Wroc\u0142aw: Skazany by\u0142y pose\u0142 na wolno\u015bci. Pow\u00f3d? S\u0119dziowie zapomnieli o obro\u0144cy&#8230;"},"content":{"rendered":"<p>Wroc\u0142awski przedsi\u0119biorca i by\u0142y pose\u0142 Zenon M. mia\u0142 wy\u0142udzi\u0107 przesz\u0142o 22 mln z\u0142 bankowych kredyt\u00f3w. Wszystko dzia\u0142o si\u0119 przed pi\u0119tnastoma laty. Ale do dzi\u015b nie mo\u017ce zapa\u015b\u0107 prawomocny wyrok w tej sprawie. Kilka miesi\u0119cy temu S\u0105d Najwy\u017cszy \u2013 ju\u017c drugi raz z rz\u0119du \u2013 uchyli\u0142 wyrok pi\u0119ciu lat wi\u0119zienia. Pow\u00f3d? Banalny. Wroc\u0142awski S\u0105d Apelacyjny nie zawiadomi\u0142 o rozprawie jednego z dw\u00f3ch obro\u0144c\u00f3w oskar\u017conego biznesmena. <\/p>\n<p>Teraz rozpraw\u0119 trzeba b\u0119dzie powt\u00f3rzy\u0107. Pierwszy raz Zenon M. zosta\u0142 skazany w 2011 roku przez wroc\u0142awski S\u0105d Okr\u0119gowy. Wyrok ten utrzyma\u0142 S\u0105d Apelacyjny ale uchyli\u0142 Najwy\u017cszy w 2012 roku. Nakaza\u0142 przes\u0142uchanie w S\u0105dzie Apelacyjnym jednego ze \u015bwiadk\u00f3w. W 2013 roku zapad\u0142 kolejny wyrok \u2013 pi\u0119ciu lat wi\u0119zienia. <\/p>\n<p>Oskar\u017conego broni\u0142o dw\u00f3ch adwokat\u00f3w. O terminie rozprawy \u2013 na kt\u00f3rej mieli przemawia\u0107 obro\u0144cy \u2013 zawiadomiono tylko jednego. <\/p>\n<p>W kasacji od tego wyroku obro\u0144cy Zenona M. przekonywali, \u017ce to ograniczenie prawa do obrony. Bardzo powa\u017cny zarzut. Cho\u0107 mieli znacznie wi\u0119cej zarzut\u00f3w do wyroku S\u0105du Apelacyjnego. <\/p>\n<p>Ale S\u0105d Najwy\u017cszy w og\u00f3le nie zajmowa\u0142 si\u0119 innymi argumentami za uchyleniem wyroku pi\u0119ciu lat. Wystarczy\u0142a tylko ta jedna sprawa \u2013 nie zawiadomiony obro\u0144ca. W lutym kolejny ju\u017c wi\u0119c raz \u2013 trzeci w ci\u0105gu ostatnich czterech lat \u2013 S\u0105d Apelacyjny b\u0119dzie si\u0119 zajmowa\u0142 spraw\u0105 Zenona M. <\/p>\n<p>Przed laty by\u0142 on jednym z najbogatszych wroc\u0142awian. Sponsorowa\u0142 dru\u017cyn\u0119 koszykarsk\u0105. Na pocz\u0105tku lat 90-tych by\u0142 pos\u0142em. Z kolei na pocz\u0105tku kolejnej dekady trafi\u0142 do aresztu. W\u0142a\u015bnie m.in. w zwi\u0105zku z podejrzeniami wy\u0142udzania bankowych kredyt\u00f3w. <\/p>\n<p>Kiedy przed rokiem przypominali\u015bmy jego sylwetk\u0119 m\u00f3wi\u0142 nam, ze jest pewien uchylenia przez S\u0105d Najwy\u017cszy wyroku skazuj\u0105cego. Jak si\u0119 okaza\u0142o mia\u0142 racj\u0119.<\/p>\n<p>Czytaj wi\u0119cej: http:\/\/www.gazetawroclawska.pl\/artykul\/3740125,wroclaw-skazany-byly-posel-na-wolnosci-powod-sedziowie-zapomnieli-o-obroncy,id,t.html<\/p>\n","protected":false},"excerpt":{"rendered":"<p>Wroc\u0142awski przedsi\u0119biorca i by\u0142y pose\u0142 Zenon M. mia\u0142 wy\u0142udzi\u0107 przesz\u0142o 22 mln z\u0142 bankowych kredyt\u00f3w. Wszystko dzia\u0142o si\u0119 przed pi\u0119tnastoma laty. Ale do dzi\u015b nie mo\u017ce zapa\u015b\u0107 prawomocny wyrok w tej sprawie. Kilka miesi\u0119cy temu S\u0105d Najwy\u017cszy \u2013 ju\u017c drugi &hellip; <a href=\"https:\/\/www.bezprawie.pl\/?p=535\">Czytaj dalej <span class=\"meta-nav\">&rarr;<\/span><\/a><\/p>\n","protected":false},"author":1,"featured_media":0,"comment_status":"open","ping_status":"open","sticky":false,"template":"","format":"standard","meta":{"footnotes":""},"categories":[11],"tags":[115,18],"class_list":["post-535","post","type-post","status-publish","format-standard","hentry","category-wroclaw","tag-adwokat","tag-sad"],"_links":{"self":[{"href":"https:\/\/www.bezprawie.pl\/index.php?rest_route=\/wp\/v2\/posts\/535","targetHints":{"allow":["GET"]}}],"collection":[{"href":"https:\/\/www.bezprawie.pl\/index.php?rest_route=\/wp\/v2\/posts"}],"about":[{"href":"https:\/\/www.bezprawie.pl\/index.php?rest_route=\/wp\/v2\/types\/post"}],"author":[{"embeddable":true,"href":"https:\/\/www.bezprawie.pl\/index.php?rest_route=\/wp\/v2\/users\/1"}],"replies":[{"embeddable":true,"href":"https:\/\/www.bezprawie.pl\/index.php?rest_route=%2Fwp%2Fv2%2Fcomments&post=535"}],"version-history":[{"count":1,"href":"https:\/\/www.bezprawie.pl\/index.php?rest_route=\/wp\/v2\/posts\/535\/revisions"}],"predecessor-version":[{"id":536,"href":"https:\/\/www.bezprawie.pl\/index.php?rest_route=\/wp\/v2\/posts\/535\/revisions\/536"}],"wp:attachment":[{"href":"https:\/\/www.bezprawie.pl\/index.php?rest_route=%2Fwp%2Fv2%2Fmedia&parent=535"}],"wp:term":[{"taxonomy":"category","embeddable":true,"href":"https:\/\/www.bezprawie.pl\/index.php?rest_route=%2Fwp%2Fv2%2Fcategories&post=535"},{"taxonomy":"post_tag","embeddable":true,"href":"https:\/\/www.bezprawie.pl\/index.php?rest_route=%2Fwp%2Fv2%2Ftags&post=535"}],"curies":[{"name":"wp","href":"https:\/\/api.w.org\/{rel}","templated":true}]}}