{"id":542,"date":"2015-04-17T10:54:42","date_gmt":"2015-04-17T10:54:42","guid":{"rendered":"http:\/\/www.bezprawie.pl\/?p=542"},"modified":"2015-04-17T10:54:42","modified_gmt":"2015-04-17T10:54:42","slug":"nagral-pirata-drogowego-i-sam-ma-klopoty-sprawa-rowerzysty-wraca-do-sadu","status":"publish","type":"post","link":"https:\/\/www.bezprawie.pl\/?p=542","title":{"rendered":"Nagra\u0142 pirata drogowego i sam ma k\u0142opoty. Sprawa rowerzysty wraca do s\u0105du"},"content":{"rendered":"<p>S\u0105d jeszcze raz musi si\u0119 zaj\u0105\u0107 si\u0119 spraw\u0105 Krzysztofa K\u0119sika, kt\u00f3ry przekaza\u0142 policji film pokazuj\u0105cy wykroczenie drogowe kierowcy samochodu i sam te\u017c zosta\u0142 ukarany mandatem. W pierwszym procesie rowerzysta zosta\u0142 uniewinniony, ale policja z\u0142o\u017cy\u0142a apelacj\u0119.<\/p>\n<p>Gdy\u0144ski s\u0105d musi zapozna\u0107 si\u0119 z nowymi dowodami i jeszcze raz sprawdzi\u0107, czy nale\u017cy ukara\u0107 rowerzyst\u0119, kt\u00f3ry wys\u0142a\u0142 policji film pokazuj\u0105cy pirata drogowego \u2013 to decyzja s\u0105du okr\u0119gowego w Gda\u0144sku, kt\u00f3ry rozpatrywa\u0142 apelacj\u0119 policji w tej sprawie.<\/p>\n<p>&#8211; Jestem nieco zaskoczony, my\u015bla\u0142em, \u017ce m\u00f3j klient ju\u017c dzi\u015b dowie si\u0119, \u017ce jest ostatecznie niewinny.  Sta\u0142o si\u0119 inaczej &#8211; powiedzia\u0142 po rozprawie Tomasz Z\u0142och, pe\u0142nomocnik oskar\u017conego.<\/p>\n<p>&#8211; Nie zrobi\u0142em nic z\u0142ego, chcia\u0142em tylko pom\u00f3c policji &#8211; doda\u0142 Krzysztof K\u0119sik.<\/p>\n<p><strong>Nagra\u0142 pirata i sam ma k\u0142opoty<\/strong><\/p>\n<p>Problemy Krzysztofa K\u0119sika, rowerzysty z Gdyni rozpocz\u0119\u0142y si\u0119 w lipcu ubieg\u0142ego roku, gdy wys\u0142a\u0142 policji film pokazuj\u0105cy jak z du\u017c\u0105 pr\u0119dko\u015bci\u0105 na podw\u00f3jnej linii ci\u0105g\u0142ej wyprzedza go samoch\u00f3d.<br \/>\nW odpowiedzi policjanci postanowili ukara\u0107 nie tylko kierowc\u0119 samochodu, ale i rowerzyst\u0119, kt\u00f3ry ich zdaniem jecha\u0142 za daleko od prawej kraw\u0119dzi jezdni.<\/p>\n<p>Sprawa trafi\u0142a do s\u0105du, bo pan Krzysztof nie przyj\u0105\u0142 mandatu. W styczniu s\u0105d rejonowy w Gdyni uniewinni\u0142 rowerzyst\u0119. S\u0119dzia argumentowa\u0142 wyrok tym, \u017ce policja w niewystarczaj\u0105cy spos\u00f3b udowodni\u0142 to, \u017ce autorem filmu jest oskar\u017cony, a ten przed s\u0105dem konsekwentnie milcza\u0142 i nie przyznawa\u0142 si\u0119 do winy.<\/p>\n<p><strong>Przyzna\u0142 si\u0119 na antenie?<\/strong><\/p>\n<p>Jednak zdaniem policjant\u00f3w Krzysztof K\u0119sik przyzna\u0142 si\u0119, wi\u0119c z\u0142o\u017cyli apelacj\u0119 i do\u0142\u0105czyli do niej rozmow\u0119 z reporterem TVN24, podczas kt\u00f3rej zdaniem mundurowych K\u0119sik jednoznacznie przyznaje si\u0119 do winy.<\/p>\n<p>Na nagraniu rowerzysta m\u00f3wi dziennikarzowi, \u017ce to on zrobi\u0142 nagranie. Pokazuje r\u00f3wnie\u017c, gdzie mia\u0142 przyczepion\u0105 kamerk\u0119. Podczas rozmowy z reporterem przypomnia\u0142, \u017ce wys\u0142a\u0142 nagranie, bo policja zach\u0119ca\u0142a, \u017ceby dostarcza\u0107 takie materia\u0142y.<\/p>\n","protected":false},"excerpt":{"rendered":"<p>S\u0105d jeszcze raz musi si\u0119 zaj\u0105\u0107 si\u0119 spraw\u0105 Krzysztofa K\u0119sika, kt\u00f3ry przekaza\u0142 policji film pokazuj\u0105cy wykroczenie drogowe kierowcy samochodu i sam te\u017c zosta\u0142 ukarany mandatem. W pierwszym procesie rowerzysta zosta\u0142 uniewinniony, ale policja z\u0142o\u017cy\u0142a apelacj\u0119. Gdy\u0144ski s\u0105d musi zapozna\u0107 si\u0119 &hellip; <a href=\"https:\/\/www.bezprawie.pl\/?p=542\">Czytaj dalej <span class=\"meta-nav\">&rarr;<\/span><\/a><\/p>\n","protected":false},"author":1,"featured_media":0,"comment_status":"open","ping_status":"open","sticky":false,"template":"","format":"standard","meta":{"footnotes":""},"categories":[26,27],"tags":[16],"class_list":["post-542","post","type-post","status-publish","format-standard","hentry","category-gdansk","category-gdynia","tag-policja"],"_links":{"self":[{"href":"https:\/\/www.bezprawie.pl\/index.php?rest_route=\/wp\/v2\/posts\/542","targetHints":{"allow":["GET"]}}],"collection":[{"href":"https:\/\/www.bezprawie.pl\/index.php?rest_route=\/wp\/v2\/posts"}],"about":[{"href":"https:\/\/www.bezprawie.pl\/index.php?rest_route=\/wp\/v2\/types\/post"}],"author":[{"embeddable":true,"href":"https:\/\/www.bezprawie.pl\/index.php?rest_route=\/wp\/v2\/users\/1"}],"replies":[{"embeddable":true,"href":"https:\/\/www.bezprawie.pl\/index.php?rest_route=%2Fwp%2Fv2%2Fcomments&post=542"}],"version-history":[{"count":1,"href":"https:\/\/www.bezprawie.pl\/index.php?rest_route=\/wp\/v2\/posts\/542\/revisions"}],"predecessor-version":[{"id":543,"href":"https:\/\/www.bezprawie.pl\/index.php?rest_route=\/wp\/v2\/posts\/542\/revisions\/543"}],"wp:attachment":[{"href":"https:\/\/www.bezprawie.pl\/index.php?rest_route=%2Fwp%2Fv2%2Fmedia&parent=542"}],"wp:term":[{"taxonomy":"category","embeddable":true,"href":"https:\/\/www.bezprawie.pl\/index.php?rest_route=%2Fwp%2Fv2%2Fcategories&post=542"},{"taxonomy":"post_tag","embeddable":true,"href":"https:\/\/www.bezprawie.pl\/index.php?rest_route=%2Fwp%2Fv2%2Ftags&post=542"}],"curies":[{"name":"wp","href":"https:\/\/api.w.org\/{rel}","templated":true}]}}