{"id":544,"date":"2015-04-17T10:57:07","date_gmt":"2015-04-17T10:57:07","guid":{"rendered":"http:\/\/www.bezprawie.pl\/?p=544"},"modified":"2015-04-17T10:57:07","modified_gmt":"2015-04-17T10:57:07","slug":"policjant-z-olsztyna-mial-bic-podczas-przesluchania","status":"publish","type":"post","link":"https:\/\/www.bezprawie.pl\/?p=544","title":{"rendered":"Policjant z Olsztyna mia\u0142 bi\u0107 podczas przes\u0142uchania"},"content":{"rendered":"<p>Jednemu z trzech zatrzymanych w czwartek funkcjonariuszy olszty\u0144skiej komendy policji prokuratorzy zarzucili stosowanie przemocy wobec osoby przes\u0142uchiwanej w &#8222;celu uzyskania wyja\u015bnie\u0144 i informacji&#8221;.<\/p>\n<p>To dalszy ci\u0105g sprawy zatrzyma\u0144 funkcjonariuszy Komendy Miejskiej Policji w Olsztynie. Trzech z nich zosta\u0142o zatrzymanych w czwartek, a kolejny, czyli ju\u017c czwarty, w nocy z czwartku na pi\u0105tek.<\/p>\n<p>Z informacji, do kt\u00f3rych dotar\u0142a &#8222;Wyborcza&#8221; Olsztyn wynika, \u017ce zatrzymani policjanci s\u0105 zwi\u0105zani z pionem kryminalnym, a konkretnie z wydzia\u0142em do walki z przest\u0119pczo\u015bci\u0105 przeciwko \u017cyciu i zdrowiu.<\/p>\n<p>Szczup\u0142o\u015b\u0107 oficjalnych informacji szybko da\u0142a pole do domys\u0142\u00f3w, jakie grzechy i grzeszki mogli mie\u0107 na sumieniu zatrzymani mundurowi. Jak ju\u017c w czwartek pisali\u015bmy, policjanci w nieoficjalnych rozmowach podawali najr\u00f3\u017cniejsze teorie, od u\u017cywania paralizatora do wymuszania zezna\u0144, po teorie, \u017ce chc\u0105c u\u0142atwi\u0107 sobie prac\u0119, podrzucali osobom podejrzanym narkotyki.<\/p>\n<p>Ile jest w tym prawdy, a ile fikcji, nie spos\u00f3b powiedzie\u0107. \u015aledczy bowiem zas\u0142aniaj\u0105 si\u0119 dobrem \u015bledztwa i nie ujawniaj\u0105 szczeg\u00f3\u0142\u00f3w sprawy.<\/p>\n<p>Rzecznik Prokuratury Okr\u0119gowej w Olsztynie Zbigniew Czerwi\u0144ski informowa\u0142 nas jednak, \u017ce \u015bledztwo jest prowadzone w kierunku artyku\u0142u 246 Kodeksu karnego. &#8211; M\u00f3wi on o tym, \u017ce funkcjonariusz publiczny, kt\u00f3ry w celu uzyskania okre\u015blonych zezna\u0144, wyja\u015bnie\u0144, informacji lub o\u015bwiadczenia stosuje przemoc, gro\u017ab\u0119 bezprawn\u0105 lub w inny spos\u00f3b zn\u0119ca si\u0119 fizycznie lub psychicznie nad inn\u0105 osob\u0105, podlega karze pozbawienia wolno\u015bci od roku do lat 10 &#8211; t\u0142umaczy\u0142 prokurator Czerwi\u0144ski.<\/p>\n<p>Ca\u0142a czw\u00f3rka minion\u0105 noc sp\u0119dzi\u0142a w policyjnej izbie zatrzyma\u0144 w Olsztynie. W pi\u0105tek dowiedzieli\u015bmy si\u0119, \u017ce jednemu z policjant\u00f3w zosta\u0142 ju\u017c przedstawiony jeden zarzut. Wed\u0142ug \u015bledczych funkcjonariusz ten mia\u0142 stosowa\u0107 przemoc wobec osoby podejrzanej w &#8222;celu uzyskania od niej wyja\u015bnie\u0144 i informacji w tocz\u0105cej si\u0119 sprawie&#8221;.<\/p>\n<p>Do zdarzenia tego mia\u0142o doj\u015b\u0107 31 marca b.r. w Olsztynie. Z nieoficjalnych informacji, do kt\u00f3rych dotarli\u015bmy, wynika, \u017ce policjant mia\u0142 bi\u0107 t\u0119 osob\u0119 pi\u0119\u015bciami i kopa\u0107 po ca\u0142ym ciele, przewraca\u0107 z krzes\u0142a.<\/p>\n<p>Prawdopodobnie w ci\u0105gu dnia zapadn\u0105 decyzje co do pozosta\u0142ych zatrzymanych policjant\u00f3w. Obecnie s\u0105 oni dowo\u017ceni do prokuratury na przes\u0142uchania.<\/p>\n<p>Dodajmy, \u017ce zatrzymani funkcjonariusze maj\u0105 sta\u017c pracy w policji od 3 do 9 lat. <\/p>\n<p>gazeta.pl<\/p>\n","protected":false},"excerpt":{"rendered":"<p>Jednemu z trzech zatrzymanych w czwartek funkcjonariuszy olszty\u0144skiej komendy policji prokuratorzy zarzucili stosowanie przemocy wobec osoby przes\u0142uchiwanej w &#8222;celu uzyskania wyja\u015bnie\u0144 i informacji&#8221;. To dalszy ci\u0105g sprawy zatrzyma\u0144 funkcjonariuszy Komendy Miejskiej Policji w Olsztynie. Trzech z nich zosta\u0142o zatrzymanych w &hellip; <a href=\"https:\/\/www.bezprawie.pl\/?p=544\">Czytaj dalej <span class=\"meta-nav\">&rarr;<\/span><\/a><\/p>\n","protected":false},"author":1,"featured_media":0,"comment_status":"open","ping_status":"open","sticky":false,"template":"","format":"standard","meta":{"footnotes":""},"categories":[111],"tags":[16],"class_list":["post-544","post","type-post","status-publish","format-standard","hentry","category-olsztyn","tag-policja"],"_links":{"self":[{"href":"https:\/\/www.bezprawie.pl\/index.php?rest_route=\/wp\/v2\/posts\/544","targetHints":{"allow":["GET"]}}],"collection":[{"href":"https:\/\/www.bezprawie.pl\/index.php?rest_route=\/wp\/v2\/posts"}],"about":[{"href":"https:\/\/www.bezprawie.pl\/index.php?rest_route=\/wp\/v2\/types\/post"}],"author":[{"embeddable":true,"href":"https:\/\/www.bezprawie.pl\/index.php?rest_route=\/wp\/v2\/users\/1"}],"replies":[{"embeddable":true,"href":"https:\/\/www.bezprawie.pl\/index.php?rest_route=%2Fwp%2Fv2%2Fcomments&post=544"}],"version-history":[{"count":1,"href":"https:\/\/www.bezprawie.pl\/index.php?rest_route=\/wp\/v2\/posts\/544\/revisions"}],"predecessor-version":[{"id":545,"href":"https:\/\/www.bezprawie.pl\/index.php?rest_route=\/wp\/v2\/posts\/544\/revisions\/545"}],"wp:attachment":[{"href":"https:\/\/www.bezprawie.pl\/index.php?rest_route=%2Fwp%2Fv2%2Fmedia&parent=544"}],"wp:term":[{"taxonomy":"category","embeddable":true,"href":"https:\/\/www.bezprawie.pl\/index.php?rest_route=%2Fwp%2Fv2%2Fcategories&post=544"},{"taxonomy":"post_tag","embeddable":true,"href":"https:\/\/www.bezprawie.pl\/index.php?rest_route=%2Fwp%2Fv2%2Ftags&post=544"}],"curies":[{"name":"wp","href":"https:\/\/api.w.org\/{rel}","templated":true}]}}