{"id":546,"date":"2015-04-17T11:51:44","date_gmt":"2015-04-17T11:51:44","guid":{"rendered":"http:\/\/www.bezprawie.pl\/?p=546"},"modified":"2015-04-20T19:17:07","modified_gmt":"2015-04-20T19:17:07","slug":"adwokat-szymon-matusiak-ze-szczecina-lubi-sobie-pozartowac","status":"publish","type":"post","link":"https:\/\/www.bezprawie.pl\/?p=546","title":{"rendered":"Adwokat Szymon Matusiak ze Szczecina lubi sobie po\u017cartowa\u0107 &#8230;."},"content":{"rendered":"<p>Otrzymali\u015bmy od naszych czytelnik\u00f3w, sygna\u0142 o adwokacie &#8222;\u017cartownisiu&#8221; ze Szczecina. Informacja by\u0142a tak szokuj\u0105ca, i\u017c na pierwszy rzut oka wydawa\u0142a si\u0119 niewiarygodna. Jednak po szybkim sprawdzeniu profili FB mecenasa Szymona Matusika ze Szczecina byli\u015bmy bardzo zaskoczeni i zniesmaczeni. W\u0142a\u015bciwie bez komentarza przedstawiamy &#8222;\u017carty&#8221; adwokata Matusiaka, prezentowane na oficjalnym i publicznym profilu. Ocenicie je Pa\u0144stwo sami. Ale bez w\u0105tpienia nie tylko s\u0105 to niesmaczne &#8222;\u017carty&#8221; s\u0105 wr\u0119cz chamskie. Zaraz po powiadomieniu rzecznika prasowego ORA w Szczecinie profil zosta\u0142 zablokowany. Jednak przez wiele miesi\u0119cy publiczno\u015b\u0107 mog\u0142a podziwia\u0107 poczucie humoru adwokata Szymona Matusiaka.<\/p>\n<p><a href=\"http:\/\/www.bezprawie.pl\/wp-content\/uploads\/matusiak_fb_00.jpg\"><img loading=\"lazy\" decoding=\"async\" class=\"alignleft size-full wp-image-547\" src=\"http:\/\/www.bezprawie.pl\/wp-content\/uploads\/matusiak_fb_00.jpg\" alt=\"matusiak_fb_00\" width=\"529\" height=\"228\" srcset=\"https:\/\/www.bezprawie.pl\/wp-content\/uploads\/matusiak_fb_00.jpg 529w, https:\/\/www.bezprawie.pl\/wp-content\/uploads\/matusiak_fb_00-300x129.jpg 300w, https:\/\/www.bezprawie.pl\/wp-content\/uploads\/matusiak_fb_00-500x216.jpg 500w\" sizes=\"auto, (max-width: 529px) 100vw, 529px\" \/><\/a> <a href=\"http:\/\/www.bezprawie.pl\/wp-content\/uploads\/matusiak_fb_01.jpg\"><img loading=\"lazy\" decoding=\"async\" class=\"alignleft size-full wp-image-548\" src=\"http:\/\/www.bezprawie.pl\/wp-content\/uploads\/matusiak_fb_01.jpg\" alt=\"matusiak_fb_01\" width=\"525\" height=\"329\" srcset=\"https:\/\/www.bezprawie.pl\/wp-content\/uploads\/matusiak_fb_01.jpg 525w, https:\/\/www.bezprawie.pl\/wp-content\/uploads\/matusiak_fb_01-300x188.jpg 300w, https:\/\/www.bezprawie.pl\/wp-content\/uploads\/matusiak_fb_01-479x300.jpg 479w\" sizes=\"auto, (max-width: 525px) 100vw, 525px\" \/><\/a> <a href=\"http:\/\/www.bezprawie.pl\/wp-content\/uploads\/matusiak_fb_02.jpg\"><img loading=\"lazy\" decoding=\"async\" class=\"alignleft size-full wp-image-549\" src=\"http:\/\/www.bezprawie.pl\/wp-content\/uploads\/matusiak_fb_02.jpg\" alt=\"matusiak_fb_02\" width=\"523\" height=\"420\" srcset=\"https:\/\/www.bezprawie.pl\/wp-content\/uploads\/matusiak_fb_02.jpg 523w, https:\/\/www.bezprawie.pl\/wp-content\/uploads\/matusiak_fb_02-300x241.jpg 300w, https:\/\/www.bezprawie.pl\/wp-content\/uploads\/matusiak_fb_02-374x300.jpg 374w\" sizes=\"auto, (max-width: 523px) 100vw, 523px\" \/><\/a> <a href=\"http:\/\/www.bezprawie.pl\/wp-content\/uploads\/matusiak_fb_03.jpg\"><img loading=\"lazy\" decoding=\"async\" class=\"alignleft size-full wp-image-550\" src=\"http:\/\/www.bezprawie.pl\/wp-content\/uploads\/matusiak_fb_03.jpg\" alt=\"matusiak_fb_03\" width=\"525\" height=\"392\" srcset=\"https:\/\/www.bezprawie.pl\/wp-content\/uploads\/matusiak_fb_03.jpg 525w, https:\/\/www.bezprawie.pl\/wp-content\/uploads\/matusiak_fb_03-300x224.jpg 300w, https:\/\/www.bezprawie.pl\/wp-content\/uploads\/matusiak_fb_03-402x300.jpg 402w\" sizes=\"auto, (max-width: 525px) 100vw, 525px\" \/><\/a> <a href=\"http:\/\/www.bezprawie.pl\/wp-content\/uploads\/matusiak_fb_04.jpg\"><img loading=\"lazy\" decoding=\"async\" class=\"alignleft size-full wp-image-551\" src=\"http:\/\/www.bezprawie.pl\/wp-content\/uploads\/matusiak_fb_04.jpg\" alt=\"matusiak_fb_04\" width=\"526\" height=\"289\" srcset=\"https:\/\/www.bezprawie.pl\/wp-content\/uploads\/matusiak_fb_04.jpg 526w, https:\/\/www.bezprawie.pl\/wp-content\/uploads\/matusiak_fb_04-300x165.jpg 300w, https:\/\/www.bezprawie.pl\/wp-content\/uploads\/matusiak_fb_04-500x275.jpg 500w\" sizes=\"auto, (max-width: 526px) 100vw, 526px\" \/><\/a> <a href=\"http:\/\/www.bezprawie.pl\/wp-content\/uploads\/matusiak_fb_05.jpg\"><img loading=\"lazy\" decoding=\"async\" class=\"alignleft size-full wp-image-552\" src=\"http:\/\/www.bezprawie.pl\/wp-content\/uploads\/matusiak_fb_05.jpg\" alt=\"matusiak_fb_05\" width=\"530\" height=\"241\" srcset=\"https:\/\/www.bezprawie.pl\/wp-content\/uploads\/matusiak_fb_05.jpg 530w, https:\/\/www.bezprawie.pl\/wp-content\/uploads\/matusiak_fb_05-300x136.jpg 300w, https:\/\/www.bezprawie.pl\/wp-content\/uploads\/matusiak_fb_05-500x227.jpg 500w\" sizes=\"auto, (max-width: 530px) 100vw, 530px\" \/><\/a><\/p>\n<p>Pomimo wielokrotnych pr\u00f3b nie uda\u0142o si\u0119 nam uzyska\u0107 komentarza adwokata Szymona Matusiaka ze Szczecina.<br \/>\nCzekamy natomiast na stanowisko rzecznika prasowego ORA w Szczecinie.<\/p>\n<p>AKTUALIZACJA: 20-04-2015<br \/>\nOtrzymali\u015bmy informacj\u0119 od rzecznika prasowego ORA w Szczecinie, i\u017c sprawa zosta\u0142a skierowana do rzecznika odpowiedzialno\u015bci dyscyplinarnej ORA w Szczecinie. O sprawie b\u0119dziemy informowa\u0107. Docieraj\u0105 do nas kolejne sygna\u0142y, dotycz\u0105ce niezgodnie z prawem dzia\u0142ania adwokata Szymona Matusiaka. <\/p>\n<p>LC<\/p>\n","protected":false},"excerpt":{"rendered":"<p>Otrzymali\u015bmy od naszych czytelnik\u00f3w, sygna\u0142 o adwokacie &#8222;\u017cartownisiu&#8221; ze Szczecina. Informacja by\u0142a tak szokuj\u0105ca, i\u017c na pierwszy rzut oka wydawa\u0142a si\u0119 niewiarygodna. Jednak po szybkim sprawdzeniu profili FB mecenasa Szymona Matusika ze Szczecina byli\u015bmy bardzo zaskoczeni i zniesmaczeni. W\u0142a\u015bciwie bez &hellip; <a href=\"https:\/\/www.bezprawie.pl\/?p=546\">Czytaj dalej <span class=\"meta-nav\">&rarr;<\/span><\/a><\/p>\n","protected":false},"author":1,"featured_media":0,"comment_status":"open","ping_status":"open","sticky":false,"template":"","format":"standard","meta":{"footnotes":""},"categories":[37],"tags":[115],"class_list":["post-546","post","type-post","status-publish","format-standard","hentry","category-szczecin","tag-adwokat"],"_links":{"self":[{"href":"https:\/\/www.bezprawie.pl\/index.php?rest_route=\/wp\/v2\/posts\/546","targetHints":{"allow":["GET"]}}],"collection":[{"href":"https:\/\/www.bezprawie.pl\/index.php?rest_route=\/wp\/v2\/posts"}],"about":[{"href":"https:\/\/www.bezprawie.pl\/index.php?rest_route=\/wp\/v2\/types\/post"}],"author":[{"embeddable":true,"href":"https:\/\/www.bezprawie.pl\/index.php?rest_route=\/wp\/v2\/users\/1"}],"replies":[{"embeddable":true,"href":"https:\/\/www.bezprawie.pl\/index.php?rest_route=%2Fwp%2Fv2%2Fcomments&post=546"}],"version-history":[{"count":3,"href":"https:\/\/www.bezprawie.pl\/index.php?rest_route=\/wp\/v2\/posts\/546\/revisions"}],"predecessor-version":[{"id":556,"href":"https:\/\/www.bezprawie.pl\/index.php?rest_route=\/wp\/v2\/posts\/546\/revisions\/556"}],"wp:attachment":[{"href":"https:\/\/www.bezprawie.pl\/index.php?rest_route=%2Fwp%2Fv2%2Fmedia&parent=546"}],"wp:term":[{"taxonomy":"category","embeddable":true,"href":"https:\/\/www.bezprawie.pl\/index.php?rest_route=%2Fwp%2Fv2%2Fcategories&post=546"},{"taxonomy":"post_tag","embeddable":true,"href":"https:\/\/www.bezprawie.pl\/index.php?rest_route=%2Fwp%2Fv2%2Ftags&post=546"}],"curies":[{"name":"wp","href":"https:\/\/api.w.org\/{rel}","templated":true}]}}