{"id":562,"date":"2015-05-12T08:54:51","date_gmt":"2015-05-12T08:54:51","guid":{"rendered":"http:\/\/www.bezprawie.pl\/?p=562"},"modified":"2015-05-12T08:54:51","modified_gmt":"2015-05-12T08:54:51","slug":"estonska-plaga-czyli-polowanie-na-polskie-spolki","status":"publish","type":"post","link":"https:\/\/www.bezprawie.pl\/?p=562","title":{"rendered":"Esto\u0144ska plaga, czyli polowanie na polskie sp\u00f3\u0142ki"},"content":{"rendered":"<p>W Prokuraturze Apelacyjnej w Poznaniu jest ju\u017c ponad 30 spraw dotycz\u0105cych pr\u00f3b przej\u0119cia polskich sp\u00f3\u0142ek. Za ka\u017cdym razem sprawc\u0105 jest firma z Estonii. Rzecz dzieje si\u0119 na rynku sp\u00f3\u0142ek paliwowych. Wszystko zaczyna si\u0119 od sfa\u0142szowanych weksli, kt\u00f3rymi pos\u0142uguje si\u0119 esto\u0144ska sp\u00f3\u0142ka Andvens Invest OU z siedzib\u0105 Tallinnie. Potem pojawia si\u0119 wyrok s\u0105du polubownego BINAR, kt\u00f3ry nakazuje polskiej firmie zap\u0142at\u0119 &#8222;nale\u017cno\u015bci&#8221;. &#8222;Wierzyciel&#8221; uzyskuje w s\u0105dzie klauzul\u0119 wykonalno\u015bci i wkracza komornik, kt\u00f3ry \u015bci\u0105ga pieni\u0105dze i przesy\u0142a na rachunek Andvens w fi\u0144skim banku. &#8211; Po otrzymaniu pierwszych wniosk\u00f3w komornik dokona\u0142 telefonicznie weryfikacji ich autentyczno\u015bci w S\u0105dzie Okr\u0119gowym. S\u0105d jej nie kwestionowa\u0142 &#8211; m\u00f3wi Marek Grzelak, rzecznik Izby Komorniczej w Poznaniu.<\/p>\n<p>Po moim tek\u015bcie &#8222;Esto\u0144ski skok na sp\u00f3\u0142k\u0119&#8221; zadzwoni\u0142 Micha\u0142 Kwieci\u0144ski, udzia\u0142owiec jednej z firm, wobec kt\u00f3rych tak\u017ce wszcz\u0119to post\u0119powanie komornicze. &#8211; Jedna ze sp\u00f3\u0142ek straci\u0142a oko\u0142o 140 tys. z\u0142 &#8211; m\u00f3wi.<\/p>\n<p>Post\u0119powaniem w sprawie poszkodowanych zajmuje si\u0119 Prokuratura Apelacyjna w Poznaniu. W sumie takich sp\u00f3\u0142ek w Polsce jest 206. Ich nazwy pojawiaj\u0105 si\u0119 w 30 prowadzonych sprawach.<\/p>\n<p>Prawnicy z esto\u0144skiej sp\u00f3\u0142ki robi\u0105 wszystko, by utrudni\u0107 poszkodowanym obron\u0119. Sk\u0142adaj\u0105 w s\u0105dzie rejestrowym wnioski o zmian\u0119 w Krajowym Rejestrze Sp\u00f3\u0142ek prezes\u00f3w i udzia\u0142owc\u00f3w okradanych firm. Nowymi szefami zarz\u0105d\u00f3w zostaj\u0105 zawsze Tammaru Aivar albo Veiko Kovalenko. A potem &#8222;przenosz\u0105&#8221; siedziby przej\u0119tych sp\u00f3\u0142ek do Warszawy &#8211; Al. Jerozolimskie 96. To wirtualne biuro, czyli tak naprawd\u0119 adres korespondencyjny.<\/p>\n<p>Niestety, polskie s\u0105dy wydaj\u0105 postanowienia korzystne dla Andvens, cho\u0107 z Tallinna nap\u0142ywaj\u0105 niekompletne i sfa\u0142szowane dokumenty &#8211; fa\u0142szerstwo dokument\u00f3w w przypadku Oil Tank potwierdzi\u0142a Prokuratura Okr\u0119gowa w Warszawie. &#8211; Warszawski s\u0105d zmieni\u0142 zarz\u0105d mojej sp\u00f3\u0142ki Petronix &#8211; opowiada Micha\u0142 Kwieci\u0144ski. &#8211; S\u0105d Rejonowy dla m.st. Warszawy wyda\u0142 postanowienie i prezesem oraz g\u0142\u00f3wnym udzia\u0142owcem Petronixu zosta\u0142 Veiko Kovalenko. I tu prosz\u0119 uwa\u017ca\u0107: cho\u0107 Kovalenko wnioskowa\u0142 o odwo\u0142anie z funkcji prezesa zamiast Paw\u0142a \u015awiderskiego jakiego\u015b Marka S., to jednak wykre\u015blono \u015awiderskiego.<\/p>\n<p>Zdaniem Kwieci\u0144skiego i jego prawnik\u00f3w esto\u0144ska sp\u00f3\u0142ka nie dotrzyma\u0142a termin\u00f3w procesowych przekazania do KRS umowy sprzeda\u017cy udzia\u0142\u00f3w Petronixu. &#8211; A warszawski s\u0105d jedynie zwr\u00f3ci\u0142 si\u0119 do esto\u0144skiej sp\u00f3\u0142ki o jej dos\u0142anie. I otrzyma\u0142 kolejny podrobiony dokument &#8211; dodaje biznesmen.<\/p>\n<p>Zapyta\u0142am Katarzyn\u0119 Kisiel, rzeczniczk\u0119 prasow\u0105 ds. cywilnych S\u0105du Okr\u0119gowego w Warszawie, dlaczego tak si\u0119 sta\u0142o. &#8211; S\u0105d rejestrowy dokonuje wpis\u00f3w na podstawie przed\u0142o\u017conych dokument\u00f3w [nie bada stanu faktycznego]. Je\u017celi w ocenie orzecznika dokumenty do\u0142\u0105czone do wniosku mog\u0105 stanowi\u0107 podstaw\u0119 do dokonania wpisu, wpis taki jest dokonywany. A je\u015bli w\u0142a\u015bciciele maj\u0105 zastrze\u017cenia, to mog\u0105 sk\u0142ada\u0107 skargi &#8211; poinformowa\u0142a s\u0119dzia.<\/p>\n<p>&#8211; I b\u0119d\u0105 one rozpatrywane tygodniami &#8211; komentuj\u0105 poszkodowani. <\/p>\n<p><strong>Andvens nie odpuszcza<\/strong><\/p>\n<p>O pierwszej z przej\u0119tych sp\u00f3\u0142ek &#8211; Oil Tank &#8211; pisa\u0142am pod koniec kwietnia. Jej prezesem i g\u0142\u00f3wnym udzia\u0142owcem jest Franciszek Janik. Gdy ko\u0144czy\u0142am tekst, wydawa\u0142o si\u0119, \u017ce firma zaczyna wychodzi\u0107 na prost\u0105. S\u0105d po kilku tygodniach uchyli\u0142 klauzul\u0119 wykonalno\u015bci nadan\u0105 fa\u0142szywemu wyrokowi polubownemu. Post\u0119powanie egzekucyjne zawieszono, a zaj\u0119te przez komornika pieni\u0105dze nie trafi\u0142y do oszust\u00f3w.<\/p>\n<p>&#8211; I w\u0142a\u015bnie o nie teraz toczy si\u0119 gra &#8211; m\u00f3wi mec. Martyna Kupiecka, pe\u0142nomocniczka Janika. Po zawieszeniu egzekucji esto\u0144ska sp\u00f3\u0142ka wyst\u0105pi\u0142a o zmian\u0119 prezesa Oil Tank, a 27 marca 2015 r. z\u0142o\u017cy\u0142a wniosek do s\u0105du rejonowego o og\u0142oszenie upad\u0142o\u015bci przej\u0119tej firmy.<\/p>\n<p>S\u0105d gospodarczy powo\u0142a\u0142 syndyka. Co dalej?<\/p>\n<p>&#8211; Zn\u00f3w trzeba czeka\u0107 &#8211; wzdycha mec. Kupiecka. &#8211; Stale \u015bcigam si\u0119 z oszustami. Nie wiem, czy uda mi si\u0119 zablokowa\u0107 ich dzia\u0142anie i jeszcze zmusi\u0107 s\u0105dy do szybkiego rozpatrywania naszych skarg, by nie przej\u0119li naszych pieni\u0119dzy.<\/p>\n<p><strong>Kto atakuje?<\/strong><\/p>\n<p>Sprawdzam, sk\u0105d dzia\u0142aj\u0105 agresywne sp\u00f3\u0142ki &#8211; czy naprawd\u0119 z Estonii? Zacz\u0119\u0142am od s\u0105du arbitra\u017cowego BINAR. Ma siedzib\u0119 w Warszawie i stron\u0119 internetow\u0105 po angielsku, polsku, esto\u0144sku i rosyjsku. \u017badnych nazwisk, tylko regulamin i cennik us\u0142ug. Prosi\u0142am o spotkanie. Zero reakcji. Wybra\u0142am si\u0119 na ul. Emilii Plater. Uda\u0142o mi si\u0119 tylko potwierdzi\u0107, \u017ce BINAR wynajmuje tam pomieszczenia. Znam jedynie z dokument\u00f3w nazwisko s\u0119dziego, kt\u00f3ry wydawa\u0142 wyroki &#8211; Alar Salu. Kim jest? Pomogli mi to ustali\u0107 polscy biznesmeni dzia\u0142aj\u0105cy w Estonii. Internet i tamtejsza prasa podaj\u0105, \u017ce Alar Salu to esto\u0144ski prawnik, by\u0142y s\u0119dzia skazany za korupcj\u0119.<\/p>\n<p>A sp\u00f3\u0142ka Andvens Invest OU z siedzib\u0105 Tallinnie? Zosta\u0142a za\u0142o\u017cona 30 sierpnia 2013 r. Kapita\u0142 zak\u0142adowy 2,5 tys. euro. O jej prezesie pisa\u0142a &#8222;Capital Gazeta&#8221;. Niedawno zosta\u0142 skazany przez s\u0105d za produkcj\u0119 amfetaminy na osiem i p\u00f3\u0142 roku wi\u0119zienia. To nie pierwszy jego wyrok. W 2012 roku odsiedzia\u0142 kar\u0119 o\u015bmiu miesi\u0119cy. Wyszed\u0142 w lecie 2013 r. i w\u0142a\u015bnie w tym czasie zarejestrowano Andvens Invest OU. Andriej \u017delezkin &#8211; rzekomy prezes &#8211; jest &#8222;s\u0142upem&#8221;? To prawdopodobne, bo przejmuj\u0105cy paliwowe sp\u00f3\u0142ki s\u0105 sprytni i \u015bwietnie znaj\u0105 nasze prawo.<\/p>\n<p>Mec. Martyna Kupiecka: &#8211; Ca\u0142y czas mam wra\u017cenie, \u017ce walcz\u0119 nie tylko z oszustami, ale te\u017c z polskim wymiarem sprawiedliwo\u015bci. Bezw\u0142ad w dzia\u0142aniu s\u0105d\u00f3w w naszej sprawie jest nieprawdopodobny!<\/p>\n<p>Micha\u0142 Kwieci\u0144ski my\u015bli podobnie. Firma Andvens , odpowiadaj\u0105c na jego kroki prawne, w\u0142a\u015bnie odwo\u0142a\u0142a wszystkich polskich pe\u0142nomocnik\u00f3w sp\u00f3\u0142ki. Jedno tylko si\u0119 Kwieci\u0144skiemu uda\u0142o: wywalczy\u0142, by s\u0105d rejestrowy zawiesi\u0142 Kovalenk\u0119 jako prezesa przej\u0119tych sp\u00f3\u0142ek. Obecnie wszyscy poszkodowani czekaj\u0105 na efekty prokuratorskiego \u015bledztwa. <\/p>\n<p>gazeta.pl<\/p>\n","protected":false},"excerpt":{"rendered":"<p>W Prokuraturze Apelacyjnej w Poznaniu jest ju\u017c ponad 30 spraw dotycz\u0105cych pr\u00f3b przej\u0119cia polskich sp\u00f3\u0142ek. Za ka\u017cdym razem sprawc\u0105 jest firma z Estonii. Rzecz dzieje si\u0119 na rynku sp\u00f3\u0142ek paliwowych. Wszystko zaczyna si\u0119 od sfa\u0142szowanych weksli, kt\u00f3rymi pos\u0142uguje si\u0119 esto\u0144ska &hellip; <a href=\"https:\/\/www.bezprawie.pl\/?p=562\">Czytaj dalej <span class=\"meta-nav\">&rarr;<\/span><\/a><\/p>\n","protected":false},"author":1,"featured_media":0,"comment_status":"open","ping_status":"open","sticky":false,"template":"","format":"standard","meta":{"footnotes":""},"categories":[3],"tags":[],"class_list":["post-562","post","type-post","status-publish","format-standard","hentry","category-polska"],"_links":{"self":[{"href":"https:\/\/www.bezprawie.pl\/index.php?rest_route=\/wp\/v2\/posts\/562","targetHints":{"allow":["GET"]}}],"collection":[{"href":"https:\/\/www.bezprawie.pl\/index.php?rest_route=\/wp\/v2\/posts"}],"about":[{"href":"https:\/\/www.bezprawie.pl\/index.php?rest_route=\/wp\/v2\/types\/post"}],"author":[{"embeddable":true,"href":"https:\/\/www.bezprawie.pl\/index.php?rest_route=\/wp\/v2\/users\/1"}],"replies":[{"embeddable":true,"href":"https:\/\/www.bezprawie.pl\/index.php?rest_route=%2Fwp%2Fv2%2Fcomments&post=562"}],"version-history":[{"count":1,"href":"https:\/\/www.bezprawie.pl\/index.php?rest_route=\/wp\/v2\/posts\/562\/revisions"}],"predecessor-version":[{"id":563,"href":"https:\/\/www.bezprawie.pl\/index.php?rest_route=\/wp\/v2\/posts\/562\/revisions\/563"}],"wp:attachment":[{"href":"https:\/\/www.bezprawie.pl\/index.php?rest_route=%2Fwp%2Fv2%2Fmedia&parent=562"}],"wp:term":[{"taxonomy":"category","embeddable":true,"href":"https:\/\/www.bezprawie.pl\/index.php?rest_route=%2Fwp%2Fv2%2Fcategories&post=562"},{"taxonomy":"post_tag","embeddable":true,"href":"https:\/\/www.bezprawie.pl\/index.php?rest_route=%2Fwp%2Fv2%2Ftags&post=562"}],"curies":[{"name":"wp","href":"https:\/\/api.w.org\/{rel}","templated":true}]}}