{"id":578,"date":"2015-09-09T11:15:51","date_gmt":"2015-09-09T11:15:51","guid":{"rendered":"http:\/\/www.bezprawie.pl\/?p=578"},"modified":"2015-09-09T11:15:51","modified_gmt":"2015-09-09T11:15:51","slug":"policjanci-z-nysy-z-zarzutami-przekroczenia-uprawnien-to-byly-pojedyncze-zdarzenia","status":"publish","type":"post","link":"https:\/\/www.bezprawie.pl\/?p=578","title":{"rendered":"Policjanci z Nysy z zarzutami przekroczenia uprawnie\u0144. &#8222;To by\u0142y pojedyncze zdarzenia&#8221;"},"content":{"rendered":"<p>Prokuratorzy z Opola prowadz\u0105 \u015bledztwo w sprawie czterech policjant\u00f3w z Nysy. &#8211; Zarzuty dotycz\u0105 przekroczenia uprawnie\u0144 i innych przest\u0119pstw maj\u0105cych miejsce w toku wykonywania czynno\u015bci s\u0142u\u017cbowych &#8211; informuj\u0105 prokuratorzy. Na razie nie ujawniaj\u0105 czy policjanci przyznali si\u0119 do winy.<\/p>\n<p>Czterech funkcjonariuszy z KPP w Nysie zatrzymali we wtorek policjanci na polecenie prokuratury. Mundurowi pracowali w wydziale kryminalnym. Us\u0142yszeli ju\u017c zarzuty. &#8211; Dotycz\u0105 one takich zachowa\u0144 jak: wywieranie nacisk\u00f3w podczas przes\u0142ucha\u0144, zatajanie fakt\u00f3w, sugerowanie tre\u015bci zezna\u0144, przyj\u0119cie obietnicy korzy\u015bci maj\u0105tkowej i ujawnienie informacji z post\u0119powanie &#8211; wylicza Lidia Sieradzka z prokuratury okr\u0119gowej w Opolu.<\/p>\n<p>Policja czeka na krok prokuratury<\/p>\n<p>Jak podkre\u015bla Sieradzka &#8222;by\u0142y to pojedyncze zdarzenia&#8221;. Wed\u0142ug prokurator\u00f3w nie by\u0142o to dzia\u0142anie zorganizowanej grupy przest\u0119pczej. Na razie \u015bledczy nie ujawniaj\u0105 czy policjanci przyznali si\u0119 do winy. W biurze prasowym komendy wojew\u00f3dzkiej policji w Opolu zapytali\u015bmy czy funkcjonariusze zostali zawieszeni w pe\u0142nieniu obowi\u0105zk\u00f3w s\u0142u\u017cbowych. &#8211; Za wcze\u015bnie, by o tym m\u00f3wi\u0107. Czekamy na oficjalne stanowisko prokuratury w tej sprawie &#8211; powiedzia\u0142 podinsp. Jaros\u0142aw Dryszcz z KWP w Opolu.<\/p>\n<p>tvn24.pl<\/p>\n","protected":false},"excerpt":{"rendered":"<p>Prokuratorzy z Opola prowadz\u0105 \u015bledztwo w sprawie czterech policjant\u00f3w z Nysy. &#8211; Zarzuty dotycz\u0105 przekroczenia uprawnie\u0144 i innych przest\u0119pstw maj\u0105cych miejsce w toku wykonywania czynno\u015bci s\u0142u\u017cbowych &#8211; informuj\u0105 prokuratorzy. Na razie nie ujawniaj\u0105 czy policjanci przyznali si\u0119 do winy. Czterech &hellip; <a href=\"https:\/\/www.bezprawie.pl\/?p=578\">Czytaj dalej <span class=\"meta-nav\">&rarr;<\/span><\/a><\/p>\n","protected":false},"author":1,"featured_media":0,"comment_status":"open","ping_status":"open","sticky":false,"template":"","format":"standard","meta":{"footnotes":""},"categories":[21],"tags":[28,16,17],"class_list":["post-578","post","type-post","status-publish","format-standard","hentry","category-nysa","tag-korupcja","tag-policja","tag-prokuratura"],"_links":{"self":[{"href":"https:\/\/www.bezprawie.pl\/index.php?rest_route=\/wp\/v2\/posts\/578","targetHints":{"allow":["GET"]}}],"collection":[{"href":"https:\/\/www.bezprawie.pl\/index.php?rest_route=\/wp\/v2\/posts"}],"about":[{"href":"https:\/\/www.bezprawie.pl\/index.php?rest_route=\/wp\/v2\/types\/post"}],"author":[{"embeddable":true,"href":"https:\/\/www.bezprawie.pl\/index.php?rest_route=\/wp\/v2\/users\/1"}],"replies":[{"embeddable":true,"href":"https:\/\/www.bezprawie.pl\/index.php?rest_route=%2Fwp%2Fv2%2Fcomments&post=578"}],"version-history":[{"count":1,"href":"https:\/\/www.bezprawie.pl\/index.php?rest_route=\/wp\/v2\/posts\/578\/revisions"}],"predecessor-version":[{"id":579,"href":"https:\/\/www.bezprawie.pl\/index.php?rest_route=\/wp\/v2\/posts\/578\/revisions\/579"}],"wp:attachment":[{"href":"https:\/\/www.bezprawie.pl\/index.php?rest_route=%2Fwp%2Fv2%2Fmedia&parent=578"}],"wp:term":[{"taxonomy":"category","embeddable":true,"href":"https:\/\/www.bezprawie.pl\/index.php?rest_route=%2Fwp%2Fv2%2Fcategories&post=578"},{"taxonomy":"post_tag","embeddable":true,"href":"https:\/\/www.bezprawie.pl\/index.php?rest_route=%2Fwp%2Fv2%2Ftags&post=578"}],"curies":[{"name":"wp","href":"https:\/\/api.w.org\/{rel}","templated":true}]}}