{"id":599,"date":"2016-08-19T18:44:04","date_gmt":"2016-08-19T18:44:04","guid":{"rendered":"http:\/\/www.bezprawie.pl\/?p=599"},"modified":"2016-08-19T18:44:04","modified_gmt":"2016-08-19T18:44:04","slug":"prokurator-kradl-w-sklepie-dostanie-wysokie-odszkodowanie","status":"publish","type":"post","link":"https:\/\/www.bezprawie.pl\/?p=599","title":{"rendered":"Prokurator krad\u0142 w sklepie. Dostanie wysokie odszkodowanie"},"content":{"rendered":"<p>Prokurator by\u0142 niepoczytalny, kiedy rok temu ukrad\u0142 w sklepie w \u017bninie batoniki i krem. Tak uznali biegli. Teraz zamiast kary dostanie odszkodowanie. Inny bieg\u0142y musi ustali\u0107 czy prokuratorowi wr\u00f3ci rozum, kiedy b\u0119dzie zn\u00f3w oskar\u017ca\u0142 przest\u0119pc\u00f3w.<\/p>\n<p>W listopadzie 2014 roku 53-letni prokurator Prokuratury Rejonowej w Szubinie w sklepie schowa\u0142 do kieszeni dwa batoniki i krem do piel\u0119gnacji cia\u0142a. Wszystko zarejestrowa\u0142a kamera monitoringu. Warto\u015b\u0107 prokuratorskich &#8222;\u0142up\u00f3w&#8221; nie przekroczy\u0142a 15 z\u0142. A taka kradzie\u017c to wykroczenie nie przest\u0119pstwo. Prokurator ma immunitet, wi\u0119c kara s\u0105dowa mu nie grozi\u0142a.<\/p>\n<p>Okaza\u0142o si\u0119 jednak, \u017ce uniknie te\u017c konsekwencji zawodowych. Dwaj biegli psychiatrzy orzekli, \u017ce w momencie kradzie\u017cy by\u0142 niepoczytalny. Dostanie te\u017c odszkodowanie, bo  po kradzie\u017cy zosta\u0142 zawieszony w czynno\u015bciach prokuratora i S\u0105d Dyscyplinarny przy Prokuratorze Generalnym zmniejszy\u0142 mu pensj\u0119 o jedn\u0105 czwart\u0105. Teraz trzeba b\u0119dzie mu zwr\u00f3ci\u0107 r\u00f3\u017cnic\u0119 &#8211; kilka tysi\u0119cy z\u0142otych. <\/p>\n<p>Prokurator wr\u00f3ci\u0142 do pracy. Na kr\u00f3tko. Po roku zwolnienia lekarskiego p\u00f3jdzie na zaleg\u0142y urlop. W tym czasie inny psychiatra ma zbada\u0107, czy prokurator w pracy zachowa rozum, kt\u00f3ry straci\u0142 w sklepie przed rokiem.<\/p>\n<p>fakt.pl<\/p>\n","protected":false},"excerpt":{"rendered":"<p>Prokurator by\u0142 niepoczytalny, kiedy rok temu ukrad\u0142 w sklepie w \u017bninie batoniki i krem. Tak uznali biegli. Teraz zamiast kary dostanie odszkodowanie. Inny bieg\u0142y musi ustali\u0107 czy prokuratorowi wr\u00f3ci rozum, kiedy b\u0119dzie zn\u00f3w oskar\u017ca\u0142 przest\u0119pc\u00f3w. W listopadzie 2014 roku 53-letni &hellip; <a href=\"https:\/\/www.bezprawie.pl\/?p=599\">Czytaj dalej <span class=\"meta-nav\">&rarr;<\/span><\/a><\/p>\n","protected":false},"author":1,"featured_media":0,"comment_status":"open","ping_status":"open","sticky":false,"template":"","format":"standard","meta":{"footnotes":""},"categories":[38,44],"tags":[93],"class_list":["post-599","post","type-post","status-publish","format-standard","hentry","category-kujawsko-pomorskie","category-naklo","tag-prokurator"],"_links":{"self":[{"href":"https:\/\/www.bezprawie.pl\/index.php?rest_route=\/wp\/v2\/posts\/599","targetHints":{"allow":["GET"]}}],"collection":[{"href":"https:\/\/www.bezprawie.pl\/index.php?rest_route=\/wp\/v2\/posts"}],"about":[{"href":"https:\/\/www.bezprawie.pl\/index.php?rest_route=\/wp\/v2\/types\/post"}],"author":[{"embeddable":true,"href":"https:\/\/www.bezprawie.pl\/index.php?rest_route=\/wp\/v2\/users\/1"}],"replies":[{"embeddable":true,"href":"https:\/\/www.bezprawie.pl\/index.php?rest_route=%2Fwp%2Fv2%2Fcomments&post=599"}],"version-history":[{"count":2,"href":"https:\/\/www.bezprawie.pl\/index.php?rest_route=\/wp\/v2\/posts\/599\/revisions"}],"predecessor-version":[{"id":601,"href":"https:\/\/www.bezprawie.pl\/index.php?rest_route=\/wp\/v2\/posts\/599\/revisions\/601"}],"wp:attachment":[{"href":"https:\/\/www.bezprawie.pl\/index.php?rest_route=%2Fwp%2Fv2%2Fmedia&parent=599"}],"wp:term":[{"taxonomy":"category","embeddable":true,"href":"https:\/\/www.bezprawie.pl\/index.php?rest_route=%2Fwp%2Fv2%2Fcategories&post=599"},{"taxonomy":"post_tag","embeddable":true,"href":"https:\/\/www.bezprawie.pl\/index.php?rest_route=%2Fwp%2Fv2%2Ftags&post=599"}],"curies":[{"name":"wp","href":"https:\/\/api.w.org\/{rel}","templated":true}]}}