{"id":61,"date":"2007-01-02T21:00:27","date_gmt":"2007-01-02T21:00:27","guid":{"rendered":"http:\/\/bezprawie.pl\/?p=61"},"modified":"2010-07-25T21:01:27","modified_gmt":"2010-07-25T21:01:27","slug":"dzierzoniow-brutalnosc-policji-pobili-dwie-kobiety","status":"publish","type":"post","link":"https:\/\/www.bezprawie.pl\/?p=61","title":{"rendered":"Dzier\u017coni\u00f3w: Brutalno\u015b\u0107 policji &#8211; pobili dwie kobiety"},"content":{"rendered":"<p>Policjanci obwiniaj\u0105 kobiety o agresj\u0119. Obie panie to matka i c\u00f3rka, kt\u00f3ra jest mulatk\u0105 i z tego powodu cz\u0119sto jest atakowana przez wyrostk\u00f3w.<\/p>\n<p>Kiedy zn\u00f3w na ulicy dosz\u0142o takiego rasistowskiego ataku, kobiety poprosi\u0142y o interwencj\u0119 policjant\u00f3w, znajduj\u0105cych si\u0119 w pobli\u017cu. Funkcjonariusze wylegitymowali wyrostk\u00f3w oraz obie kobiety. I tu zaczynaj\u0105 si\u0119 rozbie\u017cno\u015bci.<\/p>\n<p>Policja twierdzi, \u017ce panie zniewa\u017cy\u0142y funkcjonariuszy oraz odm\u00f3wi\u0142y podania danych personalnych. \u201eNie mia\u0142am ani torebki ani dokument\u00f3w\u201d \u2013 m\u00f3wi jedna z kobiet. C\u00f3rka twierdzi, \u017ce potraktowana zosta\u0142a brutalnie.<\/p>\n<p>C\u00f3rce chcia\u0142a pom\u00f3c matka. Policja \u015bci\u0105gn\u0119\u0142a posi\u0142ki, dodatkowo przyjecha\u0142y 2 radiowozy . Starsz\u0105 pani\u0105 policjanci rzucili na ulic\u0119 i skuli kajdankami.<\/p>\n<p>Obie panie s\u0105 szanowanymi mieszkankami Dzier\u017coniowa. Matka uczy w liceum, a c\u00f3rka jest lekarzem.<\/p>\n<p>Obie panie osadzono w areszcie, a nast\u0119pnie doprowadzono do prokuratury. Prokurator nie zgodzi\u0142 si\u0119 z wnioskiem o zastosowanie nadzoru policyjnego nad kobietami ani nie postawi\u0142 im zarzut\u00f3w.<\/p>\n<p><object width=\"425\" height=\"350\"><param name=\"movie\" value=\"http:\/\/www.youtube.com\/v\/zJYvr61fLQk\"><\/param><param name=\"wmode\" value=\"transparent\"><\/param><embed src=\"http:\/\/www.youtube.com\/v\/zJYvr61fLQk\" type=\"application\/x-shockwave-flash\" wmode=\"transparent\" width=\"425\" height=\"350\"><\/embed><\/object> <\/p>\n<p><object width=\"425\" height=\"350\"><param name=\"movie\" value=\"http:\/\/www.youtube.com\/v\/SLSOASA37sY\"><\/param><param name=\"wmode\" value=\"transparent\"><\/param><embed src=\"http:\/\/www.youtube.com\/v\/SLSOASA37sY\" type=\"application\/x-shockwave-flash\" wmode=\"transparent\" width=\"425\" height=\"350\"><\/embed><\/object>  <\/p>\n","protected":false},"excerpt":{"rendered":"<p>Policjanci obwiniaj\u0105 kobiety o agresj\u0119. Obie panie to matka i c\u00f3rka, kt\u00f3ra jest mulatk\u0105 i z tego powodu cz\u0119sto jest atakowana przez wyrostk\u00f3w. Kiedy zn\u00f3w na ulicy dosz\u0142o takiego rasistowskiego ataku, kobiety poprosi\u0142y o interwencj\u0119 policjant\u00f3w, znajduj\u0105cych si\u0119 w pobli\u017cu. &hellip; <a href=\"https:\/\/www.bezprawie.pl\/?p=61\">Czytaj dalej <span class=\"meta-nav\">&rarr;<\/span><\/a><\/p>\n","protected":false},"author":1,"featured_media":0,"comment_status":"open","ping_status":"open","sticky":false,"template":"","format":"standard","meta":{"footnotes":""},"categories":[7],"tags":[19,16],"class_list":["post-61","post","type-post","status-publish","format-standard","hentry","category-dzierzoniow","tag-pobicie","tag-policja"],"_links":{"self":[{"href":"https:\/\/www.bezprawie.pl\/index.php?rest_route=\/wp\/v2\/posts\/61","targetHints":{"allow":["GET"]}}],"collection":[{"href":"https:\/\/www.bezprawie.pl\/index.php?rest_route=\/wp\/v2\/posts"}],"about":[{"href":"https:\/\/www.bezprawie.pl\/index.php?rest_route=\/wp\/v2\/types\/post"}],"author":[{"embeddable":true,"href":"https:\/\/www.bezprawie.pl\/index.php?rest_route=\/wp\/v2\/users\/1"}],"replies":[{"embeddable":true,"href":"https:\/\/www.bezprawie.pl\/index.php?rest_route=%2Fwp%2Fv2%2Fcomments&post=61"}],"version-history":[{"count":3,"href":"https:\/\/www.bezprawie.pl\/index.php?rest_route=\/wp\/v2\/posts\/61\/revisions"}],"predecessor-version":[{"id":64,"href":"https:\/\/www.bezprawie.pl\/index.php?rest_route=\/wp\/v2\/posts\/61\/revisions\/64"}],"wp:attachment":[{"href":"https:\/\/www.bezprawie.pl\/index.php?rest_route=%2Fwp%2Fv2%2Fmedia&parent=61"}],"wp:term":[{"taxonomy":"category","embeddable":true,"href":"https:\/\/www.bezprawie.pl\/index.php?rest_route=%2Fwp%2Fv2%2Fcategories&post=61"},{"taxonomy":"post_tag","embeddable":true,"href":"https:\/\/www.bezprawie.pl\/index.php?rest_route=%2Fwp%2Fv2%2Ftags&post=61"}],"curies":[{"name":"wp","href":"https:\/\/api.w.org\/{rel}","templated":true}]}}