{"id":611,"date":"2017-01-03T19:23:41","date_gmt":"2017-01-03T19:23:41","guid":{"rendered":"http:\/\/www.bezprawie.pl\/?p=611"},"modified":"2017-01-03T19:23:41","modified_gmt":"2017-01-03T19:23:41","slug":"elk-miasto-opanowane-przez-faszystow","status":"publish","type":"post","link":"https:\/\/www.bezprawie.pl\/?p=611","title":{"rendered":"E\u0142k &#8211; miasto opanowane przez faszyst\u00f3w?"},"content":{"rendered":"<p>Relacja naocznego \u015bwiadka sylwestrowej tragedii w E\u0142ku rzuca nowe \u015bwiat\u0142o na to, co si\u0119 tam zdarzy\u0142o w ostatnich minutach roku 2016. &#8222;Mam nadziej\u0119, \u017ce to, co zaobserwowa\u0142em, pozwoli spojrze\u0107 na t\u0119 spraw\u0119 z innego punktu widzenia, mo\u017ce ci\u0119\u017cszego dla patriotycznego polskiego umys\u0142u, lecz chyba tego w\u0142a\u015bciwszego&#8221; \u2013 tak ko\u0144czy swoj\u0105 wstrz\u0105saj\u0105c\u0105 relacj\u0119.<\/p>\n<p>Daniel Janczyk swoj\u0105 opowie\u015b\u0107 na Facebooku rozpoczyna od deklaracji, \u017ce jest zwolennikiem ograniczania nap\u0142ywu uchod\u017ac\u00f3w do Europy i przeciwnikiem polityki Berlina i Pary\u017ca w tej kwestii. Podkre\u015bla jednak, \u017ce to, co widzia\u0142 w lokalu &#8222;Prince Kebab&#8221; w E\u0142ku w sylwestrowy wiecz\u00f3r, przedstawia racjonalnie i obiektywnie. Tragedia rozegra\u0142a si\u0119 oko\u0142o godziny 22.00, mieszkaniec E\u0142ku by\u0142 tam oko\u0142o 20.00. Go\u015bci w\u00f3wczas by\u0142o wielu, a w\u015br\u00f3d nich kilka pijanych os\u00f3b.<br \/>\n<em><br \/>\n&#8222;(&#8230;)posy\u0142ali raz po raz obra\u017aliwe s\u0142owa w kierunku pracownik\u00f3w. Jakie? Ano np. &#8222;Dawaj kur*o to jedzenie, tylko nie pluj, bo ci tym mord\u0119 wysmaruj\u0119&#8221;, albo &#8222;Ciapaku na kolana i do pana\u201d. Mimo tych uwag, pracownicy w milczeniu pracowali dalej&#8221;. <\/em><\/p>\n<p>Mieszkaniec E\u0142ku opisuje dalej, \u017ce wok\u00f3\u0142 by\u0142o bardzo g\u0142o\u015bno i ca\u0142y czas pod kebabem wybucha\u0142y petardy. Obs\u0142uga zachowywa\u0142a si\u0119 spokojnie i kulturalnie, ale pracownikom lokalu napi\u0119cie te\u017c si\u0119 udziela\u0142o. <\/p>\n<p><em>W pewnej chwili zauwa\u017cy\u0142em, \u017ce jeden z pracownik\u00f3w, nie wytrzymuj\u0105c ju\u017c chyba nerwowo tej sytuacji, wyszed\u0142 na zaplecze, sk\u0105d powr\u00f3ci\u0142 dopiero po d\u0142u\u017cszej chwili, najwidoczniej musia\u0142 och\u0142on\u0105\u0107.<\/em><\/p>\n<p>Pan Daniel kupowa\u0142 jedzenie na wynos. Kupi\u0142 i wyszed\u0142. I &#8211; jak pisze &#8211; po tym, co zobaczy\u0142, nie dziwi si\u0119, \u017ce zdarzenie mia\u0142o taki fina\u0142.<\/p>\n<p><em>Ja w przeciwie\u0144stwie do wi\u0119kszo\u015bci z was, nie widz\u0119 w mordercy obcokrajowca, Araba, lecz cz\u0142owieka, kt\u00f3remu, obra\u017canemu i szykanowanemu, pu\u015bci\u0142y nerwy. Zrozumcie te\u017c, \u017ce ja go nie broni\u0119, absolutnie, stwierdzam wy\u0142\u0105cznie fakty. Rozumiem doskonale, \u017ce \u0142atwiej przyj\u0105\u0107 postaw\u0119 w kt\u00f3rej Polacy s\u0105 m\u0119czennikami, a obcokrajowcy naje\u017ad\u017acami i agresorami. Jednak &#8211; jak to w przyrodzie &#8211; akcja rodzi reakcj\u0119: nie by\u0142oby zaczepek, nie by\u0142oby tak tragicznego ko\u0144ca. <\/em><\/p>\n<p>Mieszkaniec E\u0142ku swoj\u0105 relacj\u0119 ko\u0144czy stwierdzeniem, \u017ce Tunezyjczyk, kt\u00f3remu postawiono zarzut zab\u00f3jstwa, oczywi\u015bcie powinien zadzwoni\u0107 po policj\u0119, a nie samemu si\u0119ga\u0107 po n\u00f3\u017c. I oczywi\u015bcie, \u017ce za to, co zrobi\u0142, powinien zosta\u0107 skazany. <\/p>\n<p><em>Na kar\u0119 zas\u0142u\u017cy\u0142 jednak bezapelacyjnie. Szkoda m\u0142odego, ludzkiego \u017cycia. Niech ofiara spoczywa w pokoju. Mam nadziej\u0119, \u017ce to, co zaobserwowa\u0142em, pozwoli spojrze\u0107 na t\u0119 spraw\u0119 z innego punktu widzenia, mo\u017ce ci\u0119\u017cszego dla patriotycznego polskiego umys\u0142u, lecz chyba tego w\u0142a\u015bciwszego. <\/em><\/p>\n<p>Po tym, jak przed lokalem z kebabem zgin\u0105\u0142 21-latek, w mie\u015bcie dosz\u0142o do zamieszek. Policja sytuacj\u0119 opanowa\u0142a, ale napi\u0119cie trwa. Podsycaj\u0105 je \u015brodowiska nacjonalistyczne, mimo i\u017c rodzina zabitego apeluje o spok\u00f3j. <\/p>\n<p>26-letni Tunezyjczyk podejrzany o dokonanie zab\u00f3jstwa 21-letniego Polaka zosta\u0142 dzi\u015b tymczasowo aresztowany. <\/p>\n","protected":false},"excerpt":{"rendered":"<p>Relacja naocznego \u015bwiadka sylwestrowej tragedii w E\u0142ku rzuca nowe \u015bwiat\u0142o na to, co si\u0119 tam zdarzy\u0142o w ostatnich minutach roku 2016. &#8222;Mam nadziej\u0119, \u017ce to, co zaobserwowa\u0142em, pozwoli spojrze\u0107 na t\u0119 spraw\u0119 z innego punktu widzenia, mo\u017ce ci\u0119\u017cszego dla patriotycznego &hellip; <a href=\"https:\/\/www.bezprawie.pl\/?p=611\">Czytaj dalej <span class=\"meta-nav\">&rarr;<\/span><\/a><\/p>\n","protected":false},"author":1,"featured_media":0,"comment_status":"open","ping_status":"open","sticky":false,"template":"","format":"standard","meta":{"footnotes":""},"categories":[143],"tags":[145,144],"class_list":["post-611","post","type-post","status-publish","format-standard","hentry","category-elk","tag-nacjonalizm","tag-nienawisc"],"_links":{"self":[{"href":"https:\/\/www.bezprawie.pl\/index.php?rest_route=\/wp\/v2\/posts\/611","targetHints":{"allow":["GET"]}}],"collection":[{"href":"https:\/\/www.bezprawie.pl\/index.php?rest_route=\/wp\/v2\/posts"}],"about":[{"href":"https:\/\/www.bezprawie.pl\/index.php?rest_route=\/wp\/v2\/types\/post"}],"author":[{"embeddable":true,"href":"https:\/\/www.bezprawie.pl\/index.php?rest_route=\/wp\/v2\/users\/1"}],"replies":[{"embeddable":true,"href":"https:\/\/www.bezprawie.pl\/index.php?rest_route=%2Fwp%2Fv2%2Fcomments&post=611"}],"version-history":[{"count":1,"href":"https:\/\/www.bezprawie.pl\/index.php?rest_route=\/wp\/v2\/posts\/611\/revisions"}],"predecessor-version":[{"id":612,"href":"https:\/\/www.bezprawie.pl\/index.php?rest_route=\/wp\/v2\/posts\/611\/revisions\/612"}],"wp:attachment":[{"href":"https:\/\/www.bezprawie.pl\/index.php?rest_route=%2Fwp%2Fv2%2Fmedia&parent=611"}],"wp:term":[{"taxonomy":"category","embeddable":true,"href":"https:\/\/www.bezprawie.pl\/index.php?rest_route=%2Fwp%2Fv2%2Fcategories&post=611"},{"taxonomy":"post_tag","embeddable":true,"href":"https:\/\/www.bezprawie.pl\/index.php?rest_route=%2Fwp%2Fv2%2Ftags&post=611"}],"curies":[{"name":"wp","href":"https:\/\/api.w.org\/{rel}","templated":true}]}}