{"id":625,"date":"2017-02-19T17:24:11","date_gmt":"2017-02-19T17:24:11","guid":{"rendered":"http:\/\/www.bezprawie.pl\/?p=625"},"modified":"2017-02-19T17:24:11","modified_gmt":"2017-02-19T17:24:11","slug":"spozniona-sprawiedliwosc-po-21-latach-odzyskal-niecaly-1-mln-zl-wczesniej-stracil-firme-majatek-i-zone","status":"publish","type":"post","link":"https:\/\/www.bezprawie.pl\/?p=625","title":{"rendered":"Sp\u00f3\u017aniona sprawiedliwo\u015b\u0107. Po 21 latach odzyska\u0142 nieca\u0142y 1 mln z\u0142. Wcze\u015bniej straci\u0142 firm\u0119, maj\u0105tek i \u017con\u0119"},"content":{"rendered":"<p>Przez bezprawnie naliczony przed laty podatek Jaros\u0142aw Chojnacki straci\u0142 przedsi\u0119biorstwo, dom, ca\u0142y maj\u0105tek i \u017con\u0119, kt\u00f3ra z powodu problem\u00f3w finansowych pope\u0142ni\u0142a samob\u00f3jstwo. Po 21 latach walki z urz\u0119dnikami celnymi wsp\u00f3\u0142w\u0142a\u015bcicielowi firmy Cristhine zwr\u00f3cono nadp\u0142acony podatek akcyzowy &#8211; nieca\u0142y 1 mln z\u0142 &#8211; plus cz\u0119\u015b\u0107 odsetek. <\/p>\n<p>Teraz Jaros\u0142aw Chojnacki za\u0142o\u017cyciel firmy Cristhine postanowi\u0142 doprowadzi\u0107 do tego, by urz\u0119dnicy gdy\u0144skiej Izby Celnej (to s\u0142u\u017cby celne zajmuj\u0105 si\u0119 podatkiem akcyzowym), kt\u00f3rzy doprowadzili do upadku jego firm\u0119, ponie\u015bli odpowiedzialno\u015b\u0107 karn\u0105 i odszkodowawcz\u0105. Wyst\u0105pi\u0142 na drog\u0119 s\u0105dow\u0105.<\/p>\n<p>Przedsi\u0119biorstwo zajmuj\u0105ce si\u0119 konfekcjonowaniem kosmetyk\u00f3w prowadzi\u0142 w Kartuzach wraz z \u017con\u0105 Krystyn\u0105. To ona opowiedzia\u0142a mi histori\u0119 ich firmy i poprosi\u0142a o dziennikarsk\u0105 interwencj\u0119. Tak powsta\u0142 m\u00f3j, jak si\u0119 okaza\u0142o, sp\u00f3\u017aniony reporta\u017c \u201eJedna firma, jedno \u017cycie\u201d.<\/p>\n<p><strong>Ostatni mail od Krystyny<\/strong><\/p>\n<p>Maj 2014 rok. \u201eOstatni\u0105 rzecz\u0105, kt\u00f3r\u0105 napisa\u0142a moja ma\u0142\u017conka, by\u0142 mail do Pani. Uwa\u017ca\u0142a, \u017ce niesprawiedliwo\u015b\u0107 dzieje si\u0119 g\u0142\u00f3wnie w zaciszu gabinet\u00f3w urz\u0119dniczych i wyg\u0142uszonych sal s\u0105dowych, dlatego bardzo liczy\u0142a na opublikowanie Pani artyku\u0142u w \u00bbGazecie Wyborczej\u00ab. Dzisiaj ju\u017c nie \u017cyje, umar\u0142a w poczuciu niewyobra\u017calnej niesprawiedliwo\u015bci. Prosz\u0119 Pani\u0105 o kontynuowanie sprawy\u201d \u2013 napisa\u0142 do mnie Jaros\u0142aw Chojnacki dzie\u0144 po \u015bmierci \u017cony.<br \/>\nKonfekcjonowanie nie produkcja<\/p>\n<p>Chojnaccy w kosmetyczny biznes weszli na pocz\u0105tku lat 90. Zachodni puder w du\u017cych bry\u0142ach, tusz do rz\u0119s i szmink\u0119 przepakowywali do eleganckich opakowa\u0144 z logo swojej firmy. Sprzedawa\u0142y si\u0119.<\/p>\n<p>To by\u0142 pierwszy rok obowi\u0105zywania akcyzy w III RP. To podatek po\u015bredni na\u0142o\u017cony na niekt\u00f3re wyroby konsumpcyjne.<\/p>\n<p>P\u0142ac\u0105 go kupuj\u0105cy, bo wliczany jest w cen\u0119. Kosmetyki to towar akcyzowy. \u2013 Biznes szed\u0142 \u015bwietnie. Do momentu, kiedy pod koniec 1993 r. nasz\u0105 firm\u0119 ob\u0142o\u017cono bezprawnie podatkiem akcyzowym, chocia\u017c my nie produkowali\u015bmy kosmetyk\u00f3w, a jedynie je konfekcjonowali\u015bmy &#8211; opowiada Chojnacki.<\/p>\n<p>\u2013 To, \u017ce nie \u0142amali\u015bmy przepis\u00f3w, we wrze\u015bniu 1993 r. potwierdzi\u0142 Urz\u0105d Skarbowy w Kartuzach. Ale trzy miesi\u0105ce p\u00f3\u017aniej, w grudniu, urz\u0119dnicy zmienili zdanie i naliczono nam 580 mln starych z\u0142otych podatku. Od razu zablokowano konta bankowe i zabrano z nich pieni\u0105dze.<\/p>\n<p>Pierwszy raz z potyczki z fiskusem Chojnackim uda\u0142o si\u0119 wyj\u015b\u0107 ca\u0142o. Naczelny S\u0105d Administracyjny uchyli\u0142 wtedy decyzj\u0119 urz\u0119du. Skarb\u00f3wka si\u0119 z nimi rozliczy\u0142a.<\/p>\n<p>Ale w maju 1996 r. Ministerstwo Finans\u00f3w wyda\u0142o rozporz\u0105dzenie, kt\u00f3re m\u00f3wi\u0142o o tym, \u017ce ci, kt\u00f3rzy \u201epowi\u0119kszaj\u0105 warto\u015b\u0107 wyrob\u00f3w&#8221;, musz\u0105 odprowadza\u0107 akcyz\u0119. Chojnaccy nie wiedzieli, czy powi\u0119kszaj\u0105, wi\u0119c poprosili ministra finans\u00f3w o wyk\u0142adni\u0119 prawn\u0105. Dowiedzieli si\u0119, \u017ce maj\u0105 p\u0142aci\u0107 wysok\u0105 akcyz\u0119.<\/p>\n<p>Co ciekawe, Chojnaccy pokazali mi decyzje skarb\u00f3wki dotycz\u0105ce innych firm \u00f3wcze\u015bnie konfekcjonuj\u0105cych kosmetyki, z kt\u00f3rych wynika\u0142o, \u017ce otrzyma\u0142y inn\u0105 interpretacj\u0119 przepis\u00f3w, albo wprost umarzano im podatek.<\/p>\n<p>Chojnaccy nie wytrzymywali konkurencji. Brali kredyty, by odprowadza\u0107 akcyz\u0119. Popadli w k\u0142opoty finansowe. I dalej walczyli przed s\u0105dami administracyjnymi, wydaj\u0105c pieni\u0105dze na prawnik\u00f3w.<\/p>\n<p>gazeta.pl<\/p>\n","protected":false},"excerpt":{"rendered":"<p>Przez bezprawnie naliczony przed laty podatek Jaros\u0142aw Chojnacki straci\u0142 przedsi\u0119biorstwo, dom, ca\u0142y maj\u0105tek i \u017con\u0119, kt\u00f3ra z powodu problem\u00f3w finansowych pope\u0142ni\u0142a samob\u00f3jstwo. Po 21 latach walki z urz\u0119dnikami celnymi wsp\u00f3\u0142w\u0142a\u015bcicielowi firmy Cristhine zwr\u00f3cono nadp\u0142acony podatek akcyzowy &#8211; nieca\u0142y 1 mln &hellip; <a href=\"https:\/\/www.bezprawie.pl\/?p=625\">Czytaj dalej <span class=\"meta-nav\">&rarr;<\/span><\/a><\/p>\n","protected":false},"author":1,"featured_media":0,"comment_status":"open","ping_status":"open","sticky":false,"template":"","format":"standard","meta":{"footnotes":""},"categories":[27,24],"tags":[148,149],"class_list":["post-625","post","type-post","status-publish","format-standard","hentry","category-gdynia","category-pomorskie","tag-nsa","tag-uc"],"_links":{"self":[{"href":"https:\/\/www.bezprawie.pl\/index.php?rest_route=\/wp\/v2\/posts\/625","targetHints":{"allow":["GET"]}}],"collection":[{"href":"https:\/\/www.bezprawie.pl\/index.php?rest_route=\/wp\/v2\/posts"}],"about":[{"href":"https:\/\/www.bezprawie.pl\/index.php?rest_route=\/wp\/v2\/types\/post"}],"author":[{"embeddable":true,"href":"https:\/\/www.bezprawie.pl\/index.php?rest_route=\/wp\/v2\/users\/1"}],"replies":[{"embeddable":true,"href":"https:\/\/www.bezprawie.pl\/index.php?rest_route=%2Fwp%2Fv2%2Fcomments&post=625"}],"version-history":[{"count":1,"href":"https:\/\/www.bezprawie.pl\/index.php?rest_route=\/wp\/v2\/posts\/625\/revisions"}],"predecessor-version":[{"id":626,"href":"https:\/\/www.bezprawie.pl\/index.php?rest_route=\/wp\/v2\/posts\/625\/revisions\/626"}],"wp:attachment":[{"href":"https:\/\/www.bezprawie.pl\/index.php?rest_route=%2Fwp%2Fv2%2Fmedia&parent=625"}],"wp:term":[{"taxonomy":"category","embeddable":true,"href":"https:\/\/www.bezprawie.pl\/index.php?rest_route=%2Fwp%2Fv2%2Fcategories&post=625"},{"taxonomy":"post_tag","embeddable":true,"href":"https:\/\/www.bezprawie.pl\/index.php?rest_route=%2Fwp%2Fv2%2Ftags&post=625"}],"curies":[{"name":"wp","href":"https:\/\/api.w.org\/{rel}","templated":true}]}}