{"id":628,"date":"2017-02-27T07:22:29","date_gmt":"2017-02-27T07:22:29","guid":{"rendered":"http:\/\/www.bezprawie.pl\/?p=628"},"modified":"2017-02-27T07:22:29","modified_gmt":"2017-02-27T07:22:29","slug":"newsweek-prezes-pis-interweniowal-ws-ziecia-lecha-kaczynskiego","status":"publish","type":"post","link":"https:\/\/www.bezprawie.pl\/?p=628","title":{"rendered":"&#8222;Newsweek&#8221;: Prezes PiS interweniowa\u0142 ws. zi\u0119cia Lecha Kaczy\u0144skiego"},"content":{"rendered":"<p>Jaros\u0142aw Kaczy\u0144ski pyta\u0142 Zbigniewa Ziobr\u0119, dlaczego m\u0105\u017c jego bratanicy zosta\u0142 zatrzymany akurat w czasie kampanii parlamentarnej oraz dlaczego nie wolno mu wyje\u017cd\u017ca\u0107 z Polski &#8211; ustali\u0142 &#8222;Newsweek&#8221;.<\/p>\n<p>W najnowszym &#8222;Newsweeku&#8221; przeczytamy o kulisach \u015bledztwa przeciwko by\u0142emu m\u0119\u017cowi Marty Kaczy\u0144skiej Marcinowi Dubienieckiemu. By\u0142y zi\u0119\u0107 nie\u017cyj\u0105cego Lecha Kaczy\u0144skiego jest podejrzewany o kierowanie grup\u0105 przest\u0119pcz\u0105, kt\u00f3ra wy\u0142udzi\u0142a 14 milion\u00f3w z Pa\u0144stwowego Funduszu Rehabilitacji Os\u00f3b Niepe\u0142nosprawnych. M\u0119\u017cczyzna sp\u0119dzi\u0142 14 miesi\u0119cy w areszcie, ci\u0105\u017cy na nim te\u017c zakaz wyje\u017cd\u017cania z kraju.<\/p>\n<p>Dubieniecki mia\u0142 powiedzie\u0107 &#8222;Newsweekowi&#8221;, \u017ce kiedy prosi\u0142 o uchylenie zakazu, prokurator sugerowa\u0142 mu, \u017ce &#8222;dobrze by by\u0142o, gdyby takie polecenie przysz\u0142o z samej g\u00f3ry&#8221;. Tego samego dnia prezes PiS Jaros\u0142aw Kaczy\u0144ski mia\u0142 wys\u0142a\u0107 pismo do Zbigniewa Ziobry, w kt\u00f3rym pyta\u0142 m.in. o powody zatrzymania Dubienieckiego w czasie kampanii parlamentarnej, o powody na\u0142o\u017cenia na niego zakazu wyjazdu za granic\u0119 i o &#8222;wytwarzanie dokument\u00f3w mog\u0105cych obci\u0105\u017cy\u0107 jego najbli\u017cszych&#8221;.<\/p>\n<p>Wed\u0142ug &#8222;Newsweeka&#8221; na pytania odpowiedzia\u0142 Bogdan \u015awi\u0119czkowski. Prokuratura odm\u00f3wi\u0142a pokazania pisma, ale przekonuje, \u017ce \u015awi\u0119czkowski nie ujawni\u0142 \u017cadnych informacji ze \u015bledztwa. Tygodnik przyjrza\u0142 si\u0119 te\u017c osobie Barbary Pankiewicz &#8211; s\u0119dzi, kt\u00f3ra trzykrotnie &#8211; co w praktyce zdarza si\u0119 bardzo rzadko &#8211; orzeka\u0142a ws. aresztu dla podejrzanego.<\/p>\n<p>gazeta.pl<\/p>\n","protected":false},"excerpt":{"rendered":"<p>Jaros\u0142aw Kaczy\u0144ski pyta\u0142 Zbigniewa Ziobr\u0119, dlaczego m\u0105\u017c jego bratanicy zosta\u0142 zatrzymany akurat w czasie kampanii parlamentarnej oraz dlaczego nie wolno mu wyje\u017cd\u017ca\u0107 z Polski &#8211; ustali\u0142 &#8222;Newsweek&#8221;. W najnowszym &#8222;Newsweeku&#8221; przeczytamy o kulisach \u015bledztwa przeciwko by\u0142emu m\u0119\u017cowi Marty Kaczy\u0144skiej Marcinowi &hellip; <a href=\"https:\/\/www.bezprawie.pl\/?p=628\">Czytaj dalej <span class=\"meta-nav\">&rarr;<\/span><\/a><\/p>\n","protected":false},"author":1,"featured_media":0,"comment_status":"open","ping_status":"open","sticky":false,"template":"","format":"standard","meta":{"footnotes":""},"categories":[3],"tags":[28,132,150,93,17],"class_list":["post-628","post","type-post","status-publish","format-standard","hentry","category-polska","tag-korupcja","tag-nepotyzm","tag-pis","tag-prokurator","tag-prokuratura"],"_links":{"self":[{"href":"https:\/\/www.bezprawie.pl\/index.php?rest_route=\/wp\/v2\/posts\/628","targetHints":{"allow":["GET"]}}],"collection":[{"href":"https:\/\/www.bezprawie.pl\/index.php?rest_route=\/wp\/v2\/posts"}],"about":[{"href":"https:\/\/www.bezprawie.pl\/index.php?rest_route=\/wp\/v2\/types\/post"}],"author":[{"embeddable":true,"href":"https:\/\/www.bezprawie.pl\/index.php?rest_route=\/wp\/v2\/users\/1"}],"replies":[{"embeddable":true,"href":"https:\/\/www.bezprawie.pl\/index.php?rest_route=%2Fwp%2Fv2%2Fcomments&post=628"}],"version-history":[{"count":1,"href":"https:\/\/www.bezprawie.pl\/index.php?rest_route=\/wp\/v2\/posts\/628\/revisions"}],"predecessor-version":[{"id":629,"href":"https:\/\/www.bezprawie.pl\/index.php?rest_route=\/wp\/v2\/posts\/628\/revisions\/629"}],"wp:attachment":[{"href":"https:\/\/www.bezprawie.pl\/index.php?rest_route=%2Fwp%2Fv2%2Fmedia&parent=628"}],"wp:term":[{"taxonomy":"category","embeddable":true,"href":"https:\/\/www.bezprawie.pl\/index.php?rest_route=%2Fwp%2Fv2%2Fcategories&post=628"},{"taxonomy":"post_tag","embeddable":true,"href":"https:\/\/www.bezprawie.pl\/index.php?rest_route=%2Fwp%2Fv2%2Ftags&post=628"}],"curies":[{"name":"wp","href":"https:\/\/api.w.org\/{rel}","templated":true}]}}